{"id":144460,"date":"2021-11-05T13:21:17","date_gmt":"2021-11-05T13:21:17","guid":{"rendered":"https:\/\/admin.industriall-union.org\/une-declaration-sur-la-transition-juste-adoptee-a-la-cop26\/"},"modified":"2025-01-28T06:33:58","modified_gmt":"2025-01-28T06:33:58","slug":"une-declaration-sur-la-transition-juste-adoptee-a-la-cop26","status":"publish","type":"article","link":"https:\/\/admin.industriall-union.org\/fr\/une-declaration-sur-la-transition-juste-adoptee-a-la-cop26\/","title":{"rendered":"Une d\u00e9claration sur la Transition juste adopt\u00e9e \u00e0 la COP26"},"content":{"rendered":"<p>Cette <a href=\"https:\/\/ukcop26.org\/supporting-the-conditions-for-a-just-transition-internationally\/\">D\u00e9claration<\/a> a \u00e9t\u00e9 sign\u00e9e par des pays du Nord ayant le poids n\u00e9cessaire pour en faire une r\u00e9alit\u00e9, dont les \u00c9tats-Unis, le Canada, le Royaume-Uni, la Commission europ\u00e9enne et plusieurs pays europ\u00e9ens \u00e0 titre individuel. Ces pays riches se sont engag\u00e9s \u00e0 financer les efforts des pays pauvres en mati\u00e8re de d\u00e9carbonation et d&#039;att\u00e9nuation du changement climatique, un financement qui r\u00e9pondra dor\u00e9navant au principe de la Transition juste.&nbsp;<\/p><p>Ils appliqueront aussi les principes de la d\u00e9claration dans leurs plans nationaux pour la Transition juste.<\/p><p>Le texte de cette d\u00e9claration a \u00e9t\u00e9 pr\u00e9par\u00e9 en \u00e9troite collaboration par la direction du gouvernement britannique en charge de la Transition juste, la CSI, IndustriALL Global Union et IndustriALL Europe.<\/p><p>Elle s&#039;appuie sur l&#039;Accord de Paris, les <a href=\"https:\/\/www.ilo.org\/wcmsp5\/groups\/public\/---ed_emp\/---emp_ent\/documents\/publication\/wcms_432859.pdf\">Principes directeurs pour une Transition juste<\/a> de l&#039;Organisation internationale du travail (OIT) et la <a href=\"https:\/\/cop24.gov.pl\/fileadmin\/user_upload\/Solidarity_and_Just_Transition_Silesia_Declaration_2_.pdf\">D\u00e9claration de Sil\u00e9sie<\/a> qu&#039;avait adopt\u00e9e la COP24 \u00e0 Katowice, en Pologne.<\/p><p>Elle constate que les effets du changement climatique et de la d\u00e9carbonation de l&#039;\u00e9conomie vont peser d&#039;un poids disproportionn\u00e9 sur les travailleurs pauvres et pr\u00e9caires, sur les industries grandes productrices de carbone et sur les pays d\u00e9pendant des combustibles fossiles, et qu&#039;ils risquent d&#039;exacerber les in\u00e9galit\u00e9s de genre, de race, d&#039;\u00e2ge et autres. Son but est d&#039;emp\u00eacher que personne ne soit laiss\u00e9 pour compte \u00e0 mesure que le monde op\u00e8re sa transition vers une \u00e9conomie respectueuse du climat.&nbsp;<\/p><p>Les principes de la d\u00e9claration sont :<\/p><ul><li>Soutenir les travailleurs dans la transition vers de nouveaux emplois<\/li><li>Soutenir et promouvoir le dialogue social et l&#039;engagement des parties prenantes<\/li><li>Des strat\u00e9gies \u00e9conomiques conduisant \u00e0 un d\u00e9veloppement durable, notamment par un soutien aux pays d\u00e9pendant des combustibles fossiles pour diversifier leurs \u00e9conomies<\/li><li>La cr\u00e9ation d&#039;emplois locaux, inclusifs et d\u00e9cents, de fa\u00e7on \u00e0 \u00e9viter une externalisation des nouveaux emplois verts<\/li><li>Les principes de la Transition juste doivent s&#039;appliquer tout au long de la cha\u00eene d&#039;approvisionnement, sur la base des normes de diligence raisonnable reconnues<\/li><li>L&#039;engagement de rendre compte des progr\u00e8s r\u00e9alis\u00e9s en mati\u00e8re de Transition juste dans le cadre de l&#039;Accord de Paris et des Contributions d\u00e9termin\u00e9es au niveau national.<\/li><\/ul><p>Le secr\u00e9taire g\u00e9n\u00e9ral adjoint d&#039;IndustriALL Kemal \u00d6zkan a d\u00e9clar\u00e9 :<\/p><blockquote><p>&ldquo;Toutes les parties parlent de la Transition juste \u00e0 cette COP. C&#039;est en soi une grande victoire pour nous, et cela montre que nos interventions ont port\u00e9. Mais le d\u00e9bat sur l&#039;interpr\u00e9tation des termes continue, pour s&#039;assurer que nous parlons des m\u00eames choses. Aussi, les d\u00e9tails de la mise en pratique de la Transition juste restent flous.<\/p><p>&ldquo;Cette d\u00e9claration constitue un pr\u00e9c\u00e9dent tr\u00e8s important. Il faut que, dans tous les pays, les syndicats la diffusent largement et veillent \u00e0 ce que leurs gouvernements, les entreprises et les autres parties prenantes comprennent bien son contenu, et ils doivent multiplier les actions de lobbying pour faire en sorte que ces principes ainsi que les Principes directeurs de l&#039;OIT soient respect\u00e9s.&rdquo;<\/p><\/blockquote><p>La secr\u00e9taire g\u00e9n\u00e9rale adjointe d&#039;IndustriALL Europe Judith Kirton-Darling a ajout\u00e9 :<\/p><blockquote><p>&ldquo;Il ne s&#039;agit pas seulement d&#039;une d\u00e9claration de plus. Il est question d&#039;engagements clairs pris par les gouvernements en faveur d&#039;un dialogue social effectif avec les travailleurs et de l&#039;acceptation par ces gouvernements de leur responsabilit\u00e9 et de l&#039;obligation de rendre compte de la mise en \u0153uvre des principes pour une Transition juste en application du m\u00e9canisme de r\u00e9vision de l&#039;Accord de Paris. Les syndicats attendent beaucoup des gouvernements et ils demandent \u00e0 \u00eatre pleinement impliqu\u00e9s.&rdquo;<\/p><\/blockquote><p>Cette d\u00e9claration fait suite \u00e0 des ann\u00e9es de campagne de lobbying intense du mouvement syndical. La semaine derni\u00e8re, IndustriALL Global Union et IndustriALL Europe ont publi\u00e9 une <a href=\"https:\/\/news.industriall-europe.eu\/content\/documents\/upload\/2021\/11\/637716423455137853_joint_declaration_cop26_industriall_europe-global_amendments29102021_clean.pdf\">d\u00e9claration commune<\/a> appelant les gouvernements \u00e0 aller au-del\u00e0 des mots et des \u00e9crits et \u00e0 mettre en \u0153uvre une Transition juste avec des mesures concr\u00e8tes et qui respectent le dialogue social et la participation des travailleurs.<\/p><figure class=\"imageArticle imageMedium\"><img decoding=\"async\" alt=\"\" src=\"\/wp-content\/uploads\/images\/2021\/UK\/COP26\/joint_meeting.jpg\" style=\"width: 600px;height: 450px\" \/><figcaption class=\"imageContent\"><div class=\"imageCaption\"><p>Les participants \u00e0 une r\u00e9union de la COP26 sur la Transition juste au si\u00e8ge de Unite the Union<\/p><\/div><\/figcaption><\/figure><p>Cette semaine, les syndicats ont organis\u00e9 une s\u00e9rie de manifestations en marge de la COP26 afin de promouvoir les initiatives pour une Transition juste. \u00c0 la Journ\u00e9e de l&#039;\u00e9nergie du 4 novembre, les parties ont annonc\u00e9 un partenariat pour la d\u00e9carbonation \u00e0 hauteur de 8,5 milliards $ pour le secteur de l&#039;\u00e9nergie sud-africain, <a href=\"http:\/\/www.industriall-union.org\/unions-uneasy-over-south-african-just-transition-finance-deal-announced-at-cop26\">qui a re\u00e7u un accueil mitig\u00e9<\/a> des syndicats. Ils suivront de pr\u00e8s l&#039;\u00e9volution de la situation en Afrique du Sud parce qu&#039;elle constitue un bon cas d&#039;\u00e9cole pour un processus de Transition juste international \u00e0 grande \u00e9chelle.<\/p><p>IndustriALL Global Union et IndustriALL Europe se r\u00e9jouissent de discuter plus en d\u00e9tail de la Transition juste \u00e0 la manifestation parall\u00e8le qu&#039;ils organisent ensemble au Pavillon de l&#039;UE mercredi 10 novembre en pr\u00e9sence de syndicats, d&#039;employeurs, de politiciens et de la Commission europ\u00e9enne.<\/p>","protected":false},"featured_media":0,"template":"","issues":[393],"companies":[],"regions":[202,251],"sectors":[],"article_tags":[507],"class_list":["post-144460","article","type-article","status-publish","hentry","issues-climate-change-just-transition","regions-europe","regions-united-kingdom","article_tags-cop"],"acf":[],"yoast_head":"<!-- This site is optimized with the Yoast SEO Premium plugin v27.1 (Yoast SEO v27.1) - https:\/\/yoast.com\/product\/yoast-seo-premium-wordpress\/ -->\n<title>Une d\u00e9claration sur la Transition juste adopt\u00e9e \u00e0 la COP26 - industriall-union<\/title>\n<meta name=\"description\" content=\"Cette D\u00e9claration a \u00e9t\u00e9 sign\u00e9e par des pays du Nord ayant le poids n\u00e9cessaire pour en faire une r\u00e9alit\u00e9, dont les \u00c9tats-Unis, le Canada, le Royaume-Uni,\" \/>\n<meta name=\"robots\" content=\"index, follow, max-snippet:-1, max-image-preview:large, max-video-preview:-1\" \/>\n<link rel=\"canonical\" href=\"https:\/\/admin.industriall-union.org\/fr\/une-declaration-sur-la-transition-juste-adoptee-a-la-cop26\/\" \/>\n<meta property=\"og:locale\" content=\"fr_FR\" \/>\n<meta property=\"og:type\" content=\"article\" \/>\n<meta property=\"og:title\" content=\"Une d\u00e9claration sur la Transition juste adopt\u00e9e \u00e0 la COP26\" \/>\n<meta property=\"og:description\" content=\"Cette D\u00e9claration a \u00e9t\u00e9 sign\u00e9e par des pays du Nord ayant le poids n\u00e9cessaire pour en faire une r\u00e9alit\u00e9, dont les \u00c9tats-Unis, le Canada, le Royaume-Uni,\" \/>\n<meta property=\"og:url\" content=\"https:\/\/admin.industriall-union.org\/fr\/une-declaration-sur-la-transition-juste-adoptee-a-la-cop26\/\" \/>\n<meta property=\"og:site_name\" content=\"industriall-union\" \/>\n<meta property=\"article:modified_time\" content=\"2025-01-28T06:33:58+00:00\" \/>\n<meta name=\"twitter:card\" content=\"summary_large_image\" \/>\n<meta name=\"twitter:label1\" content=\"Est. reading time\" \/>\n\t<meta name=\"twitter:data1\" content=\"4 minutes\" \/>\n<script type=\"application\/ld+json\" class=\"yoast-schema-graph\">{\"@context\":\"https:\/\/schema.org\",\"@graph\":[{\"@type\":\"WebPage\",\"@id\":\"https:\/\/admin.industriall-union.org\/fr\/une-declaration-sur-la-transition-juste-adoptee-a-la-cop26\/\",\"url\":\"https:\/\/admin.industriall-union.org\/fr\/une-declaration-sur-la-transition-juste-adoptee-a-la-cop26\/\",\"name\":\"Une d\u00e9claration sur la Transition juste adopt\u00e9e \u00e0 la COP26 - industriall-union\",\"isPartOf\":{\"@id\":\"https:\/\/admin.industriall-union.org\/#website\"},\"datePublished\":\"2021-11-05T13:21:17+00:00\",\"dateModified\":\"2025-01-28T06:33:58+00:00\",\"description\":\"Cette D\u00e9claration a \u00e9t\u00e9 sign\u00e9e par des pays du Nord ayant le poids n\u00e9cessaire pour en faire une r\u00e9alit\u00e9, dont les \u00c9tats-Unis, le Canada, le Royaume-Uni,\",\"breadcrumb\":{\"@id\":\"https:\/\/admin.industriall-union.org\/fr\/une-declaration-sur-la-transition-juste-adoptee-a-la-cop26\/#breadcrumb\"},\"inLanguage\":\"fr-FR\",\"potentialAction\":[{\"@type\":\"ReadAction\",\"target\":[\"https:\/\/admin.industriall-union.org\/fr\/une-declaration-sur-la-transition-juste-adoptee-a-la-cop26\/\"]}]},{\"@type\":\"BreadcrumbList\",\"@id\":\"https:\/\/admin.industriall-union.org\/fr\/une-declaration-sur-la-transition-juste-adoptee-a-la-cop26\/#breadcrumb\",\"itemListElement\":[{\"@type\":\"ListItem\",\"position\":1,\"name\":\"Home\",\"item\":\"https:\/\/admin.industriall-union.org\/\"},{\"@type\":\"ListItem\",\"position\":2,\"name\":\"Articles\",\"item\":\"https:\/\/admin.industriall-union.org\/article\/\"},{\"@type\":\"ListItem\",\"position\":3,\"name\":\"Une d\u00e9claration sur la Transition juste adopt\u00e9e \u00e0 la COP26\"}]},{\"@type\":\"WebSite\",\"@id\":\"https:\/\/admin.industriall-union.org\/#website\",\"url\":\"https:\/\/admin.industriall-union.org\/\",\"name\":\"industriall-union\",\"description\":\"\",\"potentialAction\":[{\"@type\":\"SearchAction\",\"target\":{\"@type\":\"EntryPoint\",\"urlTemplate\":\"https:\/\/admin.industriall-union.org\/?s={search_term_string}\"},\"query-input\":{\"@type\":\"PropertyValueSpecification\",\"valueRequired\":true,\"valueName\":\"search_term_string\"}}],\"inLanguage\":\"fr-FR\"}]}<\/script>\n<!-- \/ Yoast SEO Premium plugin. -->","yoast_head_json":{"title":"Une d\u00e9claration sur la Transition juste adopt\u00e9e \u00e0 la COP26 - industriall-union","description":"Cette D\u00e9claration a \u00e9t\u00e9 sign\u00e9e par des pays du Nord ayant le poids n\u00e9cessaire pour en faire une r\u00e9alit\u00e9, dont les \u00c9tats-Unis, le Canada, le Royaume-Uni,","robots":{"index":"index","follow":"follow","max-snippet":"max-snippet:-1","max-image-preview":"max-image-preview:large","max-video-preview":"max-video-preview:-1"},"canonical":"https:\/\/admin.industriall-union.org\/fr\/une-declaration-sur-la-transition-juste-adoptee-a-la-cop26\/","og_locale":"fr_FR","og_type":"article","og_title":"Une d\u00e9claration sur la Transition juste adopt\u00e9e \u00e0 la COP26","og_description":"Cette D\u00e9claration a \u00e9t\u00e9 sign\u00e9e par des pays du Nord ayant le poids n\u00e9cessaire pour en faire une r\u00e9alit\u00e9, dont les \u00c9tats-Unis, le Canada, le Royaume-Uni,","og_url":"https:\/\/admin.industriall-union.org\/fr\/une-declaration-sur-la-transition-juste-adoptee-a-la-cop26\/","og_site_name":"industriall-union","article_modified_time":"2025-01-28T06:33:58+00:00","twitter_card":"summary_large_image","twitter_misc":{"Est. reading time":"4 minutes"},"schema":{"@context":"https:\/\/schema.org","@graph":[{"@type":"WebPage","@id":"https:\/\/admin.industriall-union.org\/fr\/une-declaration-sur-la-transition-juste-adoptee-a-la-cop26\/","url":"https:\/\/admin.industriall-union.org\/fr\/une-declaration-sur-la-transition-juste-adoptee-a-la-cop26\/","name":"Une d\u00e9claration sur la Transition juste adopt\u00e9e \u00e0 la COP26 - industriall-union","isPartOf":{"@id":"https:\/\/admin.industriall-union.org\/#website"},"datePublished":"2021-11-05T13:21:17+00:00","dateModified":"2025-01-28T06:33:58+00:00","description":"Cette D\u00e9claration a \u00e9t\u00e9 sign\u00e9e par des pays du Nord ayant le poids n\u00e9cessaire pour en faire une r\u00e9alit\u00e9, dont les \u00c9tats-Unis, le Canada, le Royaume-Uni,","breadcrumb":{"@id":"https:\/\/admin.industriall-union.org\/fr\/une-declaration-sur-la-transition-juste-adoptee-a-la-cop26\/#breadcrumb"},"inLanguage":"fr-FR","potentialAction":[{"@type":"ReadAction","target":["https:\/\/admin.industriall-union.org\/fr\/une-declaration-sur-la-transition-juste-adoptee-a-la-cop26\/"]}]},{"@type":"BreadcrumbList","@id":"https:\/\/admin.industriall-union.org\/fr\/une-declaration-sur-la-transition-juste-adoptee-a-la-cop26\/#breadcrumb","itemListElement":[{"@type":"ListItem","position":1,"name":"Home","item":"https:\/\/admin.industriall-union.org\/"},{"@type":"ListItem","position":2,"name":"Articles","item":"https:\/\/admin.industriall-union.org\/article\/"},{"@type":"ListItem","position":3,"name":"Une d\u00e9claration sur la Transition juste adopt\u00e9e \u00e0 la COP26"}]},{"@type":"WebSite","@id":"https:\/\/admin.industriall-union.org\/#website","url":"https:\/\/admin.industriall-union.org\/","name":"industriall-union","description":"","potentialAction":[{"@type":"SearchAction","target":{"@type":"EntryPoint","urlTemplate":"https:\/\/admin.industriall-union.org\/?s={search_term_string}"},"query-input":{"@type":"PropertyValueSpecification","valueRequired":true,"valueName":"search_term_string"}}],"inLanguage":"fr-FR"}]}},"_links":{"self":[{"href":"https:\/\/admin.industriall-union.org\/fr\/wp-json\/wp\/v2\/article\/144460","targetHints":{"allow":["GET"]}}],"collection":[{"href":"https:\/\/admin.industriall-union.org\/fr\/wp-json\/wp\/v2\/article"}],"about":[{"href":"https:\/\/admin.industriall-union.org\/fr\/wp-json\/wp\/v2\/types\/article"}],"wp:attachment":[{"href":"https:\/\/admin.industriall-union.org\/fr\/wp-json\/wp\/v2\/media?parent=144460"}],"wp:term":[{"taxonomy":"issues","embeddable":true,"href":"https:\/\/admin.industriall-union.org\/fr\/wp-json\/wp\/v2\/issues?post=144460"},{"taxonomy":"companies","embeddable":true,"href":"https:\/\/admin.industriall-union.org\/fr\/wp-json\/wp\/v2\/companies?post=144460"},{"taxonomy":"regions","embeddable":true,"href":"https:\/\/admin.industriall-union.org\/fr\/wp-json\/wp\/v2\/regions?post=144460"},{"taxonomy":"sectors","embeddable":true,"href":"https:\/\/admin.industriall-union.org\/fr\/wp-json\/wp\/v2\/sectors?post=144460"},{"taxonomy":"article_tags","embeddable":true,"href":"https:\/\/admin.industriall-union.org\/fr\/wp-json\/wp\/v2\/article_tags?post=144460"}],"curies":[{"name":"wp","href":"https:\/\/api.w.org\/{rel}","templated":true}]}}