{"id":144459,"date":"2021-09-20T08:50:47","date_gmt":"2021-09-20T08:50:47","guid":{"rendered":"https:\/\/admin.industriall-union.org\/kan-matsuzaki-2\/"},"modified":"2025-01-28T06:33:12","modified_gmt":"2025-01-28T06:33:12","slug":"kan-matsuzaki-2","status":"publish","type":"article","link":"https:\/\/admin.industriall-union.org\/fr\/kan-matsuzaki-2\/","title":{"rendered":"Kan Matsuzaki"},"content":{"rendered":"<p>Kan Matsuzaki a \u00e9t\u00e9 \u00e9lu Secr\u00e9taire g\u00e9n\u00e9ral adjoint d&rsquo;IndustriALL Global Union \u00e0 l&rsquo;occasion de son troisi\u00e8me Congr\u00e8s mondial les 14 et 15 septembre 2021. Pr\u00e9c\u00e9demment, il agissait comme Directeur d&rsquo;IndustriALL pour les secteurs de l&rsquo;informatique, \u00e9lectricit\u00e9 et \u00e9lectronique ainsi que de la construction navale et la d\u00e9molition des navires.&nbsp;<\/p><p>\u00c0 un stade plus pr\u00e9coce de sa carri\u00e8re, en 1998, Kan Matsuzaki avait rejoint le Conseil japonais des syndicats de m\u00e9tallurgistes (JCM), une organisation fa\u00eeti\u00e8re repr\u00e9sentant un large \u00e9ventail de syndicats de l&rsquo;industrie m\u00e9tallurgique japonaise dans les secteurs de l&rsquo;automobile, de l&rsquo;acier, de la construction navale, de la construction m\u00e9canique, de l&rsquo;\u00e9lectricit\u00e9 et de l&rsquo;\u00e9lectronique. Il \u00e9tait alors charg\u00e9 de la coordination et de la mise en place des politiques industrielles visant \u00e0 renforcer la base de production et \u00e0 garantir des emplois durables. Il a assur\u00e9 des missions sp\u00e9cifiques destin\u00e9es \u00e0 promouvoir la solidarit\u00e9 internationale au sein de la communaut\u00e9 des m\u00e9tallurgistes en Asie du Sud-Est.<\/p><p>En ao\u00fbt 2010, il a rejoint la F\u00e9d\u00e9ration internationale des organisations de travailleurs de la m\u00e9tallurgie (FIOM) o\u00f9 il \u00e9tait responsable des ouvriers de la construction navale et des travailleurs non-manuels, jusqu&rsquo;\u00e0 la cr\u00e9ation d&rsquo;IndustriALL en 2012 &ndash; date \u00e0 laquelle il a \u00e9t\u00e9 nomm\u00e9 Directeur pour les secteurs de l&rsquo;informatique, \u00e9lectricit\u00e9 et \u00e9lectronique ainsi que de la construction navale et la d\u00e9molition des navires. Dans ces deux secteurs, il s&rsquo;est efforc\u00e9 de d\u00e9velopper les r\u00e9seaux syndicaux, de promouvoir une politique industrielle durable et de mener des projets de syndicalisation (en faveur des ouvriers sp\u00e9cialis\u00e9s dans la d\u00e9molition des navires en Asie du Sud et des travailleurs des secteurs de l&rsquo;informatique, \u00e9lectricit\u00e9 et \u00e9lectronique en Asie du Sud-Est), qui ont permis d&rsquo;organiser avec succ\u00e8s des travailleurs pr\u00e9caires.<\/p>","protected":false},"featured_media":0,"template":"","issues":[],"companies":[],"regions":[],"sectors":[],"article_tags":[],"class_list":["post-144459","article","type-article","status-publish","hentry"],"acf":[],"yoast_head":"<!-- This site is optimized with the Yoast SEO Premium plugin v27.1 (Yoast SEO v27.1) - https:\/\/yoast.com\/product\/yoast-seo-premium-wordpress\/ -->\n<title>Kan Matsuzaki - industriall-union<\/title>\n<meta name=\"description\" content=\"Kan Matsuzaki a \u00e9t\u00e9 \u00e9lu Secr\u00e9taire g\u00e9n\u00e9ral adjoint d&rsquo;IndustriALL Global Union \u00e0 l&rsquo;occasion de son troisi\u00e8me Congr\u00e8s mondial les 14 et 15\" \/>\n<meta name=\"robots\" content=\"index, follow, max-snippet:-1, max-image-preview:large, max-video-preview:-1\" \/>\n<link rel=\"canonical\" href=\"https:\/\/admin.industriall-union.org\/fr\/kan-matsuzaki-2\/\" \/>\n<meta property=\"og:locale\" content=\"fr_FR\" \/>\n<meta property=\"og:type\" content=\"article\" \/>\n<meta property=\"og:title\" content=\"Kan Matsuzaki\" \/>\n<meta property=\"og:description\" content=\"Kan Matsuzaki a \u00e9t\u00e9 \u00e9lu Secr\u00e9taire g\u00e9n\u00e9ral adjoint d&rsquo;IndustriALL Global Union \u00e0 l&rsquo;occasion de son troisi\u00e8me Congr\u00e8s mondial les 14 et 15\" \/>\n<meta property=\"og:url\" content=\"https:\/\/admin.industriall-union.org\/fr\/kan-matsuzaki-2\/\" \/>\n<meta property=\"og:site_name\" content=\"industriall-union\" \/>\n<meta property=\"article:modified_time\" content=\"2025-01-28T06:33:12+00:00\" \/>\n<meta name=\"twitter:card\" content=\"summary_large_image\" \/>\n<meta name=\"twitter:label1\" content=\"Est. reading time\" \/>\n\t<meta name=\"twitter:data1\" content=\"2 minutes\" \/>\n<script type=\"application\/ld+json\" class=\"yoast-schema-graph\">{\"@context\":\"https:\/\/schema.org\",\"@graph\":[{\"@type\":\"WebPage\",\"@id\":\"https:\/\/admin.industriall-union.org\/fr\/kan-matsuzaki-2\/\",\"url\":\"https:\/\/admin.industriall-union.org\/fr\/kan-matsuzaki-2\/\",\"name\":\"Kan Matsuzaki - industriall-union\",\"isPartOf\":{\"@id\":\"https:\/\/admin.industriall-union.org\/#website\"},\"datePublished\":\"2021-09-20T08:50:47+00:00\",\"dateModified\":\"2025-01-28T06:33:12+00:00\",\"description\":\"Kan Matsuzaki a \u00e9t\u00e9 \u00e9lu Secr\u00e9taire g\u00e9n\u00e9ral adjoint d&rsquo;IndustriALL Global Union \u00e0 l&rsquo;occasion de son troisi\u00e8me Congr\u00e8s mondial les 14 et 15\",\"breadcrumb\":{\"@id\":\"https:\/\/admin.industriall-union.org\/fr\/kan-matsuzaki-2\/#breadcrumb\"},\"inLanguage\":\"fr-FR\",\"potentialAction\":[{\"@type\":\"ReadAction\",\"target\":[\"https:\/\/admin.industriall-union.org\/fr\/kan-matsuzaki-2\/\"]}]},{\"@type\":\"BreadcrumbList\",\"@id\":\"https:\/\/admin.industriall-union.org\/fr\/kan-matsuzaki-2\/#breadcrumb\",\"itemListElement\":[{\"@type\":\"ListItem\",\"position\":1,\"name\":\"Home\",\"item\":\"https:\/\/admin.industriall-union.org\/\"},{\"@type\":\"ListItem\",\"position\":2,\"name\":\"Articles\",\"item\":\"https:\/\/admin.industriall-union.org\/article\/\"},{\"@type\":\"ListItem\",\"position\":3,\"name\":\"Kan Matsuzaki\"}]},{\"@type\":\"WebSite\",\"@id\":\"https:\/\/admin.industriall-union.org\/#website\",\"url\":\"https:\/\/admin.industriall-union.org\/\",\"name\":\"industriall-union\",\"description\":\"\",\"potentialAction\":[{\"@type\":\"SearchAction\",\"target\":{\"@type\":\"EntryPoint\",\"urlTemplate\":\"https:\/\/admin.industriall-union.org\/?s={search_term_string}\"},\"query-input\":{\"@type\":\"PropertyValueSpecification\",\"valueRequired\":true,\"valueName\":\"search_term_string\"}}],\"inLanguage\":\"fr-FR\"}]}<\/script>\n<!-- \/ Yoast SEO Premium plugin. -->","yoast_head_json":{"title":"Kan Matsuzaki - industriall-union","description":"Kan Matsuzaki a \u00e9t\u00e9 \u00e9lu Secr\u00e9taire g\u00e9n\u00e9ral adjoint d&rsquo;IndustriALL Global Union \u00e0 l&rsquo;occasion de son troisi\u00e8me Congr\u00e8s mondial les 14 et 15","robots":{"index":"index","follow":"follow","max-snippet":"max-snippet:-1","max-image-preview":"max-image-preview:large","max-video-preview":"max-video-preview:-1"},"canonical":"https:\/\/admin.industriall-union.org\/fr\/kan-matsuzaki-2\/","og_locale":"fr_FR","og_type":"article","og_title":"Kan Matsuzaki","og_description":"Kan Matsuzaki a \u00e9t\u00e9 \u00e9lu Secr\u00e9taire g\u00e9n\u00e9ral adjoint d&rsquo;IndustriALL Global Union \u00e0 l&rsquo;occasion de son troisi\u00e8me Congr\u00e8s mondial les 14 et 15","og_url":"https:\/\/admin.industriall-union.org\/fr\/kan-matsuzaki-2\/","og_site_name":"industriall-union","article_modified_time":"2025-01-28T06:33:12+00:00","twitter_card":"summary_large_image","twitter_misc":{"Est. reading time":"2 minutes"},"schema":{"@context":"https:\/\/schema.org","@graph":[{"@type":"WebPage","@id":"https:\/\/admin.industriall-union.org\/fr\/kan-matsuzaki-2\/","url":"https:\/\/admin.industriall-union.org\/fr\/kan-matsuzaki-2\/","name":"Kan Matsuzaki - industriall-union","isPartOf":{"@id":"https:\/\/admin.industriall-union.org\/#website"},"datePublished":"2021-09-20T08:50:47+00:00","dateModified":"2025-01-28T06:33:12+00:00","description":"Kan Matsuzaki a \u00e9t\u00e9 \u00e9lu Secr\u00e9taire g\u00e9n\u00e9ral adjoint d&rsquo;IndustriALL Global Union \u00e0 l&rsquo;occasion de son troisi\u00e8me Congr\u00e8s mondial les 14 et 15","breadcrumb":{"@id":"https:\/\/admin.industriall-union.org\/fr\/kan-matsuzaki-2\/#breadcrumb"},"inLanguage":"fr-FR","potentialAction":[{"@type":"ReadAction","target":["https:\/\/admin.industriall-union.org\/fr\/kan-matsuzaki-2\/"]}]},{"@type":"BreadcrumbList","@id":"https:\/\/admin.industriall-union.org\/fr\/kan-matsuzaki-2\/#breadcrumb","itemListElement":[{"@type":"ListItem","position":1,"name":"Home","item":"https:\/\/admin.industriall-union.org\/"},{"@type":"ListItem","position":2,"name":"Articles","item":"https:\/\/admin.industriall-union.org\/article\/"},{"@type":"ListItem","position":3,"name":"Kan Matsuzaki"}]},{"@type":"WebSite","@id":"https:\/\/admin.industriall-union.org\/#website","url":"https:\/\/admin.industriall-union.org\/","name":"industriall-union","description":"","potentialAction":[{"@type":"SearchAction","target":{"@type":"EntryPoint","urlTemplate":"https:\/\/admin.industriall-union.org\/?s={search_term_string}"},"query-input":{"@type":"PropertyValueSpecification","valueRequired":true,"valueName":"search_term_string"}}],"inLanguage":"fr-FR"}]}},"_links":{"self":[{"href":"https:\/\/admin.industriall-union.org\/fr\/wp-json\/wp\/v2\/article\/144459","targetHints":{"allow":["GET"]}}],"collection":[{"href":"https:\/\/admin.industriall-union.org\/fr\/wp-json\/wp\/v2\/article"}],"about":[{"href":"https:\/\/admin.industriall-union.org\/fr\/wp-json\/wp\/v2\/types\/article"}],"wp:attachment":[{"href":"https:\/\/admin.industriall-union.org\/fr\/wp-json\/wp\/v2\/media?parent=144459"}],"wp:term":[{"taxonomy":"issues","embeddable":true,"href":"https:\/\/admin.industriall-union.org\/fr\/wp-json\/wp\/v2\/issues?post=144459"},{"taxonomy":"companies","embeddable":true,"href":"https:\/\/admin.industriall-union.org\/fr\/wp-json\/wp\/v2\/companies?post=144459"},{"taxonomy":"regions","embeddable":true,"href":"https:\/\/admin.industriall-union.org\/fr\/wp-json\/wp\/v2\/regions?post=144459"},{"taxonomy":"sectors","embeddable":true,"href":"https:\/\/admin.industriall-union.org\/fr\/wp-json\/wp\/v2\/sectors?post=144459"},{"taxonomy":"article_tags","embeddable":true,"href":"https:\/\/admin.industriall-union.org\/fr\/wp-json\/wp\/v2\/article_tags?post=144459"}],"curies":[{"name":"wp","href":"https:\/\/api.w.org\/{rel}","templated":true}]}}