{"id":144399,"date":"2021-11-24T13:39:00","date_gmt":"2021-11-24T13:39:00","guid":{"rendered":"https:\/\/admin.industriall-union.org\/webinaire-renforcer-la-puissance-syndicale-dans-les-energies-renouvelables\/"},"modified":"2025-01-28T06:10:53","modified_gmt":"2025-01-28T06:10:53","slug":"webinaire-renforcer-la-puissance-syndicale-dans-les-energies-renouvelables","status":"publish","type":"article","link":"https:\/\/admin.industriall-union.org\/fr\/webinaire-renforcer-la-puissance-syndicale-dans-les-energies-renouvelables\/","title":{"rendered":"WEBINAIRE : renforcer la puissance syndicale dans les \u00e9nergies renouvelables"},"content":{"rendered":"<p>Selon un r\u00e9cent <a href=\"https:\/\/www.irena.org\/publications\/2021\/Jun\/World-Energy-Transitions-Outlook\">rapport<\/a> de l&rsquo;Agence internationale pour les \u00e9nergies renouvelables (IRENA), l&rsquo;acc\u00e9l\u00e9ration de la transition \u00e9nerg\u00e9tique en vue de pr\u00e9server le climat pourrait doubler les emplois dans le secteur de l&rsquo;\u00e9nergie, pour peut-\u00eatre atteindre 122 millions de postes d&rsquo;ici 2050, ce qui pourrait conjointement stimuler l&rsquo;\u00e9conomie.<\/p><p>Si cette projection semble prometteuse, l&rsquo;implication des travailleurs et travailleuses qui passent d&rsquo;emplois non durables sur le plan environnemental \u00e0 des emplois dans la cha\u00eene d&rsquo;approvisionnement des \u00e9nergies renouvelables n\u00e9cessite la volont\u00e9 et la participation active des syndicats.<\/p><p style=\"text-align: center\"><img decoding=\"async\" alt=\"\" src=\"\" style=\"width: 500px;height: 263px\" \/><\/p><p>Le webinaire &ldquo;<strong>Building union power in renewables<\/strong>&rdquo; (<strong>Renforcer la puissance syndicale dans les \u00e9nergies renouvelables<\/strong>) se penchera sp\u00e9cifiquement sur les secteurs industriels de la cha\u00eene d&rsquo;approvisionnement des \u00e9nergies renouvelables qui sont les plus touch\u00e9s&nbsp;: l&rsquo;\u00e9nergie, l&rsquo;ing\u00e9nierie m\u00e9canique ainsi que l&rsquo;informatique, \u00e9lectricit\u00e9 et \u00e9lectronique.<\/p><p>Les experts sectoriels d&rsquo;IndustriALL examineront les tendances mondiales et les perspectives et discuteront des d\u00e9fis du changement climatique et de la transition \u00e9nerg\u00e9tique, ainsi que des strat\u00e9gies pour accro\u00eetre le pouvoir des syndicats dans la cha\u00eene d&rsquo;approvisionnement des \u00e9nergies renouvelables.<\/p><p>Deux experts de l&rsquo;Agence internationale pour les \u00e9nergies renouvelables (IRENA) y parleront des \u00e9nergies renouvelables et des emplois dans la transition \u00e9nerg\u00e9tique. Ils se concentreront sur les potentiels de croissance du secteur, les emplois qui devraient y \u00eatre cr\u00e9\u00e9s et les comp\u00e9tences requises pour ces nouveaux emplois.<\/p><section class=\"boxTurquoise\"><p><b>Ulrike Lehr<\/b><\/p><p><img decoding=\"async\" alt=\"\" src=\"\" style=\"width: 200px;height: 233px\" \/><\/p><p>Directrice du d\u00e9partement politique et socio-\u00e9conomique de l&rsquo;IRENA<\/p><p>Mme Lehr a analys\u00e9 les effets \u00e9conomiques de la transition vers l&rsquo;\u00e9conomie verte pour l&rsquo;Allemagne, la Russie et le Moyen-Orient, ainsi que les politiques d&rsquo;adaptation au changement climatique pour les \u00c9tats membres de l&rsquo;UE et certaines r\u00e9gions de l&rsquo;UE. Elle a appliqu\u00e9 des mod\u00e8les de simulation \u00e9conomique d\u00e9velopp\u00e9s par l&rsquo;Institut de recherche sur les structures \u00e9conomiques (GWS) et a analys\u00e9 en d\u00e9tail les effets \u00e9conomiques par secteur. Elle se concentre sur le d\u00e9veloppement de m\u00e9thodes permettant d&rsquo;identifier les impacts des secteurs et technologies transversaux, tels que les \u00e9nergies renouvelables, l&rsquo;e-mobilit\u00e9, le tourisme ou la production verte. En tant que Directrice du d\u00e9partement politique et socio-\u00e9conomique de l&rsquo;IRENA, elle supervise son travail de mod\u00e9lisation socio-\u00e9conomique pour le document WETO 2021 (Perspectives de transition des \u00e9nergies renouvelables dans le monde),&nbsp; les analyses de l&rsquo;empreinte socio-\u00e9conomique, la s\u00e9rie d&rsquo;analyses socio-\u00e9conomiques de l&rsquo;IRENA des march\u00e9s r\u00e9gionaux ainsi que son travail en mati\u00e8re de perspective de genre et d&rsquo;emploi.<\/p><p><strong>Michael Renner<\/strong><\/p><p><img decoding=\"async\" alt=\"\" src=\"\" style=\"width: 200px;height: 244px\" \/><\/p><p>Charg\u00e9 de programme, IRENA<\/p><p>Michael Renner est charg\u00e9 de programme, au sein du Conseil en mati\u00e8re de politique au Centre de la politique et du financement de la connaissance (KPFC) de l&rsquo;Agence internationale pour les \u00e9nergies renouvelables, dont le si\u00e8ge se situe \u00e0 Abu Dhabi. Ses activit\u00e9s au sein de l&rsquo;IRENA se portent sur les impacts socio-\u00e9conomiques des \u00e9nergies renouvelables, y compris les questions d&rsquo;emploi et de Transition juste. Il est co-auteur de la s\u00e9rie de Revues annuelles sur les \u00e9nergies renouvelables et l&rsquo;emploi, de rapports sur l&rsquo;\u00e9galit\u00e9 des sexes dans le secteur des \u00e9nergies renouvelables et contribue au rapport sur les Perspectives mondiales des \u00e9nergies renouvelables (Global Renewables Outlook 2020) ainsi qu&rsquo;\u00e0 celui que l&rsquo;agence consacre \u00e0 la reprise post-COVID.<\/p><\/section><table border=\"1\" cellpadding=\"1\" cellspacing=\"1\" style=\"width:500px\"><tbody><tr><td style=\"text-align: center\"><a href=\"\/wp-content\/uploads\/images\/FutureOfWork\/JustTransition\/programme_renewables.pdf\"><img decoding=\"async\" alt=\"\" src=\"\" style=\"width: 200px;height: 284px\" \/><\/a><\/td><\/tr><tr><td style=\"text-align: center\"><a href=\"\/wp-content\/uploads\/images\/FutureOfWork\/JustTransition\/programme_renewables.pdf\">Programme du webinaire (en anglais)<\/a><\/td><\/tr><\/tbody><\/table>","protected":false},"featured_media":0,"template":"","issues":[393],"companies":[],"regions":[],"sectors":[483,490,475],"article_tags":[],"class_list":["post-144399","article","type-article","status-publish","hentry","issues-climate-change-just-transition","sectors-energy-oil-gas-electricity-and-nuclear","sectors-ict-electrical-and-electronics","sectors-mechanical-engineering"],"acf":[],"yoast_head":"<!-- This site is optimized with the Yoast SEO Premium plugin v27.1 (Yoast SEO v27.1) - https:\/\/yoast.com\/product\/yoast-seo-premium-wordpress\/ -->\n<title>WEBINAIRE : renforcer la puissance syndicale dans les \u00e9nergies renouvelables - industriall-union<\/title>\n<meta name=\"description\" content=\"Selon un r\u00e9cent rapport de l&rsquo;Agence internationale pour les \u00e9nergies renouvelables (IRENA), l&rsquo;acc\u00e9l\u00e9ration de la transition \u00e9nerg\u00e9tique en vue\" \/>\n<meta name=\"robots\" content=\"index, follow, max-snippet:-1, max-image-preview:large, max-video-preview:-1\" \/>\n<link rel=\"canonical\" href=\"https:\/\/admin.industriall-union.org\/fr\/webinaire-renforcer-la-puissance-syndicale-dans-les-energies-renouvelables\/\" \/>\n<meta property=\"og:locale\" content=\"fr_FR\" \/>\n<meta property=\"og:type\" content=\"article\" \/>\n<meta property=\"og:title\" content=\"WEBINAIRE : renforcer la puissance syndicale dans les \u00e9nergies renouvelables\" \/>\n<meta property=\"og:description\" content=\"Selon un r\u00e9cent rapport de l&rsquo;Agence internationale pour les \u00e9nergies renouvelables (IRENA), l&rsquo;acc\u00e9l\u00e9ration de la transition \u00e9nerg\u00e9tique en vue\" \/>\n<meta property=\"og:url\" content=\"https:\/\/admin.industriall-union.org\/fr\/webinaire-renforcer-la-puissance-syndicale-dans-les-energies-renouvelables\/\" \/>\n<meta property=\"og:site_name\" content=\"industriall-union\" \/>\n<meta property=\"article:modified_time\" content=\"2025-01-28T06:10:53+00:00\" \/>\n<meta name=\"twitter:card\" content=\"summary_large_image\" \/>\n<meta name=\"twitter:label1\" content=\"Est. reading time\" \/>\n\t<meta name=\"twitter:data1\" content=\"3 minutes\" \/>\n<script type=\"application\/ld+json\" class=\"yoast-schema-graph\">{\"@context\":\"https:\/\/schema.org\",\"@graph\":[{\"@type\":\"WebPage\",\"@id\":\"https:\/\/admin.industriall-union.org\/fr\/webinaire-renforcer-la-puissance-syndicale-dans-les-energies-renouvelables\/\",\"url\":\"https:\/\/admin.industriall-union.org\/fr\/webinaire-renforcer-la-puissance-syndicale-dans-les-energies-renouvelables\/\",\"name\":\"WEBINAIRE : renforcer la puissance syndicale dans les \u00e9nergies renouvelables - industriall-union\",\"isPartOf\":{\"@id\":\"https:\/\/admin.industriall-union.org\/#website\"},\"datePublished\":\"2021-11-24T13:39:00+00:00\",\"dateModified\":\"2025-01-28T06:10:53+00:00\",\"description\":\"Selon un r\u00e9cent rapport de l&rsquo;Agence internationale pour les \u00e9nergies renouvelables (IRENA), l&rsquo;acc\u00e9l\u00e9ration de la transition \u00e9nerg\u00e9tique en vue\",\"breadcrumb\":{\"@id\":\"https:\/\/admin.industriall-union.org\/fr\/webinaire-renforcer-la-puissance-syndicale-dans-les-energies-renouvelables\/#breadcrumb\"},\"inLanguage\":\"fr-FR\",\"potentialAction\":[{\"@type\":\"ReadAction\",\"target\":[\"https:\/\/admin.industriall-union.org\/fr\/webinaire-renforcer-la-puissance-syndicale-dans-les-energies-renouvelables\/\"]}]},{\"@type\":\"BreadcrumbList\",\"@id\":\"https:\/\/admin.industriall-union.org\/fr\/webinaire-renforcer-la-puissance-syndicale-dans-les-energies-renouvelables\/#breadcrumb\",\"itemListElement\":[{\"@type\":\"ListItem\",\"position\":1,\"name\":\"Home\",\"item\":\"https:\/\/admin.industriall-union.org\/\"},{\"@type\":\"ListItem\",\"position\":2,\"name\":\"Articles\",\"item\":\"https:\/\/admin.industriall-union.org\/article\/\"},{\"@type\":\"ListItem\",\"position\":3,\"name\":\"WEBINAIRE : renforcer la puissance syndicale dans les \u00e9nergies renouvelables\"}]},{\"@type\":\"WebSite\",\"@id\":\"https:\/\/admin.industriall-union.org\/#website\",\"url\":\"https:\/\/admin.industriall-union.org\/\",\"name\":\"industriall-union\",\"description\":\"\",\"potentialAction\":[{\"@type\":\"SearchAction\",\"target\":{\"@type\":\"EntryPoint\",\"urlTemplate\":\"https:\/\/admin.industriall-union.org\/?s={search_term_string}\"},\"query-input\":{\"@type\":\"PropertyValueSpecification\",\"valueRequired\":true,\"valueName\":\"search_term_string\"}}],\"inLanguage\":\"fr-FR\"}]}<\/script>\n<!-- \/ Yoast SEO Premium plugin. -->","yoast_head_json":{"title":"WEBINAIRE : renforcer la puissance syndicale dans les \u00e9nergies renouvelables - industriall-union","description":"Selon un r\u00e9cent rapport de l&rsquo;Agence internationale pour les \u00e9nergies renouvelables (IRENA), l&rsquo;acc\u00e9l\u00e9ration de la transition \u00e9nerg\u00e9tique en vue","robots":{"index":"index","follow":"follow","max-snippet":"max-snippet:-1","max-image-preview":"max-image-preview:large","max-video-preview":"max-video-preview:-1"},"canonical":"https:\/\/admin.industriall-union.org\/fr\/webinaire-renforcer-la-puissance-syndicale-dans-les-energies-renouvelables\/","og_locale":"fr_FR","og_type":"article","og_title":"WEBINAIRE : renforcer la puissance syndicale dans les \u00e9nergies renouvelables","og_description":"Selon un r\u00e9cent rapport de l&rsquo;Agence internationale pour les \u00e9nergies renouvelables (IRENA), l&rsquo;acc\u00e9l\u00e9ration de la transition \u00e9nerg\u00e9tique en vue","og_url":"https:\/\/admin.industriall-union.org\/fr\/webinaire-renforcer-la-puissance-syndicale-dans-les-energies-renouvelables\/","og_site_name":"industriall-union","article_modified_time":"2025-01-28T06:10:53+00:00","twitter_card":"summary_large_image","twitter_misc":{"Est. reading time":"3 minutes"},"schema":{"@context":"https:\/\/schema.org","@graph":[{"@type":"WebPage","@id":"https:\/\/admin.industriall-union.org\/fr\/webinaire-renforcer-la-puissance-syndicale-dans-les-energies-renouvelables\/","url":"https:\/\/admin.industriall-union.org\/fr\/webinaire-renforcer-la-puissance-syndicale-dans-les-energies-renouvelables\/","name":"WEBINAIRE : renforcer la puissance syndicale dans les \u00e9nergies renouvelables - industriall-union","isPartOf":{"@id":"https:\/\/admin.industriall-union.org\/#website"},"datePublished":"2021-11-24T13:39:00+00:00","dateModified":"2025-01-28T06:10:53+00:00","description":"Selon un r\u00e9cent rapport de l&rsquo;Agence internationale pour les \u00e9nergies renouvelables (IRENA), l&rsquo;acc\u00e9l\u00e9ration de la transition \u00e9nerg\u00e9tique en vue","breadcrumb":{"@id":"https:\/\/admin.industriall-union.org\/fr\/webinaire-renforcer-la-puissance-syndicale-dans-les-energies-renouvelables\/#breadcrumb"},"inLanguage":"fr-FR","potentialAction":[{"@type":"ReadAction","target":["https:\/\/admin.industriall-union.org\/fr\/webinaire-renforcer-la-puissance-syndicale-dans-les-energies-renouvelables\/"]}]},{"@type":"BreadcrumbList","@id":"https:\/\/admin.industriall-union.org\/fr\/webinaire-renforcer-la-puissance-syndicale-dans-les-energies-renouvelables\/#breadcrumb","itemListElement":[{"@type":"ListItem","position":1,"name":"Home","item":"https:\/\/admin.industriall-union.org\/"},{"@type":"ListItem","position":2,"name":"Articles","item":"https:\/\/admin.industriall-union.org\/article\/"},{"@type":"ListItem","position":3,"name":"WEBINAIRE : renforcer la puissance syndicale dans les \u00e9nergies renouvelables"}]},{"@type":"WebSite","@id":"https:\/\/admin.industriall-union.org\/#website","url":"https:\/\/admin.industriall-union.org\/","name":"industriall-union","description":"","potentialAction":[{"@type":"SearchAction","target":{"@type":"EntryPoint","urlTemplate":"https:\/\/admin.industriall-union.org\/?s={search_term_string}"},"query-input":{"@type":"PropertyValueSpecification","valueRequired":true,"valueName":"search_term_string"}}],"inLanguage":"fr-FR"}]}},"_links":{"self":[{"href":"https:\/\/admin.industriall-union.org\/fr\/wp-json\/wp\/v2\/article\/144399","targetHints":{"allow":["GET"]}}],"collection":[{"href":"https:\/\/admin.industriall-union.org\/fr\/wp-json\/wp\/v2\/article"}],"about":[{"href":"https:\/\/admin.industriall-union.org\/fr\/wp-json\/wp\/v2\/types\/article"}],"wp:attachment":[{"href":"https:\/\/admin.industriall-union.org\/fr\/wp-json\/wp\/v2\/media?parent=144399"}],"wp:term":[{"taxonomy":"issues","embeddable":true,"href":"https:\/\/admin.industriall-union.org\/fr\/wp-json\/wp\/v2\/issues?post=144399"},{"taxonomy":"companies","embeddable":true,"href":"https:\/\/admin.industriall-union.org\/fr\/wp-json\/wp\/v2\/companies?post=144399"},{"taxonomy":"regions","embeddable":true,"href":"https:\/\/admin.industriall-union.org\/fr\/wp-json\/wp\/v2\/regions?post=144399"},{"taxonomy":"sectors","embeddable":true,"href":"https:\/\/admin.industriall-union.org\/fr\/wp-json\/wp\/v2\/sectors?post=144399"},{"taxonomy":"article_tags","embeddable":true,"href":"https:\/\/admin.industriall-union.org\/fr\/wp-json\/wp\/v2\/article_tags?post=144399"}],"curies":[{"name":"wp","href":"https:\/\/api.w.org\/{rel}","templated":true}]}}