{"id":144349,"date":"2021-11-29T12:17:41","date_gmt":"2021-11-29T12:17:41","guid":{"rendered":"https:\/\/admin.industriall-union.org\/les-travailleurs-du-monde-entier-reclament-l-039-acces-universel-aux-vaccins-contre-le-covid-19-aux-traitements-et-aux-technologies\/"},"modified":"2025-01-28T06:05:33","modified_gmt":"2025-01-28T06:05:33","slug":"les-travailleurs-du-monde-entier-reclament-l-039-acces-universel-aux-vaccins-contre-le-covid-19-aux-traitements-et-aux-technologies","status":"publish","type":"article","link":"https:\/\/admin.industriall-union.org\/fr\/les-travailleurs-du-monde-entier-reclament-l-039-acces-universel-aux-vaccins-contre-le-covid-19-aux-traitements-et-aux-technologies\/","title":{"rendered":"Les travailleurs du monde entier r\u00e9clament l&#039;acc\u00e8s universel aux vaccins contre le Covid-19, aux traitements et aux technologies"},"content":{"rendered":"<p>Malgr\u00e9 le d\u00e9vouement de ces travailleurs, une poign\u00e9e de gouvernements sabote la reprise mondiale en bloquant la mise en commun de ces avanc\u00e9es m\u00e9dicales, faisant davantage de victimes et mettant les travailleurs et les communaut\u00e9s en plus grand danger encore. <strong>Une action collective imm\u00e9diate s&#039;impose pour obtenir un acc\u00e8s \u00e9gal et universel aux vaccins contre le Covid-19 ainsi qu&#039;\u00e0 ses traitements et technologies en g\u00e9n\u00e9ral. <\/strong><\/p><p>Le mouvement syndical international <strong>appelle les gouvernements, en particulier ceux du Royaume-Uni, de l&#039;Allemagne et de la Suisse, ainsi que la Commission europ\u00e9enne, \u00e0 prendre toutes les initiatives qui s&#039;imposent pour rendre les vaccins contre le Covid-19 disponibles pour tous, et \u00e0 appuyer la &quot;d\u00e9rogation ADPIC&quot; temporaire et cibl\u00e9e propos\u00e9e par l&#039;Afrique du Sud et l&#039;Inde \u00e0 l&#039;Organisation mondiale du commerce (OMC)<\/strong>, ce qui permettrait de surmonter un obstacle \u00e9norme \u00e0 la protection des travailleurs et des communaut\u00e9s dans le monde entier alors que le coronavirus continue de frapper. <strong>Le syst\u00e8me de l&#039;OMC envisage la suspension des r\u00e8gles sur la propri\u00e9t\u00e9 intellectuelle dans des circonstances exceptionnelles; la pand\u00e9mie est incontestablement une circonstance exceptionnelle.<\/strong><\/p><p>Les travailleurs ont pay\u00e9 le prix de l&#039;in\u00e9galit\u00e9 d&#039;acc\u00e8s aux vaccins, en particulier ceux des pays du sud. Dans les pays mal approvisionn\u00e9s, les travailleurs de la sant\u00e9 et autres travailleurs de premi\u00e8re ligne attendent toujours d&#039;\u00eatre vaccin\u00e9s. Alors qu&#039;ils restent d\u00e9termin\u00e9s \u00e0 assurer la s\u00e9curit\u00e9 de leurs soci\u00e9t\u00e9s, \u00e0 maintenir des cha\u00eenes d&#039;approvisionnement essentielles et les \u00e9conomies en fonctionnement, une poign\u00e9e de dirigeants et de firmes pharmaceutiques leur tourne le dos.<\/p><p>Le droit vital \u00e0 un lieu de travail s\u00fbr n&#039;est possible qu&#039;en ayant acc\u00e8s \u00e0 la vaccination, o\u00f9 qu&#039;on vive. Le fait de ne pas assurer l&#039;\u00e9quit\u00e9 mondiale dans l&#039;acc\u00e8s aux vaccins et aux traitements est une menace existentielle pour la s\u00e9curit\u00e9 des travailleurs, et cela a un impact n\u00e9gatif sur les droits de l&#039;homme, y compris le droit \u00e0 la vie, le droit au niveau de sant\u00e9 le plus \u00e9lev\u00e9 possible, le droit de b\u00e9n\u00e9ficier du progr\u00e8s scientifique, et le droit au d\u00e9veloppement.<\/p><p>C&#039;est aussi une menace pour la reprise industrielle. Le FMI a averti que, le fait de ne pas acc\u00e9l\u00e9rer la vaccination pourrait compromettre la reprise et co\u00fbter au PIB mondial 5,3 billions $ au cours des cinq prochaines ann\u00e9es. La production, la distribution et la consommation de biens et de services, et les activit\u00e9s \u00e9conomiques qui y sont associ\u00e9es risquent des bouleversements sans pr\u00e9c\u00e9dent. Le fait de retarder la vaccination mondiale ne fera que prolonger la pand\u00e9mie de Covid-19 et d\u00e9clencher d&#039;autres crises \u00e9conomiques \u00e0 l&#039;avenir.&nbsp;&nbsp;&nbsp;<\/p><p>Les travailleurs du monde entier veulent une action d&#039;urgence. Les syndicats sont d\u00e9j\u00e0 intervenus en faveur de la d\u00e9rogation dans 127 pays. Les vies et les moyens de subsistance des travailleurs et de nos communaut\u00e9s en d\u00e9pendent.<\/p><p>Chaque jour qui passe fait de nouvelles victimes et retarde la reprise. La d\u00e9fense des rentes et la recherche du profit pendant une pand\u00e9mie sont inacceptables. Les excuses ne sont plus de mise.<\/p><p>Personne ne sera en s\u00e9curit\u00e9 tant que nous ne serons pas tous en s\u00e9curit\u00e9.<\/p><p>C&#039;est pourquoi le Conseil des Global Unions (CGU) &#8211; repr\u00e9sentant plus de 200 millions de travailleurs au travers de la Conf\u00e9d\u00e9ration syndicale internationale (CSI) et des Global Union Federations (GUFs), dont la Commission syndicale consultative aupr\u00e8s de l&#039;OCDE (TUAC) :<\/p><ul><li>s&#039;oppose aux disparit\u00e9s flagrantes entre pays en d\u00e9veloppement et pays d\u00e9velopp\u00e9s en termes d&#039;acc\u00e8s et de distribution \u00e9quitables des traitements et technologies du Covid-19, c&rsquo;est-\u00e0-dire les vaccins, diagnostics, appareils, \u00e9quipements de protection individuelle et m\u00e9dicaments;<\/li><\/ul><ul><li>appuie les campagnes des syndicats et de la soci\u00e9t\u00e9 civile qui, dans le monde entier, r\u00e9clament :<\/li><\/ul><ul><li>une d\u00e9rogation temporaire aux r\u00e8gles de la propri\u00e9t\u00e9 intellectuelle de l&#039;OMS pendant la pand\u00e9mie de Covid-19, comme l&#039;ont propos\u00e9 l&#039;Inde et l&#039;Afrique du Sud et les autres promoteurs, et dans la mesure n\u00e9cessaire pour r\u00e9pondre \u00e0 l&#039;urgence de la pand\u00e9mie partout dans le monde;<\/li><\/ul><ul><li>se f\u00e9licite du soutien apport\u00e9 par plus d&#039;une centaine de gouvernements \u00e0 la d\u00e9rogation et demande \u00e0 ces pays, dont les \u00c9tats-Unis, la Chine et l&#039;Australie, d&#039;accro\u00eetre la pression sur ceux qui bloquent la d\u00e9rogation d&#039;urgence;<\/li><\/ul><ul><li>s&#039;associe et soutient les appels \u00e0 l&#039;utilisation de tous les moyens possibles, y compris la lev\u00e9e temporaire des barri\u00e8res, pour la mise au point, la production et l&#039;approbation des vaccins, traitements et diagnostics, et autres technologies de la sant\u00e9;<\/li><\/ul><ul><li>fait sienne la campagne de l&#039;Organisation mondiale de la sant\u00e9 (OMS) pour :<\/li><\/ul><ul><li>#VaccinEquity qui a pour but de surmonter les in\u00e9galit\u00e9s dans la pand\u00e9mie;<\/li><\/ul><ul><li>note toutefois que des initiatives existantes, telles que le Covid-19 Technology Access Pool, le COVAX et l&#039;Acc\u00e9l\u00e9rateur ACT n&#039;ont toujours pas atteint leurs objectifs et permettent une distribution rapide et \u00e9quitable des vaccins contre le Covid-19 dont nous avons besoin;<\/li><\/ul><ul><li>appelle les gouvernements et les fabricants de vaccins \u00e0 accro\u00eetre d&#039;urgence la disponibilit\u00e9 des produits de sant\u00e9 et technologies du Covid-19 dans les pays \u00e0 faible revenu et \u00e0 poursuivre des initiatives, dont le partage des technologies &#8211; en particulier celle du vaccin \u00e0 ARN messager &#8211; pour d\u00e9velopper des capacit\u00e9s de fabrication dans de nombreux pays;<\/li><\/ul><ul><li>souligne l&#039;importance de la protection de l&#039;int\u00e9grit\u00e9 et de la qualit\u00e9 des vaccins une fois que les restrictions seront lev\u00e9es; et<\/li><\/ul><ul><li>r\u00e9clame un engagement commun des pays \u00e0 ne pas accumuler ou stocker de grandes quantit\u00e9s de doses de vaccin, r\u00e9duisant ainsi les exportations, et appelle tous les pays qui produisent des vaccins et leurs intrants \u00e0 s&#039;abstenir de mesures qui perturberaient les cha\u00eenes d&#039;approvisionnement.&nbsp;<\/li><\/ul>","protected":false},"featured_media":0,"template":"","issues":[412,425],"companies":[],"regions":[],"sectors":[476],"article_tags":[],"class_list":["post-144349","article","type-article","status-publish","hentry","issues-social-justice-and-globalization","issues-workers-rights","sectors-chemical-pharmaceutical-bio-science"],"acf":[],"yoast_head":"<!-- This site is optimized with the Yoast SEO Premium plugin v27.1 (Yoast SEO v27.1) - https:\/\/yoast.com\/product\/yoast-seo-premium-wordpress\/ -->\n<title>Les travailleurs du monde entier r\u00e9clament l&#039;acc\u00e8s universel aux vaccins contre le Covid-19, aux traitements et aux technologies - industriall-union<\/title>\n<meta name=\"description\" content=\"Malgr\u00e9 le d\u00e9vouement de ces travailleurs, une poign\u00e9e de gouvernements sabote la reprise mondiale en bloquant la mise en commun de ces avanc\u00e9es m\u00e9dicales,\" \/>\n<meta name=\"robots\" content=\"index, follow, max-snippet:-1, max-image-preview:large, max-video-preview:-1\" \/>\n<link rel=\"canonical\" href=\"https:\/\/admin.industriall-union.org\/fr\/les-travailleurs-du-monde-entier-reclament-l-039-acces-universel-aux-vaccins-contre-le-covid-19-aux-traitements-et-aux-technologies\/\" \/>\n<meta property=\"og:locale\" content=\"fr_FR\" \/>\n<meta property=\"og:type\" content=\"article\" \/>\n<meta property=\"og:title\" content=\"Les travailleurs du monde entier r\u00e9clament l&#039;acc\u00e8s universel aux vaccins contre le Covid-19, aux traitements et aux technologies\" \/>\n<meta property=\"og:description\" content=\"Malgr\u00e9 le d\u00e9vouement de ces travailleurs, une poign\u00e9e de gouvernements sabote la reprise mondiale en bloquant la mise en commun de ces avanc\u00e9es m\u00e9dicales,\" \/>\n<meta property=\"og:url\" content=\"https:\/\/admin.industriall-union.org\/fr\/les-travailleurs-du-monde-entier-reclament-l-039-acces-universel-aux-vaccins-contre-le-covid-19-aux-traitements-et-aux-technologies\/\" \/>\n<meta property=\"og:site_name\" content=\"industriall-union\" \/>\n<meta property=\"article:modified_time\" content=\"2025-01-28T06:05:33+00:00\" \/>\n<meta name=\"twitter:card\" content=\"summary_large_image\" \/>\n<meta name=\"twitter:label1\" content=\"Est. reading time\" \/>\n\t<meta name=\"twitter:data1\" content=\"5 minutes\" \/>\n<script type=\"application\/ld+json\" class=\"yoast-schema-graph\">{\"@context\":\"https:\/\/schema.org\",\"@graph\":[{\"@type\":\"WebPage\",\"@id\":\"https:\/\/admin.industriall-union.org\/fr\/les-travailleurs-du-monde-entier-reclament-l-039-acces-universel-aux-vaccins-contre-le-covid-19-aux-traitements-et-aux-technologies\/\",\"url\":\"https:\/\/admin.industriall-union.org\/fr\/les-travailleurs-du-monde-entier-reclament-l-039-acces-universel-aux-vaccins-contre-le-covid-19-aux-traitements-et-aux-technologies\/\",\"name\":\"Les travailleurs du monde entier r\u00e9clament l&#039;acc\u00e8s universel aux vaccins contre le Covid-19, aux traitements et aux technologies - industriall-union\",\"isPartOf\":{\"@id\":\"https:\/\/admin.industriall-union.org\/#website\"},\"datePublished\":\"2021-11-29T12:17:41+00:00\",\"dateModified\":\"2025-01-28T06:05:33+00:00\",\"description\":\"Malgr\u00e9 le d\u00e9vouement de ces travailleurs, une poign\u00e9e de gouvernements sabote la reprise mondiale en bloquant la mise en commun de ces avanc\u00e9es m\u00e9dicales,\",\"breadcrumb\":{\"@id\":\"https:\/\/admin.industriall-union.org\/fr\/les-travailleurs-du-monde-entier-reclament-l-039-acces-universel-aux-vaccins-contre-le-covid-19-aux-traitements-et-aux-technologies\/#breadcrumb\"},\"inLanguage\":\"fr-FR\",\"potentialAction\":[{\"@type\":\"ReadAction\",\"target\":[\"https:\/\/admin.industriall-union.org\/fr\/les-travailleurs-du-monde-entier-reclament-l-039-acces-universel-aux-vaccins-contre-le-covid-19-aux-traitements-et-aux-technologies\/\"]}]},{\"@type\":\"BreadcrumbList\",\"@id\":\"https:\/\/admin.industriall-union.org\/fr\/les-travailleurs-du-monde-entier-reclament-l-039-acces-universel-aux-vaccins-contre-le-covid-19-aux-traitements-et-aux-technologies\/#breadcrumb\",\"itemListElement\":[{\"@type\":\"ListItem\",\"position\":1,\"name\":\"Home\",\"item\":\"https:\/\/admin.industriall-union.org\/\"},{\"@type\":\"ListItem\",\"position\":2,\"name\":\"Articles\",\"item\":\"https:\/\/admin.industriall-union.org\/article\/\"},{\"@type\":\"ListItem\",\"position\":3,\"name\":\"Les travailleurs du monde entier r\u00e9clament l&#039;acc\u00e8s universel aux vaccins contre le Covid-19, aux traitements et aux technologies\"}]},{\"@type\":\"WebSite\",\"@id\":\"https:\/\/admin.industriall-union.org\/#website\",\"url\":\"https:\/\/admin.industriall-union.org\/\",\"name\":\"industriall-union\",\"description\":\"\",\"potentialAction\":[{\"@type\":\"SearchAction\",\"target\":{\"@type\":\"EntryPoint\",\"urlTemplate\":\"https:\/\/admin.industriall-union.org\/?s={search_term_string}\"},\"query-input\":{\"@type\":\"PropertyValueSpecification\",\"valueRequired\":true,\"valueName\":\"search_term_string\"}}],\"inLanguage\":\"fr-FR\"}]}<\/script>\n<!-- \/ Yoast SEO Premium plugin. -->","yoast_head_json":{"title":"Les travailleurs du monde entier r\u00e9clament l&#039;acc\u00e8s universel aux vaccins contre le Covid-19, aux traitements et aux technologies - industriall-union","description":"Malgr\u00e9 le d\u00e9vouement de ces travailleurs, une poign\u00e9e de gouvernements sabote la reprise mondiale en bloquant la mise en commun de ces avanc\u00e9es m\u00e9dicales,","robots":{"index":"index","follow":"follow","max-snippet":"max-snippet:-1","max-image-preview":"max-image-preview:large","max-video-preview":"max-video-preview:-1"},"canonical":"https:\/\/admin.industriall-union.org\/fr\/les-travailleurs-du-monde-entier-reclament-l-039-acces-universel-aux-vaccins-contre-le-covid-19-aux-traitements-et-aux-technologies\/","og_locale":"fr_FR","og_type":"article","og_title":"Les travailleurs du monde entier r\u00e9clament l&#039;acc\u00e8s universel aux vaccins contre le Covid-19, aux traitements et aux technologies","og_description":"Malgr\u00e9 le d\u00e9vouement de ces travailleurs, une poign\u00e9e de gouvernements sabote la reprise mondiale en bloquant la mise en commun de ces avanc\u00e9es m\u00e9dicales,","og_url":"https:\/\/admin.industriall-union.org\/fr\/les-travailleurs-du-monde-entier-reclament-l-039-acces-universel-aux-vaccins-contre-le-covid-19-aux-traitements-et-aux-technologies\/","og_site_name":"industriall-union","article_modified_time":"2025-01-28T06:05:33+00:00","twitter_card":"summary_large_image","twitter_misc":{"Est. reading time":"5 minutes"},"schema":{"@context":"https:\/\/schema.org","@graph":[{"@type":"WebPage","@id":"https:\/\/admin.industriall-union.org\/fr\/les-travailleurs-du-monde-entier-reclament-l-039-acces-universel-aux-vaccins-contre-le-covid-19-aux-traitements-et-aux-technologies\/","url":"https:\/\/admin.industriall-union.org\/fr\/les-travailleurs-du-monde-entier-reclament-l-039-acces-universel-aux-vaccins-contre-le-covid-19-aux-traitements-et-aux-technologies\/","name":"Les travailleurs du monde entier r\u00e9clament l&#039;acc\u00e8s universel aux vaccins contre le Covid-19, aux traitements et aux technologies - industriall-union","isPartOf":{"@id":"https:\/\/admin.industriall-union.org\/#website"},"datePublished":"2021-11-29T12:17:41+00:00","dateModified":"2025-01-28T06:05:33+00:00","description":"Malgr\u00e9 le d\u00e9vouement de ces travailleurs, une poign\u00e9e de gouvernements sabote la reprise mondiale en bloquant la mise en commun de ces avanc\u00e9es m\u00e9dicales,","breadcrumb":{"@id":"https:\/\/admin.industriall-union.org\/fr\/les-travailleurs-du-monde-entier-reclament-l-039-acces-universel-aux-vaccins-contre-le-covid-19-aux-traitements-et-aux-technologies\/#breadcrumb"},"inLanguage":"fr-FR","potentialAction":[{"@type":"ReadAction","target":["https:\/\/admin.industriall-union.org\/fr\/les-travailleurs-du-monde-entier-reclament-l-039-acces-universel-aux-vaccins-contre-le-covid-19-aux-traitements-et-aux-technologies\/"]}]},{"@type":"BreadcrumbList","@id":"https:\/\/admin.industriall-union.org\/fr\/les-travailleurs-du-monde-entier-reclament-l-039-acces-universel-aux-vaccins-contre-le-covid-19-aux-traitements-et-aux-technologies\/#breadcrumb","itemListElement":[{"@type":"ListItem","position":1,"name":"Home","item":"https:\/\/admin.industriall-union.org\/"},{"@type":"ListItem","position":2,"name":"Articles","item":"https:\/\/admin.industriall-union.org\/article\/"},{"@type":"ListItem","position":3,"name":"Les travailleurs du monde entier r\u00e9clament l&#039;acc\u00e8s universel aux vaccins contre le Covid-19, aux traitements et aux technologies"}]},{"@type":"WebSite","@id":"https:\/\/admin.industriall-union.org\/#website","url":"https:\/\/admin.industriall-union.org\/","name":"industriall-union","description":"","potentialAction":[{"@type":"SearchAction","target":{"@type":"EntryPoint","urlTemplate":"https:\/\/admin.industriall-union.org\/?s={search_term_string}"},"query-input":{"@type":"PropertyValueSpecification","valueRequired":true,"valueName":"search_term_string"}}],"inLanguage":"fr-FR"}]}},"_links":{"self":[{"href":"https:\/\/admin.industriall-union.org\/fr\/wp-json\/wp\/v2\/article\/144349","targetHints":{"allow":["GET"]}}],"collection":[{"href":"https:\/\/admin.industriall-union.org\/fr\/wp-json\/wp\/v2\/article"}],"about":[{"href":"https:\/\/admin.industriall-union.org\/fr\/wp-json\/wp\/v2\/types\/article"}],"wp:attachment":[{"href":"https:\/\/admin.industriall-union.org\/fr\/wp-json\/wp\/v2\/media?parent=144349"}],"wp:term":[{"taxonomy":"issues","embeddable":true,"href":"https:\/\/admin.industriall-union.org\/fr\/wp-json\/wp\/v2\/issues?post=144349"},{"taxonomy":"companies","embeddable":true,"href":"https:\/\/admin.industriall-union.org\/fr\/wp-json\/wp\/v2\/companies?post=144349"},{"taxonomy":"regions","embeddable":true,"href":"https:\/\/admin.industriall-union.org\/fr\/wp-json\/wp\/v2\/regions?post=144349"},{"taxonomy":"sectors","embeddable":true,"href":"https:\/\/admin.industriall-union.org\/fr\/wp-json\/wp\/v2\/sectors?post=144349"},{"taxonomy":"article_tags","embeddable":true,"href":"https:\/\/admin.industriall-union.org\/fr\/wp-json\/wp\/v2\/article_tags?post=144349"}],"curies":[{"name":"wp","href":"https:\/\/api.w.org\/{rel}","templated":true}]}}