{"id":144340,"date":"2021-12-02T13:02:45","date_gmt":"2021-12-02T13:02:45","guid":{"rendered":"https:\/\/admin.industriall-union.org\/un-ouvrier-d-o-i-glass-au-bresil-meurt-en-raison-de-la-fuite-d-un-four\/"},"modified":"2025-01-28T05:58:12","modified_gmt":"2025-01-28T05:58:12","slug":"un-ouvrier-d-o-i-glass-au-bresil-meurt-en-raison-de-la-fuite-d-un-four","status":"publish","type":"article","link":"https:\/\/admin.industriall-union.org\/fr\/un-ouvrier-d-o-i-glass-au-bresil-meurt-en-raison-de-la-fuite-d-un-four\/","title":{"rendered":"Un ouvrier d\u2019O-I Glass au Br\u00e9sil meurt en raison de la fuite d\u2019un four"},"content":{"rendered":"<p>La trag\u00e9die s&rsquo;est produite le 10 novembre lorsqu&rsquo;un four \u00e0 verre a fui dans une usine d&rsquo;O-I Glass \u00e0 S\u00e3o Paulo, au Br\u00e9sil, blessant quatre personnes. L&rsquo;un des travailleurs, Ant\u00f4nio Carlos Tola J\u00fanior, 43 ans, Coordinateur des cuissons et des fours, a \u00e9t\u00e9 admis \u00e0 l&rsquo;h\u00f4pital pour des br\u00fblures sur 75 % de son corps. Il est d\u00e9c\u00e9d\u00e9 le 26 novembre, laissant derri\u00e8re lui une femme et une fille. Imm\u00e9diatement apr\u00e8s l&rsquo;accident, le syndicat a organis\u00e9 un rassemblement de protestation le 12 novembre. Une autre manifestation a eu lieu le 1er d\u00e9cembre \u00e0 la m\u00e9moire du travailleur d\u00e9c\u00e9d\u00e9. La vie des trois personnes bless\u00e9es n&rsquo;est plus en danger.<\/p><p>Le Sindicato dos Vidreiros, membre de la CNQ-CUT, affili\u00e9e \u00e0 IndustriALL Global Union, poursuit son enqu\u00eate sur l&rsquo;accident, notamment sur la n\u00e9gligence dans la conduite du four. Le syndicat avait d\u00e9j\u00e0 re\u00e7u des plaintes de la part de personnes ayant fait fonctionner le four, selon lesquelles l&rsquo;\u00e9quipement \u00e9tait vieillissant et la garantie du fabricant avait expir\u00e9 il y a trois ans. La chaudi\u00e8re avait presque 9 ans et pr\u00e9sentait des probl\u00e8mes structurels.<\/p><p>Selon le syndicat, le four pr\u00e9sente des probl\u00e8mes de fuite depuis l&rsquo;ann\u00e9e derni\u00e8re, mais l&rsquo;entreprise n&rsquo;a command\u00e9 que des travaux correctifs mineurs sans tenir compte du risque imminent. \u00c0 la suite d&rsquo;une d\u00e9cision de l&rsquo;organisme comp\u00e9tent, le Centre de r\u00e9f\u00e9rence pour la sant\u00e9 des travailleurs (Cerest), en collaboration avec le syndicat Sindicato dos Vidreiros, il est interdit de poursuivre l&rsquo;utilisation du four.<\/p><p>Le dirigeant du Sindicato dos Vidreiros de S\u00e3o Paulo, Josemar Souto, a indiqu\u00e9 que l&rsquo;accident \u00e9tait dans l&rsquo;air, car le four qui a connu la fuite fonctionnait depuis 2013 \u00e0 une capacit\u00e9 sup\u00e9rieure \u00e0 celle recommand\u00e9e. Le syndicat va mener une enqu\u00eate minutieuse sur les faits. L&rsquo;extraction maximale \u00e9tait de 280 tonnes par jour, mais l&rsquo;\u00e9quipement \u00e9tait utilis\u00e9 pour traiter environ 340 tonnes par jour.<\/p><blockquote><p>&ldquo;Nous n&rsquo;allons pas rendre la vie \u00e0 notre camarade, mais nous ne pourrons tol\u00e9rer aucun signe d&rsquo;impunit\u00e9&rdquo;,<\/p><\/blockquote><p>a d\u00e9clar\u00e9 Josemar Souto.<\/p><p>Le Responsable des mat\u00e9riaux d&rsquo;IndustriALL, Alexander Ivanou, a d\u00e9clar\u00e9&nbsp;:<\/p><blockquote><p>&ldquo;Nous exprimons nos profondes condol\u00e9ances \u00e0 la famille, au syndicat et aux coll\u00e8gues de travail. Nous insistons pour que l&rsquo;accident fasse l&rsquo;objet d&rsquo;une enqu\u00eate appropri\u00e9e avec la participation du syndicat. Chaque d\u00e9c\u00e8s est un d\u00e9c\u00e8s de trop, le profit ne devrait jamais passer avant la vie des travailleurs et travailleuses. O-I doit offrir des lieux de travail sains et s\u00fbrs dans le cadre de ses activit\u00e9s. Cela n&rsquo;est possible que si l&rsquo;entreprise entame un dialogue avec les travailleurs et leurs syndicats au niveau local, national et international&nbsp;!&rdquo;<\/p><\/blockquote><p>La multinationale du verre Owens-Illinois, dont le nom commercial est O-I, emploie 25.000 personnes en Am\u00e9rique du Nord et du Sud, en Asie-Pacifique et en Europe.<\/p>","protected":false},"featured_media":0,"template":"","issues":[402],"companies":[],"regions":[261],"sectors":[487,484],"article_tags":[],"class_list":["post-144340","article","type-article","status-publish","hentry","issues-health-and-safety","regions-brazil","sectors-glass","sectors-glass-cement-ceramic-and-associated-industries"],"acf":[],"yoast_head":"<!-- This site is optimized with the Yoast SEO Premium plugin v27.1 (Yoast SEO v27.1) - https:\/\/yoast.com\/product\/yoast-seo-premium-wordpress\/ -->\n<title>Un ouvrier d\u2019O-I Glass au Br\u00e9sil meurt en raison de la fuite d\u2019un four - industriall-union<\/title>\n<meta name=\"description\" content=\"La trag\u00e9die s&rsquo;est produite le 10 novembre lorsqu&rsquo;un four \u00e0 verre a fui dans une usine d&rsquo;O-I Glass \u00e0 S\u00e3o Paulo, au Br\u00e9sil, blessant\" \/>\n<meta name=\"robots\" content=\"index, follow, max-snippet:-1, max-image-preview:large, max-video-preview:-1\" \/>\n<link rel=\"canonical\" href=\"https:\/\/admin.industriall-union.org\/fr\/un-ouvrier-d-o-i-glass-au-bresil-meurt-en-raison-de-la-fuite-d-un-four\/\" \/>\n<meta property=\"og:locale\" content=\"fr_FR\" \/>\n<meta property=\"og:type\" content=\"article\" \/>\n<meta property=\"og:title\" content=\"Un ouvrier d\u2019O-I Glass au Br\u00e9sil meurt en raison de la fuite d\u2019un four\" \/>\n<meta property=\"og:description\" content=\"La trag\u00e9die s&rsquo;est produite le 10 novembre lorsqu&rsquo;un four \u00e0 verre a fui dans une usine d&rsquo;O-I Glass \u00e0 S\u00e3o Paulo, au Br\u00e9sil, blessant\" \/>\n<meta property=\"og:url\" content=\"https:\/\/admin.industriall-union.org\/fr\/un-ouvrier-d-o-i-glass-au-bresil-meurt-en-raison-de-la-fuite-d-un-four\/\" \/>\n<meta property=\"og:site_name\" content=\"industriall-union\" \/>\n<meta property=\"article:modified_time\" content=\"2025-01-28T05:58:12+00:00\" \/>\n<meta name=\"twitter:card\" content=\"summary_large_image\" \/>\n<meta name=\"twitter:label1\" content=\"Est. reading time\" \/>\n\t<meta name=\"twitter:data1\" content=\"3 minutes\" \/>\n<script type=\"application\/ld+json\" class=\"yoast-schema-graph\">{\"@context\":\"https:\/\/schema.org\",\"@graph\":[{\"@type\":\"WebPage\",\"@id\":\"https:\/\/admin.industriall-union.org\/fr\/un-ouvrier-d-o-i-glass-au-bresil-meurt-en-raison-de-la-fuite-d-un-four\/\",\"url\":\"https:\/\/admin.industriall-union.org\/fr\/un-ouvrier-d-o-i-glass-au-bresil-meurt-en-raison-de-la-fuite-d-un-four\/\",\"name\":\"Un ouvrier d\u2019O-I Glass au Br\u00e9sil meurt en raison de la fuite d\u2019un four - industriall-union\",\"isPartOf\":{\"@id\":\"https:\/\/admin.industriall-union.org\/#website\"},\"datePublished\":\"2021-12-02T13:02:45+00:00\",\"dateModified\":\"2025-01-28T05:58:12+00:00\",\"description\":\"La trag\u00e9die s&rsquo;est produite le 10 novembre lorsqu&rsquo;un four \u00e0 verre a fui dans une usine d&rsquo;O-I Glass \u00e0 S\u00e3o Paulo, au Br\u00e9sil, blessant\",\"breadcrumb\":{\"@id\":\"https:\/\/admin.industriall-union.org\/fr\/un-ouvrier-d-o-i-glass-au-bresil-meurt-en-raison-de-la-fuite-d-un-four\/#breadcrumb\"},\"inLanguage\":\"fr-FR\",\"potentialAction\":[{\"@type\":\"ReadAction\",\"target\":[\"https:\/\/admin.industriall-union.org\/fr\/un-ouvrier-d-o-i-glass-au-bresil-meurt-en-raison-de-la-fuite-d-un-four\/\"]}]},{\"@type\":\"BreadcrumbList\",\"@id\":\"https:\/\/admin.industriall-union.org\/fr\/un-ouvrier-d-o-i-glass-au-bresil-meurt-en-raison-de-la-fuite-d-un-four\/#breadcrumb\",\"itemListElement\":[{\"@type\":\"ListItem\",\"position\":1,\"name\":\"Home\",\"item\":\"https:\/\/admin.industriall-union.org\/\"},{\"@type\":\"ListItem\",\"position\":2,\"name\":\"Articles\",\"item\":\"https:\/\/admin.industriall-union.org\/article\/\"},{\"@type\":\"ListItem\",\"position\":3,\"name\":\"Un ouvrier d\u2019O-I Glass au Br\u00e9sil meurt en raison de la fuite d\u2019un four\"}]},{\"@type\":\"WebSite\",\"@id\":\"https:\/\/admin.industriall-union.org\/#website\",\"url\":\"https:\/\/admin.industriall-union.org\/\",\"name\":\"industriall-union\",\"description\":\"\",\"potentialAction\":[{\"@type\":\"SearchAction\",\"target\":{\"@type\":\"EntryPoint\",\"urlTemplate\":\"https:\/\/admin.industriall-union.org\/?s={search_term_string}\"},\"query-input\":{\"@type\":\"PropertyValueSpecification\",\"valueRequired\":true,\"valueName\":\"search_term_string\"}}],\"inLanguage\":\"fr-FR\"}]}<\/script>\n<!-- \/ Yoast SEO Premium plugin. -->","yoast_head_json":{"title":"Un ouvrier d\u2019O-I Glass au Br\u00e9sil meurt en raison de la fuite d\u2019un four - industriall-union","description":"La trag\u00e9die s&rsquo;est produite le 10 novembre lorsqu&rsquo;un four \u00e0 verre a fui dans une usine d&rsquo;O-I Glass \u00e0 S\u00e3o Paulo, au Br\u00e9sil, blessant","robots":{"index":"index","follow":"follow","max-snippet":"max-snippet:-1","max-image-preview":"max-image-preview:large","max-video-preview":"max-video-preview:-1"},"canonical":"https:\/\/admin.industriall-union.org\/fr\/un-ouvrier-d-o-i-glass-au-bresil-meurt-en-raison-de-la-fuite-d-un-four\/","og_locale":"fr_FR","og_type":"article","og_title":"Un ouvrier d\u2019O-I Glass au Br\u00e9sil meurt en raison de la fuite d\u2019un four","og_description":"La trag\u00e9die s&rsquo;est produite le 10 novembre lorsqu&rsquo;un four \u00e0 verre a fui dans une usine d&rsquo;O-I Glass \u00e0 S\u00e3o Paulo, au Br\u00e9sil, blessant","og_url":"https:\/\/admin.industriall-union.org\/fr\/un-ouvrier-d-o-i-glass-au-bresil-meurt-en-raison-de-la-fuite-d-un-four\/","og_site_name":"industriall-union","article_modified_time":"2025-01-28T05:58:12+00:00","twitter_card":"summary_large_image","twitter_misc":{"Est. reading time":"3 minutes"},"schema":{"@context":"https:\/\/schema.org","@graph":[{"@type":"WebPage","@id":"https:\/\/admin.industriall-union.org\/fr\/un-ouvrier-d-o-i-glass-au-bresil-meurt-en-raison-de-la-fuite-d-un-four\/","url":"https:\/\/admin.industriall-union.org\/fr\/un-ouvrier-d-o-i-glass-au-bresil-meurt-en-raison-de-la-fuite-d-un-four\/","name":"Un ouvrier d\u2019O-I Glass au Br\u00e9sil meurt en raison de la fuite d\u2019un four - industriall-union","isPartOf":{"@id":"https:\/\/admin.industriall-union.org\/#website"},"datePublished":"2021-12-02T13:02:45+00:00","dateModified":"2025-01-28T05:58:12+00:00","description":"La trag\u00e9die s&rsquo;est produite le 10 novembre lorsqu&rsquo;un four \u00e0 verre a fui dans une usine d&rsquo;O-I Glass \u00e0 S\u00e3o Paulo, au Br\u00e9sil, blessant","breadcrumb":{"@id":"https:\/\/admin.industriall-union.org\/fr\/un-ouvrier-d-o-i-glass-au-bresil-meurt-en-raison-de-la-fuite-d-un-four\/#breadcrumb"},"inLanguage":"fr-FR","potentialAction":[{"@type":"ReadAction","target":["https:\/\/admin.industriall-union.org\/fr\/un-ouvrier-d-o-i-glass-au-bresil-meurt-en-raison-de-la-fuite-d-un-four\/"]}]},{"@type":"BreadcrumbList","@id":"https:\/\/admin.industriall-union.org\/fr\/un-ouvrier-d-o-i-glass-au-bresil-meurt-en-raison-de-la-fuite-d-un-four\/#breadcrumb","itemListElement":[{"@type":"ListItem","position":1,"name":"Home","item":"https:\/\/admin.industriall-union.org\/"},{"@type":"ListItem","position":2,"name":"Articles","item":"https:\/\/admin.industriall-union.org\/article\/"},{"@type":"ListItem","position":3,"name":"Un ouvrier d\u2019O-I Glass au Br\u00e9sil meurt en raison de la fuite d\u2019un four"}]},{"@type":"WebSite","@id":"https:\/\/admin.industriall-union.org\/#website","url":"https:\/\/admin.industriall-union.org\/","name":"industriall-union","description":"","potentialAction":[{"@type":"SearchAction","target":{"@type":"EntryPoint","urlTemplate":"https:\/\/admin.industriall-union.org\/?s={search_term_string}"},"query-input":{"@type":"PropertyValueSpecification","valueRequired":true,"valueName":"search_term_string"}}],"inLanguage":"fr-FR"}]}},"_links":{"self":[{"href":"https:\/\/admin.industriall-union.org\/fr\/wp-json\/wp\/v2\/article\/144340","targetHints":{"allow":["GET"]}}],"collection":[{"href":"https:\/\/admin.industriall-union.org\/fr\/wp-json\/wp\/v2\/article"}],"about":[{"href":"https:\/\/admin.industriall-union.org\/fr\/wp-json\/wp\/v2\/types\/article"}],"wp:attachment":[{"href":"https:\/\/admin.industriall-union.org\/fr\/wp-json\/wp\/v2\/media?parent=144340"}],"wp:term":[{"taxonomy":"issues","embeddable":true,"href":"https:\/\/admin.industriall-union.org\/fr\/wp-json\/wp\/v2\/issues?post=144340"},{"taxonomy":"companies","embeddable":true,"href":"https:\/\/admin.industriall-union.org\/fr\/wp-json\/wp\/v2\/companies?post=144340"},{"taxonomy":"regions","embeddable":true,"href":"https:\/\/admin.industriall-union.org\/fr\/wp-json\/wp\/v2\/regions?post=144340"},{"taxonomy":"sectors","embeddable":true,"href":"https:\/\/admin.industriall-union.org\/fr\/wp-json\/wp\/v2\/sectors?post=144340"},{"taxonomy":"article_tags","embeddable":true,"href":"https:\/\/admin.industriall-union.org\/fr\/wp-json\/wp\/v2\/article_tags?post=144340"}],"curies":[{"name":"wp","href":"https:\/\/api.w.org\/{rel}","templated":true}]}}