{"id":144336,"date":"2021-12-10T11:23:58","date_gmt":"2021-12-10T11:23:58","guid":{"rendered":"https:\/\/admin.industriall-union.org\/industriall-et-l-isp-renouvellent-l-accord-mondial-avec-edf\/"},"modified":"2025-01-28T05:50:38","modified_gmt":"2025-01-28T05:50:38","slug":"industriall-et-l-isp-renouvellent-l-accord-mondial-avec-edf","status":"publish","type":"article","link":"https:\/\/admin.industriall-union.org\/fr\/industriall-et-l-isp-renouvellent-l-accord-mondial-avec-edf\/","title":{"rendered":"IndustriALL et l\u2019ISP renouvellent l\u2019accord mondial avec EDF"},"content":{"rendered":"<p>L&rsquo;extension a \u00e9galement \u00e9t\u00e9 sign\u00e9e par des repr\u00e9sentants de 15 syndicats, repr\u00e9sentant les travailleurs et travailleuses d&rsquo;EDF dans le monde entier, en France, en Allemagne, en Italie, au Br\u00e9sil, en Belgique et en Chine. L&rsquo;accord s&rsquo;applique \u00e0 toutes les activit\u00e9s d&rsquo;EDF dans le monde, concernant plus de 160,000 travailleurs et travailleuses dans 24 pays.<\/p><p>L&rsquo;ACM a \u00e9t\u00e9 n\u00e9goci\u00e9 et sign\u00e9 pour la premi\u00e8re fois en 2005, puis renouvel\u00e9 en 2009. Un autre <a href=\"https:\/\/www.industriall-union.org\/industriall-and-psi-sign-global-responsible-employer-agreement-with-edf\">cycle de n\u00e9gociations<\/a> a eu lieu en 2018. Les repr\u00e9sentants syndicaux ont choisi une prolongation de l&rsquo;ACM actuel au lieu d&rsquo;entamer un processus de ren\u00e9gociation. Les parties sont parvenues \u00e0 un consensus sur le fait que l&rsquo;accord mondial actuel contient des bonnes dispositions et que l&rsquo;accent devrait \u00eatre mis sur sa mise en \u0153uvre sur les lieux de travail du monde entier plut\u00f4t que sur la ren\u00e9gociation, en particulier \u00e0 un moment o\u00f9 <a href=\"https:\/\/www.industriall-union.org\/french-electricity-and-gas-workers-mobilize-for-their-rights\">la menace de restructuration du groupe EDF reste pr\u00e9sente<\/a>.<\/p><p>Voici quelques-unes des clauses importantes qui figurent dans l&rsquo;ACM&nbsp;:<\/p><ul><li>Clause de neutralit\u00e9 prot\u00e9geant la syndicalisation de l&rsquo;opposition active de la direction dans le groupe EDF et ses filiales dans le monde entier.<\/li><li>Repr\u00e9sentation syndicale au sein du comit\u00e9 mondial charg\u00e9 du contr\u00f4le et du suivi pour les repr\u00e9sentants des sites d&rsquo;EDF en Allemagne (2), en Am\u00e9rique latine (1), en Am\u00e9rique du Nord (1), en Afrique et au Moyen-Orient (1).<\/li><li>Engagement en faveur d&rsquo;indicateurs clairs de mise en \u0153uvre et de m\u00e9canismes de r\u00e8glement des diff\u00e9rends assortis de d\u00e9lais pour le faire.<\/li><li>Mesures de Transition juste pour soutenir les comp\u00e9tences et les conditions de travail des travailleurs et travailleuses, conform\u00e9ment aux Directives de l&rsquo;OIT pour une Transition juste vers des \u00e9conomies et des soci\u00e9t\u00e9s \u00e9cologiquement durables.<\/li><\/ul><p>L&rsquo;ACM offre aux affili\u00e9s d&rsquo;IndustriALL et de l&rsquo;ISP la possibilit\u00e9 de tirer collectivement parti de ses dispositions pour renforcer leur pouvoir, d\u00e9fendre les droits et les conditions offertes \u00e0 leurs membres, tout en promouvant des services publics de qualit\u00e9. Les affili\u00e9s ayant des membres au niveau des activit\u00e9s, des filiales et des sous-traitants d&rsquo;EDF dans le monde entier sont invit\u00e9s \u00e0 maintenir un contact \u00e9troit depuis toutes les r\u00e9gions afin de s&rsquo;assurer que le contenu de cet accord soit pleinement mis en \u0153uvre et respect\u00e9.<\/p><p>Atle Hoie, Secr\u00e9taire g\u00e9n\u00e9ral d&rsquo;IndustriALL, a d\u00e9clar\u00e9&nbsp;:<\/p><blockquote><p>&ldquo;Les accords-cadres mondiaux nous donnent la possibilit\u00e9 d&rsquo;\u00eatre au courant des conditions de travail des travailleurs et travailleuses du monde entier dans les entreprises multinationales. Ils nous aident \u00e9galement \u00e0 r\u00e9soudre les conflits et \u00e0 anticiper les d\u00e9fis \u00e0 relever. Avec cette extension, nous continuerons \u00e0 nous concentrer sur des aspects cl\u00e9s comme la diligence raisonnable et la Transition juste au sein d&rsquo;EDF.&rdquo;<\/p><\/blockquote><p>Rosa Pavanelli, Secr\u00e9taire g\u00e9n\u00e9rale de l&rsquo;ISP, a d\u00e9clar\u00e9&nbsp;:<\/p><blockquote><p>&ldquo;L&rsquo;expiration de tout accord donne l&rsquo;occasion de r\u00e9fl\u00e9chir \u00e0 son contenu et \u00e0 sa mise en \u0153uvre. Nous avons un bon ACM avec EDF. Nous devons nous concentrer sur une mise en \u0153uvre compl\u00e8te et coordonn\u00e9e de cet accord global, depuis la base jusqu&rsquo;au sommet de la pyramide.&rdquo;<\/p><\/blockquote><p>L&rsquo;accord est suivi par un Comit\u00e9 de dialogue de responsabilit\u00e9 sociale (CDRS). Le Secr\u00e9taire du CDRS, Roland Van Puyenbroeck, a d\u00e9clar\u00e9&nbsp;:<\/p><blockquote><p>&ldquo;Tous les membres du comit\u00e9 de coordination mondial se r\u00e9jouissent de pouvoir assurer la continuit\u00e9 de ce travail important.&rdquo;<\/p><\/blockquote><p>EDF (\u00c9lectricit\u00e9 de France) est une multinationale fran\u00e7aise du secteur de l&rsquo;\u00e9nergie, d\u00e9tenue en grande partie par l&rsquo;\u00c9tat fran\u00e7ais. La soci\u00e9t\u00e9 est active dans la production et la distribution d&rsquo;\u00e9lectricit\u00e9, la conception, la construction et le d\u00e9mant\u00e8lement de centrales \u00e9lectriques et le n\u00e9goce d&rsquo;\u00e9nergie. EDF m\u00e8ne des activit\u00e9s dans les domaines de l&rsquo;\u00e9nergie nucl\u00e9aire, de l&rsquo;hydro\u00e9lectricit\u00e9, des \u00e9nergies marines, de l&rsquo;\u00e9nergie \u00e9olienne, de l&rsquo;\u00e9nergie solaire, de la biomasse, de la g\u00e9othermie et des \u00e9nergies fossiles.<\/p><p><em>Image de la tour EDF \u00e0 Paris . Droits d&rsquo;auteur&nbsp;: <a href=\"https:\/\/www.flickr.com\/photos\/falcon_33\/24500549042\">Falcon Photography<\/a><\/em><\/p>","protected":false},"featured_media":0,"template":"","issues":[406,407],"companies":[35],"regions":[],"sectors":[483],"article_tags":[],"class_list":["post-144336","article","type-article","status-publish","hentry","issues-confronting-global-capital","issues-global-framework-agreements","companies-edf","sectors-energy-oil-gas-electricity-and-nuclear"],"acf":[],"yoast_head":"<!-- This site is optimized with the Yoast SEO Premium plugin v27.1 (Yoast SEO v27.1) - https:\/\/yoast.com\/product\/yoast-seo-premium-wordpress\/ -->\n<title>IndustriALL et l\u2019ISP renouvellent l\u2019accord mondial avec EDF - industriall-union<\/title>\n<meta name=\"description\" content=\"L&rsquo;extension a \u00e9galement \u00e9t\u00e9 sign\u00e9e par des repr\u00e9sentants de 15 syndicats, repr\u00e9sentant les travailleurs et travailleuses d&rsquo;EDF dans le monde\" \/>\n<meta name=\"robots\" content=\"index, follow, max-snippet:-1, max-image-preview:large, max-video-preview:-1\" \/>\n<link rel=\"canonical\" href=\"https:\/\/admin.industriall-union.org\/fr\/industriall-et-l-isp-renouvellent-l-accord-mondial-avec-edf\/\" \/>\n<meta property=\"og:locale\" content=\"fr_FR\" \/>\n<meta property=\"og:type\" content=\"article\" \/>\n<meta property=\"og:title\" content=\"IndustriALL et l\u2019ISP renouvellent l\u2019accord mondial avec EDF\" \/>\n<meta property=\"og:description\" content=\"L&rsquo;extension a \u00e9galement \u00e9t\u00e9 sign\u00e9e par des repr\u00e9sentants de 15 syndicats, repr\u00e9sentant les travailleurs et travailleuses d&rsquo;EDF dans le monde\" \/>\n<meta property=\"og:url\" content=\"https:\/\/admin.industriall-union.org\/fr\/industriall-et-l-isp-renouvellent-l-accord-mondial-avec-edf\/\" \/>\n<meta property=\"og:site_name\" content=\"industriall-union\" \/>\n<meta property=\"article:modified_time\" content=\"2025-01-28T05:50:38+00:00\" \/>\n<meta name=\"twitter:card\" content=\"summary_large_image\" \/>\n<meta name=\"twitter:label1\" content=\"Est. reading time\" \/>\n\t<meta name=\"twitter:data1\" content=\"4 minutes\" \/>\n<script type=\"application\/ld+json\" class=\"yoast-schema-graph\">{\"@context\":\"https:\/\/schema.org\",\"@graph\":[{\"@type\":\"WebPage\",\"@id\":\"https:\/\/admin.industriall-union.org\/fr\/industriall-et-l-isp-renouvellent-l-accord-mondial-avec-edf\/\",\"url\":\"https:\/\/admin.industriall-union.org\/fr\/industriall-et-l-isp-renouvellent-l-accord-mondial-avec-edf\/\",\"name\":\"IndustriALL et l\u2019ISP renouvellent l\u2019accord mondial avec EDF - industriall-union\",\"isPartOf\":{\"@id\":\"https:\/\/admin.industriall-union.org\/#website\"},\"datePublished\":\"2021-12-10T11:23:58+00:00\",\"dateModified\":\"2025-01-28T05:50:38+00:00\",\"description\":\"L&rsquo;extension a \u00e9galement \u00e9t\u00e9 sign\u00e9e par des repr\u00e9sentants de 15 syndicats, repr\u00e9sentant les travailleurs et travailleuses d&rsquo;EDF dans le monde\",\"breadcrumb\":{\"@id\":\"https:\/\/admin.industriall-union.org\/fr\/industriall-et-l-isp-renouvellent-l-accord-mondial-avec-edf\/#breadcrumb\"},\"inLanguage\":\"fr-FR\",\"potentialAction\":[{\"@type\":\"ReadAction\",\"target\":[\"https:\/\/admin.industriall-union.org\/fr\/industriall-et-l-isp-renouvellent-l-accord-mondial-avec-edf\/\"]}]},{\"@type\":\"BreadcrumbList\",\"@id\":\"https:\/\/admin.industriall-union.org\/fr\/industriall-et-l-isp-renouvellent-l-accord-mondial-avec-edf\/#breadcrumb\",\"itemListElement\":[{\"@type\":\"ListItem\",\"position\":1,\"name\":\"Home\",\"item\":\"https:\/\/admin.industriall-union.org\/\"},{\"@type\":\"ListItem\",\"position\":2,\"name\":\"Articles\",\"item\":\"https:\/\/admin.industriall-union.org\/article\/\"},{\"@type\":\"ListItem\",\"position\":3,\"name\":\"IndustriALL et l\u2019ISP renouvellent l\u2019accord mondial avec EDF\"}]},{\"@type\":\"WebSite\",\"@id\":\"https:\/\/admin.industriall-union.org\/#website\",\"url\":\"https:\/\/admin.industriall-union.org\/\",\"name\":\"industriall-union\",\"description\":\"\",\"potentialAction\":[{\"@type\":\"SearchAction\",\"target\":{\"@type\":\"EntryPoint\",\"urlTemplate\":\"https:\/\/admin.industriall-union.org\/?s={search_term_string}\"},\"query-input\":{\"@type\":\"PropertyValueSpecification\",\"valueRequired\":true,\"valueName\":\"search_term_string\"}}],\"inLanguage\":\"fr-FR\"}]}<\/script>\n<!-- \/ Yoast SEO Premium plugin. -->","yoast_head_json":{"title":"IndustriALL et l\u2019ISP renouvellent l\u2019accord mondial avec EDF - industriall-union","description":"L&rsquo;extension a \u00e9galement \u00e9t\u00e9 sign\u00e9e par des repr\u00e9sentants de 15 syndicats, repr\u00e9sentant les travailleurs et travailleuses d&rsquo;EDF dans le monde","robots":{"index":"index","follow":"follow","max-snippet":"max-snippet:-1","max-image-preview":"max-image-preview:large","max-video-preview":"max-video-preview:-1"},"canonical":"https:\/\/admin.industriall-union.org\/fr\/industriall-et-l-isp-renouvellent-l-accord-mondial-avec-edf\/","og_locale":"fr_FR","og_type":"article","og_title":"IndustriALL et l\u2019ISP renouvellent l\u2019accord mondial avec EDF","og_description":"L&rsquo;extension a \u00e9galement \u00e9t\u00e9 sign\u00e9e par des repr\u00e9sentants de 15 syndicats, repr\u00e9sentant les travailleurs et travailleuses d&rsquo;EDF dans le monde","og_url":"https:\/\/admin.industriall-union.org\/fr\/industriall-et-l-isp-renouvellent-l-accord-mondial-avec-edf\/","og_site_name":"industriall-union","article_modified_time":"2025-01-28T05:50:38+00:00","twitter_card":"summary_large_image","twitter_misc":{"Est. reading time":"4 minutes"},"schema":{"@context":"https:\/\/schema.org","@graph":[{"@type":"WebPage","@id":"https:\/\/admin.industriall-union.org\/fr\/industriall-et-l-isp-renouvellent-l-accord-mondial-avec-edf\/","url":"https:\/\/admin.industriall-union.org\/fr\/industriall-et-l-isp-renouvellent-l-accord-mondial-avec-edf\/","name":"IndustriALL et l\u2019ISP renouvellent l\u2019accord mondial avec EDF - industriall-union","isPartOf":{"@id":"https:\/\/admin.industriall-union.org\/#website"},"datePublished":"2021-12-10T11:23:58+00:00","dateModified":"2025-01-28T05:50:38+00:00","description":"L&rsquo;extension a \u00e9galement \u00e9t\u00e9 sign\u00e9e par des repr\u00e9sentants de 15 syndicats, repr\u00e9sentant les travailleurs et travailleuses d&rsquo;EDF dans le monde","breadcrumb":{"@id":"https:\/\/admin.industriall-union.org\/fr\/industriall-et-l-isp-renouvellent-l-accord-mondial-avec-edf\/#breadcrumb"},"inLanguage":"fr-FR","potentialAction":[{"@type":"ReadAction","target":["https:\/\/admin.industriall-union.org\/fr\/industriall-et-l-isp-renouvellent-l-accord-mondial-avec-edf\/"]}]},{"@type":"BreadcrumbList","@id":"https:\/\/admin.industriall-union.org\/fr\/industriall-et-l-isp-renouvellent-l-accord-mondial-avec-edf\/#breadcrumb","itemListElement":[{"@type":"ListItem","position":1,"name":"Home","item":"https:\/\/admin.industriall-union.org\/"},{"@type":"ListItem","position":2,"name":"Articles","item":"https:\/\/admin.industriall-union.org\/article\/"},{"@type":"ListItem","position":3,"name":"IndustriALL et l\u2019ISP renouvellent l\u2019accord mondial avec EDF"}]},{"@type":"WebSite","@id":"https:\/\/admin.industriall-union.org\/#website","url":"https:\/\/admin.industriall-union.org\/","name":"industriall-union","description":"","potentialAction":[{"@type":"SearchAction","target":{"@type":"EntryPoint","urlTemplate":"https:\/\/admin.industriall-union.org\/?s={search_term_string}"},"query-input":{"@type":"PropertyValueSpecification","valueRequired":true,"valueName":"search_term_string"}}],"inLanguage":"fr-FR"}]}},"_links":{"self":[{"href":"https:\/\/admin.industriall-union.org\/fr\/wp-json\/wp\/v2\/article\/144336","targetHints":{"allow":["GET"]}}],"collection":[{"href":"https:\/\/admin.industriall-union.org\/fr\/wp-json\/wp\/v2\/article"}],"about":[{"href":"https:\/\/admin.industriall-union.org\/fr\/wp-json\/wp\/v2\/types\/article"}],"wp:attachment":[{"href":"https:\/\/admin.industriall-union.org\/fr\/wp-json\/wp\/v2\/media?parent=144336"}],"wp:term":[{"taxonomy":"issues","embeddable":true,"href":"https:\/\/admin.industriall-union.org\/fr\/wp-json\/wp\/v2\/issues?post=144336"},{"taxonomy":"companies","embeddable":true,"href":"https:\/\/admin.industriall-union.org\/fr\/wp-json\/wp\/v2\/companies?post=144336"},{"taxonomy":"regions","embeddable":true,"href":"https:\/\/admin.industriall-union.org\/fr\/wp-json\/wp\/v2\/regions?post=144336"},{"taxonomy":"sectors","embeddable":true,"href":"https:\/\/admin.industriall-union.org\/fr\/wp-json\/wp\/v2\/sectors?post=144336"},{"taxonomy":"article_tags","embeddable":true,"href":"https:\/\/admin.industriall-union.org\/fr\/wp-json\/wp\/v2\/article_tags?post=144336"}],"curies":[{"name":"wp","href":"https:\/\/api.w.org\/{rel}","templated":true}]}}