{"id":144331,"date":"2021-12-10T15:00:39","date_gmt":"2021-12-10T15:00:39","guid":{"rendered":"https:\/\/admin.industriall-union.org\/renforcer-le-pouvoir-des-syndicats-dans-la-chaine-d-approvisionnement-des-energies-renouvelables\/"},"modified":"2025-01-28T05:48:48","modified_gmt":"2025-01-28T05:48:48","slug":"renforcer-le-pouvoir-des-syndicats-dans-la-chaine-d-approvisionnement-des-energies-renouvelables","status":"publish","type":"article","link":"https:\/\/admin.industriall-union.org\/fr\/renforcer-le-pouvoir-des-syndicats-dans-la-chaine-d-approvisionnement-des-energies-renouvelables\/","title":{"rendered":"Renforcer le pouvoir des syndicats dans la cha\u00eene d\u2019approvisionnement des \u00e9nergies renouvelables"},"content":{"rendered":"<p><\/p><p>C&rsquo;est la question cl\u00e9 qui est ressortie du s\u00e9minaire en ligne d&rsquo;IndustriALL sur le th\u00e8me &ldquo;Renforcer le pouvoir des syndicats dans les \u00e9nergies renouvelables&rdquo;, organis\u00e9 le 9 d\u00e9cembre, avec des experts de l&rsquo;Agence internationale pour les \u00e9nergies renouvelables (<a href=\"https:\/\/irena.org\/\">IRENA<\/a>), un organisme intergouvernemental charg\u00e9 d&rsquo;informer, d&rsquo;\u00e9laborer des politiques et de financer des projets.<\/p><p>Ulrike Lehr et Michael Renner, de l&rsquo;IRENA, ont offert un r\u00e9sum\u00e9 de ce que pourrait signifier une voie de transition \u00e9nerg\u00e9tique en termes d&rsquo;\u00e9conomie, d&rsquo;emploi et de bien-\u00eatre.<\/p><p>L&rsquo;\u00e9tude de l&rsquo;IRENA sur <a href=\"https:\/\/www.irena.org\/-\/media\/Files\/IRENA\/Agency\/Publication\/2021\/Oct\/IRENA_RE_Jobs_2021.pdf\">les \u00e9nergies renouvelables et l&rsquo;emploi<\/a> montre que la pand\u00e9mie mondiale n&rsquo;a pas ralenti la croissance des \u00e9nergies renouvelables et met en \u00e9vidence les liens \u00e9troits entre l&rsquo;environnement, l&rsquo;\u00e9conomie et le bien-\u00eatre.<\/p><p>Les d\u00e9fis croissants du changement climatique renforcent la n\u00e9cessit\u00e9 d&rsquo;une transition juste et inclusive vers des emplois durables, d\u00e9cents et respectueux du climat. Cette transition est en bonne voie&nbsp;: en 2020, le secteur des \u00e9nergies renouvelables employait plus de 12 millions de personnes et les projections de l&rsquo;IRENA montrent que ce nombre ne fera qu&rsquo;augmenter avec le temps.<\/p><p>Ulrike Lehr, pr\u00e9sentant des sc\u00e9narios pour l&rsquo;avenir, a soulign\u00e9 que &ldquo;les emplois li\u00e9s aux \u00e9nergies renouvelables passeront \u00e0 43 millions d&rsquo;ici \u00e0 2050&quot;. C&rsquo;est rassurant, mais il faut que toutes les parties prenantes soient au rendez-vous.&rdquo;<\/p><p>Michael Renner explique&nbsp;:<\/p><p>&ldquo;Les progr\u00e8s technologiques influencent la cr\u00e9ation d&rsquo;emplois dans le domaine des \u00e9nergies renouvelables, en entra\u00eenant une r\u00e9duction des co\u00fbts. \u00c0 mesure que les \u00e9nergies renouvelables deviennent plus abordables, elles deviennent plus comp\u00e9titives que les combustibles fossiles et l&rsquo;emploi augmente. Dans les parties de la cha\u00eene de valeur li\u00e9es \u00e0 la fabrication des \u00e9quipements, \u00e0 la construction et \u00e0 l&rsquo;installation, des emplois seront cr\u00e9\u00e9s. Au fur et \u00e0 mesure de l&rsquo;installation de capacit\u00e9s de plus en plus importantes, les activit\u00e9s d&rsquo;exploitation et de maintenance g\u00e9n\u00e9reront davantage d&rsquo;emplois.&rdquo;<\/p><p>Quelques semaines seulement apr\u00e8s avoir particip\u00e9 \u00e0 la COP26, o\u00f9 <a href=\"https:\/\/www.industriall-union.org\/trade-unions-at-cop26-what-we-did-what-we-achieved-and-what-we-need-to-focus-on-now\">les syndicats ont clairement exprim\u00e9 leurs revendications<\/a>, la Directrice de l&rsquo;\u00e9nergie d&rsquo;IndustriALL, Diana Junquera Curiel, a soulign\u00e9 ce que ces d\u00e9veloppements signifient pour les syndicats.<\/p><p>&ldquo;Nous devons soutenir nos affili\u00e9s tout au long de la cha\u00eene d&rsquo;approvisionnement. Cela ne peut pas se faire si nous ne pouvons pas garantir des emplois et des salaires d\u00e9cents, des droits du travail ainsi que la sant\u00e9 et la s\u00e9curit\u00e9.<\/p><p>Nous avons besoin d&rsquo;une approche globale qui permette de mieux comprendre non seulement le secteur de l&rsquo;\u00e9nergie, mais aussi l&rsquo;\u00e9conomie, la soci\u00e9t\u00e9 et la plan\u00e8te&rdquo; a indiqu\u00e9 Diana Junquera.<\/p><p>&ldquo;Nous sommes l\u00e0 pour soutenir les travailleurs et travailleuses dans un monde en mutation. Embrassons le changement vers les technologies vertes et prenons l&rsquo;initiative des mesures de formation, pour ainsi nous assurer que la transition soit juste&rdquo;, a d\u00e9clar\u00e9 Matthias Hartwich, Directeur d&rsquo;IndustriALL pour la construction m\u00e9canique et les m\u00e9taux de base.<\/p><p>Mathias Hartwich a expliqu\u00e9 comment <a href=\"https:\/\/www.industriall-union.org\/engineering-technology-for-a-just-transition\">le g\u00e9nie m\u00e9canique peut faire partie de la solution<\/a>, par le biais de la technologie verte, en donnant aux industries la possibilit\u00e9 de concevoir un avenir meilleur.<\/p><p>La capacit\u00e9 d&rsquo;un pays \u00e0 cr\u00e9er des emplois dans le domaine des \u00e9nergies renouvelables d\u00e9pend de ses structures et de ses capacit\u00e9s \u00e9conomiques. Quelles sont les d\u00e9pendances d&rsquo;un pays, en termes de denr\u00e9es de base, de technologie et d&rsquo;empreinte g\u00e9ographique, et dans quelle mesure ce pays s&rsquo;efforce-t-il activement de localiser ses capacit\u00e9s en mati\u00e8re d&rsquo;\u00e9nergies renouvelables&nbsp;? Les progr\u00e8s r\u00e9alis\u00e9s dans chaque pays d\u00e9pendent de l&rsquo;\u00e9laboration de ses politiques nationales.<\/p><p>Kan Matsuzaki, Secr\u00e9taire g\u00e9n\u00e9ral adjoint d&rsquo;IndustriALL, a parl\u00e9 du renforcement du pouvoir des syndicats dans la cha\u00eene d&rsquo;approvisionnement des \u00e9nergies renouvelables. Il a expliqu\u00e9 que si IndustriALL soutient ses affili\u00e9s par le biais d&rsquo;accords-cadres mondiaux, de r\u00e9seaux et de recherches politiques, une approche plus strat\u00e9gique est n\u00e9cessaire pour s&rsquo;assurer que les affili\u00e9s s&rsquo;engagent activement dans la transformation \u00e0 venir.<\/p><p>Les experts de l&rsquo;IRENA ont expliqu\u00e9 qu&rsquo;il \u00e9tait n\u00e9cessaire de s&rsquo;occuper activement de la formation professionnelle, des mesures relatives au march\u00e9 du travail et des politiques d&rsquo;\u00e9galit\u00e9 des sexes. Il y a beaucoup de travail \u00e0 faire pour surmonter les obstacles auxquels les femmes sont confront\u00e9es dans le secteur des \u00e9nergies renouvelables. De meilleurs r\u00e9seaux et des mentors pour soutenir les femmes sont n\u00e9cessaires.<\/p><p>Atle H\u00f8ie, Secr\u00e9taire g\u00e9n\u00e9ral d&rsquo;IndustriALL, a conclu&nbsp;:<\/p><p>&ldquo;Nous avons une t\u00e2che \u00e9norme devant nous. Alors que nous passons des combustibles fossiles aux \u00e9nergies renouvelables, les nouveaux emplois qui seront cr\u00e9\u00e9s le seront dans des secteurs que nous repr\u00e9sentons. Nous devons nous assurer que ce sont de bons emplois syndiqu\u00e9s.&rdquo;<\/p>","protected":false},"featured_media":0,"template":"","issues":[393,391],"companies":[],"regions":[],"sectors":[483,475],"article_tags":[],"class_list":["post-144331","article","type-article","status-publish","hentry","issues-climate-change-just-transition","issues-industry-40","sectors-energy-oil-gas-electricity-and-nuclear","sectors-mechanical-engineering"],"acf":[],"yoast_head":"<!-- This site is optimized with the Yoast SEO Premium plugin v27.1 (Yoast SEO v27.1) - https:\/\/yoast.com\/product\/yoast-seo-premium-wordpress\/ -->\n<title>Renforcer le pouvoir des syndicats dans la cha\u00eene d\u2019approvisionnement des \u00e9nergies renouvelables - industriall-union<\/title>\n<meta name=\"description\" content=\"C&rsquo;est la question cl\u00e9 qui est ressortie du s\u00e9minaire en ligne d&rsquo;IndustriALL sur le th\u00e8me &ldquo;Renforcer le pouvoir des syndicats dans les\" \/>\n<meta name=\"robots\" content=\"index, follow, max-snippet:-1, max-image-preview:large, max-video-preview:-1\" \/>\n<link rel=\"canonical\" href=\"https:\/\/admin.industriall-union.org\/fr\/renforcer-le-pouvoir-des-syndicats-dans-la-chaine-d-approvisionnement-des-energies-renouvelables\/\" \/>\n<meta property=\"og:locale\" content=\"fr_FR\" \/>\n<meta property=\"og:type\" content=\"article\" \/>\n<meta property=\"og:title\" content=\"Renforcer le pouvoir des syndicats dans la cha\u00eene d\u2019approvisionnement des \u00e9nergies renouvelables\" \/>\n<meta property=\"og:description\" content=\"C&rsquo;est la question cl\u00e9 qui est ressortie du s\u00e9minaire en ligne d&rsquo;IndustriALL sur le th\u00e8me &ldquo;Renforcer le pouvoir des syndicats dans les\" \/>\n<meta property=\"og:url\" content=\"https:\/\/admin.industriall-union.org\/fr\/renforcer-le-pouvoir-des-syndicats-dans-la-chaine-d-approvisionnement-des-energies-renouvelables\/\" \/>\n<meta property=\"og:site_name\" content=\"industriall-union\" \/>\n<meta property=\"article:modified_time\" content=\"2025-01-28T05:48:48+00:00\" \/>\n<meta name=\"twitter:card\" content=\"summary_large_image\" \/>\n<meta name=\"twitter:label1\" content=\"Est. reading time\" \/>\n\t<meta name=\"twitter:data1\" content=\"5 minutes\" \/>\n<script type=\"application\/ld+json\" class=\"yoast-schema-graph\">{\"@context\":\"https:\/\/schema.org\",\"@graph\":[{\"@type\":\"WebPage\",\"@id\":\"https:\/\/admin.industriall-union.org\/fr\/renforcer-le-pouvoir-des-syndicats-dans-la-chaine-d-approvisionnement-des-energies-renouvelables\/\",\"url\":\"https:\/\/admin.industriall-union.org\/fr\/renforcer-le-pouvoir-des-syndicats-dans-la-chaine-d-approvisionnement-des-energies-renouvelables\/\",\"name\":\"Renforcer le pouvoir des syndicats dans la cha\u00eene d\u2019approvisionnement des \u00e9nergies renouvelables - industriall-union\",\"isPartOf\":{\"@id\":\"https:\/\/admin.industriall-union.org\/#website\"},\"datePublished\":\"2021-12-10T15:00:39+00:00\",\"dateModified\":\"2025-01-28T05:48:48+00:00\",\"description\":\"C&rsquo;est la question cl\u00e9 qui est ressortie du s\u00e9minaire en ligne d&rsquo;IndustriALL sur le th\u00e8me &ldquo;Renforcer le pouvoir des syndicats dans les\",\"breadcrumb\":{\"@id\":\"https:\/\/admin.industriall-union.org\/fr\/renforcer-le-pouvoir-des-syndicats-dans-la-chaine-d-approvisionnement-des-energies-renouvelables\/#breadcrumb\"},\"inLanguage\":\"fr-FR\",\"potentialAction\":[{\"@type\":\"ReadAction\",\"target\":[\"https:\/\/admin.industriall-union.org\/fr\/renforcer-le-pouvoir-des-syndicats-dans-la-chaine-d-approvisionnement-des-energies-renouvelables\/\"]}]},{\"@type\":\"BreadcrumbList\",\"@id\":\"https:\/\/admin.industriall-union.org\/fr\/renforcer-le-pouvoir-des-syndicats-dans-la-chaine-d-approvisionnement-des-energies-renouvelables\/#breadcrumb\",\"itemListElement\":[{\"@type\":\"ListItem\",\"position\":1,\"name\":\"Home\",\"item\":\"https:\/\/admin.industriall-union.org\/\"},{\"@type\":\"ListItem\",\"position\":2,\"name\":\"Articles\",\"item\":\"https:\/\/admin.industriall-union.org\/article\/\"},{\"@type\":\"ListItem\",\"position\":3,\"name\":\"Renforcer le pouvoir des syndicats dans la cha\u00eene d\u2019approvisionnement des \u00e9nergies renouvelables\"}]},{\"@type\":\"WebSite\",\"@id\":\"https:\/\/admin.industriall-union.org\/#website\",\"url\":\"https:\/\/admin.industriall-union.org\/\",\"name\":\"industriall-union\",\"description\":\"\",\"potentialAction\":[{\"@type\":\"SearchAction\",\"target\":{\"@type\":\"EntryPoint\",\"urlTemplate\":\"https:\/\/admin.industriall-union.org\/?s={search_term_string}\"},\"query-input\":{\"@type\":\"PropertyValueSpecification\",\"valueRequired\":true,\"valueName\":\"search_term_string\"}}],\"inLanguage\":\"fr-FR\"}]}<\/script>\n<!-- \/ Yoast SEO Premium plugin. -->","yoast_head_json":{"title":"Renforcer le pouvoir des syndicats dans la cha\u00eene d\u2019approvisionnement des \u00e9nergies renouvelables - industriall-union","description":"C&rsquo;est la question cl\u00e9 qui est ressortie du s\u00e9minaire en ligne d&rsquo;IndustriALL sur le th\u00e8me &ldquo;Renforcer le pouvoir des syndicats dans les","robots":{"index":"index","follow":"follow","max-snippet":"max-snippet:-1","max-image-preview":"max-image-preview:large","max-video-preview":"max-video-preview:-1"},"canonical":"https:\/\/admin.industriall-union.org\/fr\/renforcer-le-pouvoir-des-syndicats-dans-la-chaine-d-approvisionnement-des-energies-renouvelables\/","og_locale":"fr_FR","og_type":"article","og_title":"Renforcer le pouvoir des syndicats dans la cha\u00eene d\u2019approvisionnement des \u00e9nergies renouvelables","og_description":"C&rsquo;est la question cl\u00e9 qui est ressortie du s\u00e9minaire en ligne d&rsquo;IndustriALL sur le th\u00e8me &ldquo;Renforcer le pouvoir des syndicats dans les","og_url":"https:\/\/admin.industriall-union.org\/fr\/renforcer-le-pouvoir-des-syndicats-dans-la-chaine-d-approvisionnement-des-energies-renouvelables\/","og_site_name":"industriall-union","article_modified_time":"2025-01-28T05:48:48+00:00","twitter_card":"summary_large_image","twitter_misc":{"Est. reading time":"5 minutes"},"schema":{"@context":"https:\/\/schema.org","@graph":[{"@type":"WebPage","@id":"https:\/\/admin.industriall-union.org\/fr\/renforcer-le-pouvoir-des-syndicats-dans-la-chaine-d-approvisionnement-des-energies-renouvelables\/","url":"https:\/\/admin.industriall-union.org\/fr\/renforcer-le-pouvoir-des-syndicats-dans-la-chaine-d-approvisionnement-des-energies-renouvelables\/","name":"Renforcer le pouvoir des syndicats dans la cha\u00eene d\u2019approvisionnement des \u00e9nergies renouvelables - industriall-union","isPartOf":{"@id":"https:\/\/admin.industriall-union.org\/#website"},"datePublished":"2021-12-10T15:00:39+00:00","dateModified":"2025-01-28T05:48:48+00:00","description":"C&rsquo;est la question cl\u00e9 qui est ressortie du s\u00e9minaire en ligne d&rsquo;IndustriALL sur le th\u00e8me &ldquo;Renforcer le pouvoir des syndicats dans les","breadcrumb":{"@id":"https:\/\/admin.industriall-union.org\/fr\/renforcer-le-pouvoir-des-syndicats-dans-la-chaine-d-approvisionnement-des-energies-renouvelables\/#breadcrumb"},"inLanguage":"fr-FR","potentialAction":[{"@type":"ReadAction","target":["https:\/\/admin.industriall-union.org\/fr\/renforcer-le-pouvoir-des-syndicats-dans-la-chaine-d-approvisionnement-des-energies-renouvelables\/"]}]},{"@type":"BreadcrumbList","@id":"https:\/\/admin.industriall-union.org\/fr\/renforcer-le-pouvoir-des-syndicats-dans-la-chaine-d-approvisionnement-des-energies-renouvelables\/#breadcrumb","itemListElement":[{"@type":"ListItem","position":1,"name":"Home","item":"https:\/\/admin.industriall-union.org\/"},{"@type":"ListItem","position":2,"name":"Articles","item":"https:\/\/admin.industriall-union.org\/article\/"},{"@type":"ListItem","position":3,"name":"Renforcer le pouvoir des syndicats dans la cha\u00eene d\u2019approvisionnement des \u00e9nergies renouvelables"}]},{"@type":"WebSite","@id":"https:\/\/admin.industriall-union.org\/#website","url":"https:\/\/admin.industriall-union.org\/","name":"industriall-union","description":"","potentialAction":[{"@type":"SearchAction","target":{"@type":"EntryPoint","urlTemplate":"https:\/\/admin.industriall-union.org\/?s={search_term_string}"},"query-input":{"@type":"PropertyValueSpecification","valueRequired":true,"valueName":"search_term_string"}}],"inLanguage":"fr-FR"}]}},"_links":{"self":[{"href":"https:\/\/admin.industriall-union.org\/fr\/wp-json\/wp\/v2\/article\/144331","targetHints":{"allow":["GET"]}}],"collection":[{"href":"https:\/\/admin.industriall-union.org\/fr\/wp-json\/wp\/v2\/article"}],"about":[{"href":"https:\/\/admin.industriall-union.org\/fr\/wp-json\/wp\/v2\/types\/article"}],"wp:attachment":[{"href":"https:\/\/admin.industriall-union.org\/fr\/wp-json\/wp\/v2\/media?parent=144331"}],"wp:term":[{"taxonomy":"issues","embeddable":true,"href":"https:\/\/admin.industriall-union.org\/fr\/wp-json\/wp\/v2\/issues?post=144331"},{"taxonomy":"companies","embeddable":true,"href":"https:\/\/admin.industriall-union.org\/fr\/wp-json\/wp\/v2\/companies?post=144331"},{"taxonomy":"regions","embeddable":true,"href":"https:\/\/admin.industriall-union.org\/fr\/wp-json\/wp\/v2\/regions?post=144331"},{"taxonomy":"sectors","embeddable":true,"href":"https:\/\/admin.industriall-union.org\/fr\/wp-json\/wp\/v2\/sectors?post=144331"},{"taxonomy":"article_tags","embeddable":true,"href":"https:\/\/admin.industriall-union.org\/fr\/wp-json\/wp\/v2\/article_tags?post=144331"}],"curies":[{"name":"wp","href":"https:\/\/api.w.org\/{rel}","templated":true}]}}