{"id":144289,"date":"2021-12-17T20:37:25","date_gmt":"2021-12-17T20:37:25","guid":{"rendered":"https:\/\/admin.industriall-union.org\/realiser-un-changement-durable\/"},"modified":"2025-01-28T05:31:03","modified_gmt":"2025-01-28T05:31:03","slug":"realiser-un-changement-durable","status":"publish","type":"article","link":"https:\/\/admin.industriall-union.org\/fr\/realiser-un-changement-durable\/","title":{"rendered":"R\u00e9aliser un changement durable"},"content":{"rendered":"<p>Deux nouvelles Copr\u00e9sidentes ont \u00e9t\u00e9 \u00e9lues pour les quatre prochaines ann\u00e9es&nbsp;: Hashmeya Muhsen Alsaad, Vice-pr\u00e9sidente du Syndicat g\u00e9n\u00e9ral des salari\u00e9s du secteur de l&rsquo;\u00e9lectricit\u00e9 d&rsquo;Iraq (GTUESE) et Ilvana Smajlovic, Pr\u00e9sidente du Syndicat ind\u00e9pendant de la chimie et des industries diverses de Bosnie-Herz\u00e9govine.<\/p><p>Pendant ces deux jours, les participants ont discut\u00e9 des priorit\u00e9s pour la p\u00e9riode de quatre ans menant au prochain Congr\u00e8s. La violence sexiste, la repr\u00e9sentation et la participation des femmes dans les syndicats restent en t\u00eate de liste pour parvenir \u00e0 un changement durable, ainsi que la r\u00e9duction de l&rsquo;\u00e9cart de r\u00e9mun\u00e9ration entre les sexes et ce \u00e0 quoi ressemblera l&rsquo;avenir du travail pour les femmes.<\/p><p>Les efforts visant \u00e0 int\u00e9grer l&rsquo;\u00e9galit\u00e9 des sexes dans le travail sectoriel d&rsquo;IndustriALL sont une priorit\u00e9 depuis la <a href=\"https:\/\/www.industriall-union.org\/achieving-gender-equality-in-male-dominated-sectors\">r\u00e9union du Cap<\/a> en 2018. Les recommandations de cette r\u00e9union ont \u00e9t\u00e9 approuv\u00e9es par le Comit\u00e9 ex\u00e9cutif et le Congr\u00e8s a pris d&rsquo;autres d\u00e9cisions pour accro\u00eetre la participation des femmes aux r\u00e9unions ainsi que pour augmenter et renforcer la repr\u00e9sentation des femmes au sein des syndicats.<\/p><p>En outre, le travail se poursuivra par l&rsquo;inclusion d&rsquo;un libell\u00e9 sur l&rsquo;\u00e9galit\u00e9 au sein des accords-cadres mondiaux ainsi que par l&rsquo;organisation de formations sur le leadership, la syndicalisation et la n\u00e9gociation collective, la diligence raisonnable en mati\u00e8re de droits humains, ainsi que la violence et le harc\u00e8lement fond\u00e9s sur le sexe dans le monde du travail.<\/p><p>Le Comit\u00e9 des femmes a adopt\u00e9 un cadre pour son travail, L&rsquo;objectif du Comit\u00e9 des femmes est de veiller, ensemble avec le Comit\u00e9 ex\u00e9cutif, \u00e0 ce que les politiques et les actions soient \u00e9labor\u00e9es et mises en \u0153uvre par IndustriALL Global Union et ses affili\u00e9s, conform\u00e9ment au vaste plan d&rsquo;action d&rsquo;IndustriALL, visant \u00e0&nbsp;:<\/p><ul><li>faire progresser les droits des femmes et l&rsquo;\u00e9galit\u00e9 des sexes dans les secteurs d&rsquo;IndustriALL et ses syndicats<\/li><li>d\u00e9velopper des syndicats inclusifs, en poursuivant les efforts pour accro\u00eetre la participation et la repr\u00e9sentation des femmes au sein des structures syndicales et \u00e0 tous les niveaux d&rsquo;IndustriALL<\/li><\/ul><p>Le Comit\u00e9 des femmes a adopt\u00e9 une feuille de route pour la mise en \u0153uvre de la <a href=\"\/wp-content\/uploads\/images\/2021\/CONGRESS2021\/Resolutions\/resolution_on_sexism_and_gender_based_violence_english.pdf\">r\u00e9solution adopt\u00e9e lors du 3\u00e8me Congr\u00e8s d&rsquo;IndustriALL<\/a>, appelant \u00e0 la fin des in\u00e9galit\u00e9s, du sexisme, de la misogynie et de la violence bas\u00e9e sur le genre au sein d&rsquo;IndustriALL, parmi les affili\u00e9s et dans le monde du travail. La feuille de route va maintenant \u00eatre soumise au Comit\u00e9 ex\u00e9cutif pour approbation.<\/p><p>Selon Christine Olivier, Secr\u00e9taire g\u00e9n\u00e9rale adjointe d&rsquo;IndustriALL&nbsp;:<\/p><blockquote><p>&ldquo;Pour que notre Comit\u00e9 des femmes soit bien \u00e9quip\u00e9 pour relever les d\u00e9fis futurs, nous devons nous concentrer sur l&rsquo;avenir du travail et Industrie 4.0 ainsi que sur ce que cela signifie pour nos syndicats. Les femmes doivent prendre les choses en main et veiller \u00e0 ne pas \u00eatre laiss\u00e9es pour compte.&rdquo;<\/p><\/blockquote>","protected":false},"featured_media":0,"template":"","issues":[365,391,397],"companies":[],"regions":[],"sectors":[],"article_tags":[],"class_list":["post-144289","article","type-article","status-publish","hentry","issues-ilo-convention-190","issues-industry-40","issues-women"],"acf":[],"yoast_head":"<!-- This site is optimized with the Yoast SEO Premium plugin v27.1 (Yoast SEO v27.1) - https:\/\/yoast.com\/product\/yoast-seo-premium-wordpress\/ -->\n<title>R\u00e9aliser un changement durable - industriall-union<\/title>\n<meta name=\"description\" content=\"Deux nouvelles Copr\u00e9sidentes ont \u00e9t\u00e9 \u00e9lues pour les quatre prochaines ann\u00e9es&nbsp;: Hashmeya Muhsen Alsaad, Vice-pr\u00e9sidente du Syndicat g\u00e9n\u00e9ral des\" \/>\n<meta name=\"robots\" content=\"index, follow, max-snippet:-1, max-image-preview:large, max-video-preview:-1\" \/>\n<link rel=\"canonical\" href=\"https:\/\/admin.industriall-union.org\/fr\/realiser-un-changement-durable\/\" \/>\n<meta property=\"og:locale\" content=\"fr_FR\" \/>\n<meta property=\"og:type\" content=\"article\" \/>\n<meta property=\"og:title\" content=\"R\u00e9aliser un changement durable\" \/>\n<meta property=\"og:description\" content=\"Deux nouvelles Copr\u00e9sidentes ont \u00e9t\u00e9 \u00e9lues pour les quatre prochaines ann\u00e9es&nbsp;: Hashmeya Muhsen Alsaad, Vice-pr\u00e9sidente du Syndicat g\u00e9n\u00e9ral des\" \/>\n<meta property=\"og:url\" content=\"https:\/\/admin.industriall-union.org\/fr\/realiser-un-changement-durable\/\" \/>\n<meta property=\"og:site_name\" content=\"industriall-union\" \/>\n<meta property=\"article:modified_time\" content=\"2025-01-28T05:31:03+00:00\" \/>\n<meta name=\"twitter:card\" content=\"summary_large_image\" \/>\n<meta name=\"twitter:label1\" content=\"Est. reading time\" \/>\n\t<meta name=\"twitter:data1\" content=\"3 minutes\" \/>\n<script type=\"application\/ld+json\" class=\"yoast-schema-graph\">{\"@context\":\"https:\/\/schema.org\",\"@graph\":[{\"@type\":\"WebPage\",\"@id\":\"https:\/\/admin.industriall-union.org\/fr\/realiser-un-changement-durable\/\",\"url\":\"https:\/\/admin.industriall-union.org\/fr\/realiser-un-changement-durable\/\",\"name\":\"R\u00e9aliser un changement durable - industriall-union\",\"isPartOf\":{\"@id\":\"https:\/\/admin.industriall-union.org\/#website\"},\"datePublished\":\"2021-12-17T20:37:25+00:00\",\"dateModified\":\"2025-01-28T05:31:03+00:00\",\"description\":\"Deux nouvelles Copr\u00e9sidentes ont \u00e9t\u00e9 \u00e9lues pour les quatre prochaines ann\u00e9es&nbsp;: Hashmeya Muhsen Alsaad, Vice-pr\u00e9sidente du Syndicat g\u00e9n\u00e9ral des\",\"breadcrumb\":{\"@id\":\"https:\/\/admin.industriall-union.org\/fr\/realiser-un-changement-durable\/#breadcrumb\"},\"inLanguage\":\"fr-FR\",\"potentialAction\":[{\"@type\":\"ReadAction\",\"target\":[\"https:\/\/admin.industriall-union.org\/fr\/realiser-un-changement-durable\/\"]}]},{\"@type\":\"BreadcrumbList\",\"@id\":\"https:\/\/admin.industriall-union.org\/fr\/realiser-un-changement-durable\/#breadcrumb\",\"itemListElement\":[{\"@type\":\"ListItem\",\"position\":1,\"name\":\"Home\",\"item\":\"https:\/\/admin.industriall-union.org\/\"},{\"@type\":\"ListItem\",\"position\":2,\"name\":\"Articles\",\"item\":\"https:\/\/admin.industriall-union.org\/article\/\"},{\"@type\":\"ListItem\",\"position\":3,\"name\":\"R\u00e9aliser un changement durable\"}]},{\"@type\":\"WebSite\",\"@id\":\"https:\/\/admin.industriall-union.org\/#website\",\"url\":\"https:\/\/admin.industriall-union.org\/\",\"name\":\"industriall-union\",\"description\":\"\",\"potentialAction\":[{\"@type\":\"SearchAction\",\"target\":{\"@type\":\"EntryPoint\",\"urlTemplate\":\"https:\/\/admin.industriall-union.org\/?s={search_term_string}\"},\"query-input\":{\"@type\":\"PropertyValueSpecification\",\"valueRequired\":true,\"valueName\":\"search_term_string\"}}],\"inLanguage\":\"fr-FR\"}]}<\/script>\n<!-- \/ Yoast SEO Premium plugin. -->","yoast_head_json":{"title":"R\u00e9aliser un changement durable - industriall-union","description":"Deux nouvelles Copr\u00e9sidentes ont \u00e9t\u00e9 \u00e9lues pour les quatre prochaines ann\u00e9es&nbsp;: Hashmeya Muhsen Alsaad, Vice-pr\u00e9sidente du Syndicat g\u00e9n\u00e9ral des","robots":{"index":"index","follow":"follow","max-snippet":"max-snippet:-1","max-image-preview":"max-image-preview:large","max-video-preview":"max-video-preview:-1"},"canonical":"https:\/\/admin.industriall-union.org\/fr\/realiser-un-changement-durable\/","og_locale":"fr_FR","og_type":"article","og_title":"R\u00e9aliser un changement durable","og_description":"Deux nouvelles Copr\u00e9sidentes ont \u00e9t\u00e9 \u00e9lues pour les quatre prochaines ann\u00e9es&nbsp;: Hashmeya Muhsen Alsaad, Vice-pr\u00e9sidente du Syndicat g\u00e9n\u00e9ral des","og_url":"https:\/\/admin.industriall-union.org\/fr\/realiser-un-changement-durable\/","og_site_name":"industriall-union","article_modified_time":"2025-01-28T05:31:03+00:00","twitter_card":"summary_large_image","twitter_misc":{"Est. reading time":"3 minutes"},"schema":{"@context":"https:\/\/schema.org","@graph":[{"@type":"WebPage","@id":"https:\/\/admin.industriall-union.org\/fr\/realiser-un-changement-durable\/","url":"https:\/\/admin.industriall-union.org\/fr\/realiser-un-changement-durable\/","name":"R\u00e9aliser un changement durable - industriall-union","isPartOf":{"@id":"https:\/\/admin.industriall-union.org\/#website"},"datePublished":"2021-12-17T20:37:25+00:00","dateModified":"2025-01-28T05:31:03+00:00","description":"Deux nouvelles Copr\u00e9sidentes ont \u00e9t\u00e9 \u00e9lues pour les quatre prochaines ann\u00e9es&nbsp;: Hashmeya Muhsen Alsaad, Vice-pr\u00e9sidente du Syndicat g\u00e9n\u00e9ral des","breadcrumb":{"@id":"https:\/\/admin.industriall-union.org\/fr\/realiser-un-changement-durable\/#breadcrumb"},"inLanguage":"fr-FR","potentialAction":[{"@type":"ReadAction","target":["https:\/\/admin.industriall-union.org\/fr\/realiser-un-changement-durable\/"]}]},{"@type":"BreadcrumbList","@id":"https:\/\/admin.industriall-union.org\/fr\/realiser-un-changement-durable\/#breadcrumb","itemListElement":[{"@type":"ListItem","position":1,"name":"Home","item":"https:\/\/admin.industriall-union.org\/"},{"@type":"ListItem","position":2,"name":"Articles","item":"https:\/\/admin.industriall-union.org\/article\/"},{"@type":"ListItem","position":3,"name":"R\u00e9aliser un changement durable"}]},{"@type":"WebSite","@id":"https:\/\/admin.industriall-union.org\/#website","url":"https:\/\/admin.industriall-union.org\/","name":"industriall-union","description":"","potentialAction":[{"@type":"SearchAction","target":{"@type":"EntryPoint","urlTemplate":"https:\/\/admin.industriall-union.org\/?s={search_term_string}"},"query-input":{"@type":"PropertyValueSpecification","valueRequired":true,"valueName":"search_term_string"}}],"inLanguage":"fr-FR"}]}},"_links":{"self":[{"href":"https:\/\/admin.industriall-union.org\/fr\/wp-json\/wp\/v2\/article\/144289","targetHints":{"allow":["GET"]}}],"collection":[{"href":"https:\/\/admin.industriall-union.org\/fr\/wp-json\/wp\/v2\/article"}],"about":[{"href":"https:\/\/admin.industriall-union.org\/fr\/wp-json\/wp\/v2\/types\/article"}],"wp:attachment":[{"href":"https:\/\/admin.industriall-union.org\/fr\/wp-json\/wp\/v2\/media?parent=144289"}],"wp:term":[{"taxonomy":"issues","embeddable":true,"href":"https:\/\/admin.industriall-union.org\/fr\/wp-json\/wp\/v2\/issues?post=144289"},{"taxonomy":"companies","embeddable":true,"href":"https:\/\/admin.industriall-union.org\/fr\/wp-json\/wp\/v2\/companies?post=144289"},{"taxonomy":"regions","embeddable":true,"href":"https:\/\/admin.industriall-union.org\/fr\/wp-json\/wp\/v2\/regions?post=144289"},{"taxonomy":"sectors","embeddable":true,"href":"https:\/\/admin.industriall-union.org\/fr\/wp-json\/wp\/v2\/sectors?post=144289"},{"taxonomy":"article_tags","embeddable":true,"href":"https:\/\/admin.industriall-union.org\/fr\/wp-json\/wp\/v2\/article_tags?post=144289"}],"curies":[{"name":"wp","href":"https:\/\/api.w.org\/{rel}","templated":true}]}}