{"id":144271,"date":"2022-01-11T16:37:27","date_gmt":"2022-01-11T16:37:27","guid":{"rendered":"https:\/\/admin.industriall-union.org\/accord-historique-pour-les-syndicats-du-sri-lanka-dans-la-chaine-d-approvisionnement-mondiale-de-l-habillement\/"},"modified":"2025-01-28T05:17:00","modified_gmt":"2025-01-28T05:17:00","slug":"accord-historique-pour-les-syndicats-du-sri-lanka-dans-la-chaine-d-approvisionnement-mondiale-de-l-habillement","status":"publish","type":"article","link":"https:\/\/admin.industriall-union.org\/fr\/accord-historique-pour-les-syndicats-du-sri-lanka-dans-la-chaine-d-approvisionnement-mondiale-de-l-habillement\/","title":{"rendered":"Accord historique pour les syndicats du Sri Lanka dans la cha\u00eene d\u2019approvisionnement mondiale de l\u2019habillement"},"content":{"rendered":"<p>Ce protocole d&rsquo;accord, sign\u00e9 le 23 d\u00e9cembre dernier, pr\u00e9voit la mise en place d&rsquo;un m\u00e9canisme bipartite de r\u00e9solution des conflits par les syndicats et le JAAF. Tout grief soulev\u00e9 par les syndicats sera transmis au comit\u00e9 ex\u00e9cutif de le JAAF et au collectif syndical pour examen. Le JAAF et le syndicat concern\u00e9 collaboreront alors pour r\u00e9soudre le probl\u00e8me dans un d\u00e9lai d&rsquo;un mois, ou prolongeront mutuellement ce d\u00e9lai et demanderont une intervention externe ind\u00e9pendante pour les aider \u00e0 trouver une solution.<\/p><p>L&rsquo;accord pr\u00e9voit \u00e9galement la mise en place de comit\u00e9s de sant\u00e9 bipartites compos\u00e9s d&rsquo;un nombre \u00e9gal de travailleurs et d&rsquo;employeurs dans chaque usine de confection et de v\u00eatements afin d&rsquo;am\u00e9liorer la sant\u00e9 et la s\u00e9curit\u00e9, d&rsquo;att\u00e9nuer les risques pos\u00e9s par la Covid-19 et de garantir le respect des directives \u00e9mises par le Minist\u00e8re de la Sant\u00e9 concernant les lieux de travail.<\/p><blockquote><p>&ldquo;Cet accord avec le JAAF est une reconnaissance que les syndicats font partie int\u00e9grante de l&rsquo;industrie de la confection. Nous travaillerons ensemble pour veiller \u00e0 ce que l&rsquo;accord soit mis en \u0153uvre et que les travailleurs et travailleuses en b\u00e9n\u00e9ficient,&rdquo;<\/p><\/blockquote><p>a indiqu\u00e9 Palitha Atukorale, Secr\u00e9taire g\u00e9n\u00e9ral du NUMMS.<\/p><p>Les syndicats et le JAAF ont sign\u00e9 un deuxi\u00e8me accord garantissant que les travailleurs et travailleuses recevront 50 % de leur salaire mensuel ou 14.500 roupies (71 dollars), le montant le plus \u00e9lev\u00e9 \u00e9tant retenu, en cas d&rsquo;absence pour cause de Covid-19.<\/p><blockquote><p>&ldquo;Nous saluons cet accord historique qui promeut le droit des travailleurs et travailleuses \u00e0 la libert\u00e9 syndicale et garantit la sant\u00e9 et la s\u00e9curit\u00e9 dans la cha\u00eene d&rsquo;approvisionnement mondiale de l&rsquo;habillement. L&rsquo;accord ouvre la voie \u00e0 une collaboration entre syndicats et employeurs pour att\u00e9nuer les r\u00e9percutions de la Covid-19 sur les travailleurs et travailleuses, ainsi qu&rsquo;\u00e0 des comit\u00e9s permanents de sant\u00e9 et s\u00e9curit\u00e9 dans les entreprises sri-lankaises,&rdquo;<\/p><\/blockquote><p>a d\u00e9clar\u00e9 Atle H\u00f8ie, Secr\u00e9taire g\u00e9n\u00e9ral d&rsquo;IndustriALL.<\/p><p><em>Photo&nbsp;: &copy;OIT\/M. Crozet<\/em><\/p>","protected":false},"featured_media":0,"template":"","issues":[396,402,398],"companies":[],"regions":[189],"sectors":[464],"article_tags":[],"class_list":["post-144271","article","type-article","status-publish","hentry","issues-building-strong-unions","issues-health-and-safety","issues-union-win","regions-sri-lanka","sectors-textile-leather-garment-shoes-and-textile-services"],"acf":[],"yoast_head":"<!-- This site is optimized with the Yoast SEO Premium plugin v27.1 (Yoast SEO v27.1) - https:\/\/yoast.com\/product\/yoast-seo-premium-wordpress\/ -->\n<title>Accord historique pour les syndicats du Sri Lanka dans la cha\u00eene d\u2019approvisionnement mondiale de l\u2019habillement - industriall-union<\/title>\n<meta name=\"description\" content=\"Ce protocole d&rsquo;accord, sign\u00e9 le 23 d\u00e9cembre dernier, pr\u00e9voit la mise en place d&rsquo;un m\u00e9canisme bipartite de r\u00e9solution des conflits par les\" \/>\n<meta name=\"robots\" content=\"index, follow, max-snippet:-1, max-image-preview:large, max-video-preview:-1\" \/>\n<link rel=\"canonical\" href=\"https:\/\/admin.industriall-union.org\/fr\/accord-historique-pour-les-syndicats-du-sri-lanka-dans-la-chaine-d-approvisionnement-mondiale-de-l-habillement\/\" \/>\n<meta property=\"og:locale\" content=\"fr_FR\" \/>\n<meta property=\"og:type\" content=\"article\" \/>\n<meta property=\"og:title\" content=\"Accord historique pour les syndicats du Sri Lanka dans la cha\u00eene d\u2019approvisionnement mondiale de l\u2019habillement\" \/>\n<meta property=\"og:description\" content=\"Ce protocole d&rsquo;accord, sign\u00e9 le 23 d\u00e9cembre dernier, pr\u00e9voit la mise en place d&rsquo;un m\u00e9canisme bipartite de r\u00e9solution des conflits par les\" \/>\n<meta property=\"og:url\" content=\"https:\/\/admin.industriall-union.org\/fr\/accord-historique-pour-les-syndicats-du-sri-lanka-dans-la-chaine-d-approvisionnement-mondiale-de-l-habillement\/\" \/>\n<meta property=\"og:site_name\" content=\"industriall-union\" \/>\n<meta property=\"article:modified_time\" content=\"2025-01-28T05:17:00+00:00\" \/>\n<meta name=\"twitter:card\" content=\"summary_large_image\" \/>\n<meta name=\"twitter:label1\" content=\"Est. reading time\" \/>\n\t<meta name=\"twitter:data1\" content=\"2 minutes\" \/>\n<script type=\"application\/ld+json\" class=\"yoast-schema-graph\">{\"@context\":\"https:\/\/schema.org\",\"@graph\":[{\"@type\":\"WebPage\",\"@id\":\"https:\/\/admin.industriall-union.org\/fr\/accord-historique-pour-les-syndicats-du-sri-lanka-dans-la-chaine-d-approvisionnement-mondiale-de-l-habillement\/\",\"url\":\"https:\/\/admin.industriall-union.org\/fr\/accord-historique-pour-les-syndicats-du-sri-lanka-dans-la-chaine-d-approvisionnement-mondiale-de-l-habillement\/\",\"name\":\"Accord historique pour les syndicats du Sri Lanka dans la cha\u00eene d\u2019approvisionnement mondiale de l\u2019habillement - industriall-union\",\"isPartOf\":{\"@id\":\"https:\/\/admin.industriall-union.org\/#website\"},\"datePublished\":\"2022-01-11T16:37:27+00:00\",\"dateModified\":\"2025-01-28T05:17:00+00:00\",\"description\":\"Ce protocole d&rsquo;accord, sign\u00e9 le 23 d\u00e9cembre dernier, pr\u00e9voit la mise en place d&rsquo;un m\u00e9canisme bipartite de r\u00e9solution des conflits par les\",\"breadcrumb\":{\"@id\":\"https:\/\/admin.industriall-union.org\/fr\/accord-historique-pour-les-syndicats-du-sri-lanka-dans-la-chaine-d-approvisionnement-mondiale-de-l-habillement\/#breadcrumb\"},\"inLanguage\":\"fr-FR\",\"potentialAction\":[{\"@type\":\"ReadAction\",\"target\":[\"https:\/\/admin.industriall-union.org\/fr\/accord-historique-pour-les-syndicats-du-sri-lanka-dans-la-chaine-d-approvisionnement-mondiale-de-l-habillement\/\"]}]},{\"@type\":\"BreadcrumbList\",\"@id\":\"https:\/\/admin.industriall-union.org\/fr\/accord-historique-pour-les-syndicats-du-sri-lanka-dans-la-chaine-d-approvisionnement-mondiale-de-l-habillement\/#breadcrumb\",\"itemListElement\":[{\"@type\":\"ListItem\",\"position\":1,\"name\":\"Home\",\"item\":\"https:\/\/admin.industriall-union.org\/\"},{\"@type\":\"ListItem\",\"position\":2,\"name\":\"Articles\",\"item\":\"https:\/\/admin.industriall-union.org\/article\/\"},{\"@type\":\"ListItem\",\"position\":3,\"name\":\"Accord historique pour les syndicats du Sri Lanka dans la cha\u00eene d\u2019approvisionnement mondiale de l\u2019habillement\"}]},{\"@type\":\"WebSite\",\"@id\":\"https:\/\/admin.industriall-union.org\/#website\",\"url\":\"https:\/\/admin.industriall-union.org\/\",\"name\":\"industriall-union\",\"description\":\"\",\"potentialAction\":[{\"@type\":\"SearchAction\",\"target\":{\"@type\":\"EntryPoint\",\"urlTemplate\":\"https:\/\/admin.industriall-union.org\/?s={search_term_string}\"},\"query-input\":{\"@type\":\"PropertyValueSpecification\",\"valueRequired\":true,\"valueName\":\"search_term_string\"}}],\"inLanguage\":\"fr-FR\"}]}<\/script>\n<!-- \/ Yoast SEO Premium plugin. -->","yoast_head_json":{"title":"Accord historique pour les syndicats du Sri Lanka dans la cha\u00eene d\u2019approvisionnement mondiale de l\u2019habillement - industriall-union","description":"Ce protocole d&rsquo;accord, sign\u00e9 le 23 d\u00e9cembre dernier, pr\u00e9voit la mise en place d&rsquo;un m\u00e9canisme bipartite de r\u00e9solution des conflits par les","robots":{"index":"index","follow":"follow","max-snippet":"max-snippet:-1","max-image-preview":"max-image-preview:large","max-video-preview":"max-video-preview:-1"},"canonical":"https:\/\/admin.industriall-union.org\/fr\/accord-historique-pour-les-syndicats-du-sri-lanka-dans-la-chaine-d-approvisionnement-mondiale-de-l-habillement\/","og_locale":"fr_FR","og_type":"article","og_title":"Accord historique pour les syndicats du Sri Lanka dans la cha\u00eene d\u2019approvisionnement mondiale de l\u2019habillement","og_description":"Ce protocole d&rsquo;accord, sign\u00e9 le 23 d\u00e9cembre dernier, pr\u00e9voit la mise en place d&rsquo;un m\u00e9canisme bipartite de r\u00e9solution des conflits par les","og_url":"https:\/\/admin.industriall-union.org\/fr\/accord-historique-pour-les-syndicats-du-sri-lanka-dans-la-chaine-d-approvisionnement-mondiale-de-l-habillement\/","og_site_name":"industriall-union","article_modified_time":"2025-01-28T05:17:00+00:00","twitter_card":"summary_large_image","twitter_misc":{"Est. reading time":"2 minutes"},"schema":{"@context":"https:\/\/schema.org","@graph":[{"@type":"WebPage","@id":"https:\/\/admin.industriall-union.org\/fr\/accord-historique-pour-les-syndicats-du-sri-lanka-dans-la-chaine-d-approvisionnement-mondiale-de-l-habillement\/","url":"https:\/\/admin.industriall-union.org\/fr\/accord-historique-pour-les-syndicats-du-sri-lanka-dans-la-chaine-d-approvisionnement-mondiale-de-l-habillement\/","name":"Accord historique pour les syndicats du Sri Lanka dans la cha\u00eene d\u2019approvisionnement mondiale de l\u2019habillement - industriall-union","isPartOf":{"@id":"https:\/\/admin.industriall-union.org\/#website"},"datePublished":"2022-01-11T16:37:27+00:00","dateModified":"2025-01-28T05:17:00+00:00","description":"Ce protocole d&rsquo;accord, sign\u00e9 le 23 d\u00e9cembre dernier, pr\u00e9voit la mise en place d&rsquo;un m\u00e9canisme bipartite de r\u00e9solution des conflits par les","breadcrumb":{"@id":"https:\/\/admin.industriall-union.org\/fr\/accord-historique-pour-les-syndicats-du-sri-lanka-dans-la-chaine-d-approvisionnement-mondiale-de-l-habillement\/#breadcrumb"},"inLanguage":"fr-FR","potentialAction":[{"@type":"ReadAction","target":["https:\/\/admin.industriall-union.org\/fr\/accord-historique-pour-les-syndicats-du-sri-lanka-dans-la-chaine-d-approvisionnement-mondiale-de-l-habillement\/"]}]},{"@type":"BreadcrumbList","@id":"https:\/\/admin.industriall-union.org\/fr\/accord-historique-pour-les-syndicats-du-sri-lanka-dans-la-chaine-d-approvisionnement-mondiale-de-l-habillement\/#breadcrumb","itemListElement":[{"@type":"ListItem","position":1,"name":"Home","item":"https:\/\/admin.industriall-union.org\/"},{"@type":"ListItem","position":2,"name":"Articles","item":"https:\/\/admin.industriall-union.org\/article\/"},{"@type":"ListItem","position":3,"name":"Accord historique pour les syndicats du Sri Lanka dans la cha\u00eene d\u2019approvisionnement mondiale de l\u2019habillement"}]},{"@type":"WebSite","@id":"https:\/\/admin.industriall-union.org\/#website","url":"https:\/\/admin.industriall-union.org\/","name":"industriall-union","description":"","potentialAction":[{"@type":"SearchAction","target":{"@type":"EntryPoint","urlTemplate":"https:\/\/admin.industriall-union.org\/?s={search_term_string}"},"query-input":{"@type":"PropertyValueSpecification","valueRequired":true,"valueName":"search_term_string"}}],"inLanguage":"fr-FR"}]}},"_links":{"self":[{"href":"https:\/\/admin.industriall-union.org\/fr\/wp-json\/wp\/v2\/article\/144271","targetHints":{"allow":["GET"]}}],"collection":[{"href":"https:\/\/admin.industriall-union.org\/fr\/wp-json\/wp\/v2\/article"}],"about":[{"href":"https:\/\/admin.industriall-union.org\/fr\/wp-json\/wp\/v2\/types\/article"}],"wp:attachment":[{"href":"https:\/\/admin.industriall-union.org\/fr\/wp-json\/wp\/v2\/media?parent=144271"}],"wp:term":[{"taxonomy":"issues","embeddable":true,"href":"https:\/\/admin.industriall-union.org\/fr\/wp-json\/wp\/v2\/issues?post=144271"},{"taxonomy":"companies","embeddable":true,"href":"https:\/\/admin.industriall-union.org\/fr\/wp-json\/wp\/v2\/companies?post=144271"},{"taxonomy":"regions","embeddable":true,"href":"https:\/\/admin.industriall-union.org\/fr\/wp-json\/wp\/v2\/regions?post=144271"},{"taxonomy":"sectors","embeddable":true,"href":"https:\/\/admin.industriall-union.org\/fr\/wp-json\/wp\/v2\/sectors?post=144271"},{"taxonomy":"article_tags","embeddable":true,"href":"https:\/\/admin.industriall-union.org\/fr\/wp-json\/wp\/v2\/article_tags?post=144271"}],"curies":[{"name":"wp","href":"https:\/\/api.w.org\/{rel}","templated":true}]}}