{"id":144254,"date":"2022-01-20T08:37:22","date_gmt":"2022-01-20T08:37:22","guid":{"rendered":"https:\/\/admin.industriall-union.org\/le-harcelement-s-039-intensifie-contre-les-dirigeants-des-syndicats-et-leurs-adherents-au-belarus\/"},"modified":"2025-01-28T05:12:39","modified_gmt":"2025-01-28T05:12:39","slug":"le-harcelement-s-039-intensifie-contre-les-dirigeants-des-syndicats-et-leurs-adherents-au-belarus","status":"publish","type":"article","link":"https:\/\/admin.industriall-union.org\/fr\/le-harcelement-s-039-intensifie-contre-les-dirigeants-des-syndicats-et-leurs-adherents-au-belarus\/","title":{"rendered":"Le harc\u00e8lement s&#039;intensifie contre les dirigeants des syndicats et leurs adh\u00e9rents au B\u00e9larus"},"content":{"rendered":"<p>Presque tous les dirigeants des sections locales du SPM ont \u00e9t\u00e9 licenci\u00e9s par les grandes compagnies, dont l&#039;usine automobile de Minsk (MAZ), l&#039;entreprise BELAZ, l&#039;atelier de tracteurs de Minsk MTW, BKM Holding, l&#039;usine de moteurs de Minsk MMP, l&#039;Usine de tracteurs de Minsk et l&#039;Usine d&#039;\u00e9lectrotechnique de Minsk.<\/p><p>Le 17 novembre, le responsable de la section locale du SPM \u00e0 la MAZ, Artyom Zhernak, a \u00e9t\u00e9 incarc\u00e9r\u00e9 sur ordre du Comit\u00e9 de la s\u00e9curit\u00e9 d&#039;\u00c9tat et son appartement a \u00e9t\u00e9 perquisitionn\u00e9 \u00e0 deux reprises. Ils est toujours en d\u00e9tention.<\/p><p>Le domicile d&#039;Alla Tsvirko, une militante du SPM employ\u00e9e \u00e0 la MAZ, a aussi \u00e9t\u00e9 perquisitionn\u00e9. Sous la menace de poursuites p\u00e9nales, elle a d\u00fb fuir le B\u00e9larus, tout comme son coll\u00e8gue charg\u00e9 de la presse, Sergey Gultsov.<\/p><p>La r\u00e9pression contre les adh\u00e9rents du SPM s&#039;est intensifi\u00e9e \u00e0 l&#039;entreprise MMP. Le 21 octobre, Nikola\u00ef Chibeko a \u00e9t\u00e9 interpell\u00e9, son domicile perquisitionn\u00e9 et du mat\u00e9riel a \u00e9t\u00e9 saisi. Le 22, des agents de la s\u00e9curit\u00e9 d&#039;\u00c9tat ont arr\u00eat\u00e9 Pavel Ga\u00efduk et Daniil Vosinsky sur leur lieu de travail. Ils ont \u00e9t\u00e9 condamn\u00e9s \u00e0 10 et 15 jours de d\u00e9tention respectivement avant d&#039;\u00eatre licenci\u00e9s par MMP \u00e0 leur remise en libert\u00e9.<\/p><p>Le m\u00eame jour, Alexander Mogilevitch, lui aussi syndiqu\u00e9, a \u00e9t\u00e9 interrog\u00e9 par le Comit\u00e9 de la s\u00e9curit\u00e9 d&#039;\u00c9tat. Le 3 novembre, Viktor Verovsky, un membre du SPM dont le contrat avec MMP n&#039;a pas \u00e9t\u00e9 reconduit pendant l&#039;\u00e9t\u00e9, a \u00e9t\u00e9 arr\u00eat\u00e9 et condamn\u00e9 \u00e0 45 jours de d\u00e9tention. Des agents de la s\u00e9curit\u00e9 d&#039;\u00c9tat ont perquisitionn\u00e9 le domicile d&#039;Andre\u00ef Komlik-Yamatin, ancien salari\u00e9 de MMP et membre du SPM, et il a \u00e9t\u00e9 forc\u00e9 de quitter le pays.<\/p><p>Le domicile du militant du SPM employ\u00e9 chez BELAZ Alexander Smolsky, a \u00e9t\u00e9 perquisitionn\u00e9 \u00e0 trois reprises et il a d\u00fb fuir le B\u00e9larus sous la menace de poursuites p\u00e9nales. Fin 2021, apr\u00e8s des pressions et menaces r\u00e9p\u00e9t\u00e9es, BELAZ n&#039;a pas renouvel\u00e9 le contrat de travail d&#039;Alexey Gubitch, le pr\u00e9sident de la section locale du SPM. Apr\u00e8s son licenciement, quatre membres de la section locale du SPM ont \u00e9t\u00e9 priv\u00e9 du versement de leurs primes.<\/p><p>Le 7 d\u00e9cembre, Viktor Mikhalchik, membre du SPM, a \u00e9t\u00e9 arr\u00eat\u00e9 pendant deux jours \u00e0 Grodno avant d&#039;\u00eatre condamn\u00e9 \u00e0 une amende de 800 roubles (310 $).<\/p><p>Le harc\u00e8lement des syndicalistes se traduit aussi par de la discrimination, les membres du SPM \u00e9tant exclus des listes de travailleurs pouvant pr\u00e9tendre \u00e0 diverses primes et mesures d&#039;incitation pr\u00e9vues dans les conventions collectives.<\/p><p>Dans un courrier au pr\u00e9sident du Comit\u00e9 d&#039;enqu\u00eate et au procureur g\u00e9n\u00e9ral de la R\u00e9publique du B\u00e9larus, le secr\u00e9taire g\u00e9n\u00e9ral d&#039;IndustriALL, Atle H\u00f8ie, \u00e9crit :<\/p><blockquote><p>&quot;Nous vous exhortons \u00e0 remettre imm\u00e9diatement en libert\u00e9 tous les responsables et activistes syndicaux d\u00e9tenus ill\u00e9galement, dont Artyom Zhernak, et \u00e0 stopper les violations continues des obligations internationales contract\u00e9es par la convention 87 de l&#039;OIT que le B\u00e9larus a ratifi\u00e9e.&quot;&nbsp;<\/p><\/blockquote>","protected":false},"featured_media":0,"template":"","issues":[424,425],"companies":[],"regions":[207],"sectors":[],"article_tags":[],"class_list":["post-144254","article","type-article","status-publish","hentry","issues-violation","issues-workers-rights","regions-belarus"],"acf":[],"yoast_head":"<!-- This site is optimized with the Yoast SEO Premium plugin v27.1 (Yoast SEO v27.1) - https:\/\/yoast.com\/product\/yoast-seo-premium-wordpress\/ -->\n<title>Le harc\u00e8lement s&#039;intensifie contre les dirigeants des syndicats et leurs adh\u00e9rents au B\u00e9larus - industriall-union<\/title>\n<meta name=\"description\" content=\"Presque tous les dirigeants des sections locales du SPM ont \u00e9t\u00e9 licenci\u00e9s par les grandes compagnies, dont l&#039;usine automobile de Minsk (MAZ),\" \/>\n<meta name=\"robots\" content=\"index, follow, max-snippet:-1, max-image-preview:large, max-video-preview:-1\" \/>\n<link rel=\"canonical\" href=\"https:\/\/admin.industriall-union.org\/fr\/le-harcelement-s-039-intensifie-contre-les-dirigeants-des-syndicats-et-leurs-adherents-au-belarus\/\" \/>\n<meta property=\"og:locale\" content=\"fr_FR\" \/>\n<meta property=\"og:type\" content=\"article\" \/>\n<meta property=\"og:title\" content=\"Le harc\u00e8lement s&#039;intensifie contre les dirigeants des syndicats et leurs adh\u00e9rents au B\u00e9larus\" \/>\n<meta property=\"og:description\" content=\"Presque tous les dirigeants des sections locales du SPM ont \u00e9t\u00e9 licenci\u00e9s par les grandes compagnies, dont l&#039;usine automobile de Minsk (MAZ),\" \/>\n<meta property=\"og:url\" content=\"https:\/\/admin.industriall-union.org\/fr\/le-harcelement-s-039-intensifie-contre-les-dirigeants-des-syndicats-et-leurs-adherents-au-belarus\/\" \/>\n<meta property=\"og:site_name\" content=\"industriall-union\" \/>\n<meta property=\"article:modified_time\" content=\"2025-01-28T05:12:39+00:00\" \/>\n<meta name=\"twitter:card\" content=\"summary_large_image\" \/>\n<meta name=\"twitter:label1\" content=\"Est. reading time\" \/>\n\t<meta name=\"twitter:data1\" content=\"3 minutes\" \/>\n<script type=\"application\/ld+json\" class=\"yoast-schema-graph\">{\"@context\":\"https:\/\/schema.org\",\"@graph\":[{\"@type\":\"WebPage\",\"@id\":\"https:\/\/admin.industriall-union.org\/fr\/le-harcelement-s-039-intensifie-contre-les-dirigeants-des-syndicats-et-leurs-adherents-au-belarus\/\",\"url\":\"https:\/\/admin.industriall-union.org\/fr\/le-harcelement-s-039-intensifie-contre-les-dirigeants-des-syndicats-et-leurs-adherents-au-belarus\/\",\"name\":\"Le harc\u00e8lement s&#039;intensifie contre les dirigeants des syndicats et leurs adh\u00e9rents au B\u00e9larus - industriall-union\",\"isPartOf\":{\"@id\":\"https:\/\/admin.industriall-union.org\/#website\"},\"datePublished\":\"2022-01-20T08:37:22+00:00\",\"dateModified\":\"2025-01-28T05:12:39+00:00\",\"description\":\"Presque tous les dirigeants des sections locales du SPM ont \u00e9t\u00e9 licenci\u00e9s par les grandes compagnies, dont l&#039;usine automobile de Minsk (MAZ),\",\"breadcrumb\":{\"@id\":\"https:\/\/admin.industriall-union.org\/fr\/le-harcelement-s-039-intensifie-contre-les-dirigeants-des-syndicats-et-leurs-adherents-au-belarus\/#breadcrumb\"},\"inLanguage\":\"fr-FR\",\"potentialAction\":[{\"@type\":\"ReadAction\",\"target\":[\"https:\/\/admin.industriall-union.org\/fr\/le-harcelement-s-039-intensifie-contre-les-dirigeants-des-syndicats-et-leurs-adherents-au-belarus\/\"]}]},{\"@type\":\"BreadcrumbList\",\"@id\":\"https:\/\/admin.industriall-union.org\/fr\/le-harcelement-s-039-intensifie-contre-les-dirigeants-des-syndicats-et-leurs-adherents-au-belarus\/#breadcrumb\",\"itemListElement\":[{\"@type\":\"ListItem\",\"position\":1,\"name\":\"Home\",\"item\":\"https:\/\/admin.industriall-union.org\/\"},{\"@type\":\"ListItem\",\"position\":2,\"name\":\"Articles\",\"item\":\"https:\/\/admin.industriall-union.org\/article\/\"},{\"@type\":\"ListItem\",\"position\":3,\"name\":\"Le harc\u00e8lement s&#039;intensifie contre les dirigeants des syndicats et leurs adh\u00e9rents au B\u00e9larus\"}]},{\"@type\":\"WebSite\",\"@id\":\"https:\/\/admin.industriall-union.org\/#website\",\"url\":\"https:\/\/admin.industriall-union.org\/\",\"name\":\"industriall-union\",\"description\":\"\",\"potentialAction\":[{\"@type\":\"SearchAction\",\"target\":{\"@type\":\"EntryPoint\",\"urlTemplate\":\"https:\/\/admin.industriall-union.org\/?s={search_term_string}\"},\"query-input\":{\"@type\":\"PropertyValueSpecification\",\"valueRequired\":true,\"valueName\":\"search_term_string\"}}],\"inLanguage\":\"fr-FR\"}]}<\/script>\n<!-- \/ Yoast SEO Premium plugin. -->","yoast_head_json":{"title":"Le harc\u00e8lement s&#039;intensifie contre les dirigeants des syndicats et leurs adh\u00e9rents au B\u00e9larus - industriall-union","description":"Presque tous les dirigeants des sections locales du SPM ont \u00e9t\u00e9 licenci\u00e9s par les grandes compagnies, dont l&#039;usine automobile de Minsk (MAZ),","robots":{"index":"index","follow":"follow","max-snippet":"max-snippet:-1","max-image-preview":"max-image-preview:large","max-video-preview":"max-video-preview:-1"},"canonical":"https:\/\/admin.industriall-union.org\/fr\/le-harcelement-s-039-intensifie-contre-les-dirigeants-des-syndicats-et-leurs-adherents-au-belarus\/","og_locale":"fr_FR","og_type":"article","og_title":"Le harc\u00e8lement s&#039;intensifie contre les dirigeants des syndicats et leurs adh\u00e9rents au B\u00e9larus","og_description":"Presque tous les dirigeants des sections locales du SPM ont \u00e9t\u00e9 licenci\u00e9s par les grandes compagnies, dont l&#039;usine automobile de Minsk (MAZ),","og_url":"https:\/\/admin.industriall-union.org\/fr\/le-harcelement-s-039-intensifie-contre-les-dirigeants-des-syndicats-et-leurs-adherents-au-belarus\/","og_site_name":"industriall-union","article_modified_time":"2025-01-28T05:12:39+00:00","twitter_card":"summary_large_image","twitter_misc":{"Est. reading time":"3 minutes"},"schema":{"@context":"https:\/\/schema.org","@graph":[{"@type":"WebPage","@id":"https:\/\/admin.industriall-union.org\/fr\/le-harcelement-s-039-intensifie-contre-les-dirigeants-des-syndicats-et-leurs-adherents-au-belarus\/","url":"https:\/\/admin.industriall-union.org\/fr\/le-harcelement-s-039-intensifie-contre-les-dirigeants-des-syndicats-et-leurs-adherents-au-belarus\/","name":"Le harc\u00e8lement s&#039;intensifie contre les dirigeants des syndicats et leurs adh\u00e9rents au B\u00e9larus - industriall-union","isPartOf":{"@id":"https:\/\/admin.industriall-union.org\/#website"},"datePublished":"2022-01-20T08:37:22+00:00","dateModified":"2025-01-28T05:12:39+00:00","description":"Presque tous les dirigeants des sections locales du SPM ont \u00e9t\u00e9 licenci\u00e9s par les grandes compagnies, dont l&#039;usine automobile de Minsk (MAZ),","breadcrumb":{"@id":"https:\/\/admin.industriall-union.org\/fr\/le-harcelement-s-039-intensifie-contre-les-dirigeants-des-syndicats-et-leurs-adherents-au-belarus\/#breadcrumb"},"inLanguage":"fr-FR","potentialAction":[{"@type":"ReadAction","target":["https:\/\/admin.industriall-union.org\/fr\/le-harcelement-s-039-intensifie-contre-les-dirigeants-des-syndicats-et-leurs-adherents-au-belarus\/"]}]},{"@type":"BreadcrumbList","@id":"https:\/\/admin.industriall-union.org\/fr\/le-harcelement-s-039-intensifie-contre-les-dirigeants-des-syndicats-et-leurs-adherents-au-belarus\/#breadcrumb","itemListElement":[{"@type":"ListItem","position":1,"name":"Home","item":"https:\/\/admin.industriall-union.org\/"},{"@type":"ListItem","position":2,"name":"Articles","item":"https:\/\/admin.industriall-union.org\/article\/"},{"@type":"ListItem","position":3,"name":"Le harc\u00e8lement s&#039;intensifie contre les dirigeants des syndicats et leurs adh\u00e9rents au B\u00e9larus"}]},{"@type":"WebSite","@id":"https:\/\/admin.industriall-union.org\/#website","url":"https:\/\/admin.industriall-union.org\/","name":"industriall-union","description":"","potentialAction":[{"@type":"SearchAction","target":{"@type":"EntryPoint","urlTemplate":"https:\/\/admin.industriall-union.org\/?s={search_term_string}"},"query-input":{"@type":"PropertyValueSpecification","valueRequired":true,"valueName":"search_term_string"}}],"inLanguage":"fr-FR"}]}},"_links":{"self":[{"href":"https:\/\/admin.industriall-union.org\/fr\/wp-json\/wp\/v2\/article\/144254","targetHints":{"allow":["GET"]}}],"collection":[{"href":"https:\/\/admin.industriall-union.org\/fr\/wp-json\/wp\/v2\/article"}],"about":[{"href":"https:\/\/admin.industriall-union.org\/fr\/wp-json\/wp\/v2\/types\/article"}],"wp:attachment":[{"href":"https:\/\/admin.industriall-union.org\/fr\/wp-json\/wp\/v2\/media?parent=144254"}],"wp:term":[{"taxonomy":"issues","embeddable":true,"href":"https:\/\/admin.industriall-union.org\/fr\/wp-json\/wp\/v2\/issues?post=144254"},{"taxonomy":"companies","embeddable":true,"href":"https:\/\/admin.industriall-union.org\/fr\/wp-json\/wp\/v2\/companies?post=144254"},{"taxonomy":"regions","embeddable":true,"href":"https:\/\/admin.industriall-union.org\/fr\/wp-json\/wp\/v2\/regions?post=144254"},{"taxonomy":"sectors","embeddable":true,"href":"https:\/\/admin.industriall-union.org\/fr\/wp-json\/wp\/v2\/sectors?post=144254"},{"taxonomy":"article_tags","embeddable":true,"href":"https:\/\/admin.industriall-union.org\/fr\/wp-json\/wp\/v2\/article_tags?post=144254"}],"curies":[{"name":"wp","href":"https:\/\/api.w.org\/{rel}","templated":true}]}}