{"id":144215,"date":"2022-02-01T08:15:54","date_gmt":"2022-02-01T08:15:54","guid":{"rendered":"https:\/\/admin.industriall-union.org\/les-travailleurs-de-general-motors-mexique-elisent-de-nouveaux-representants-syndicaux\/"},"modified":"2025-01-28T04:55:41","modified_gmt":"2025-01-28T04:55:41","slug":"les-travailleurs-de-general-motors-mexique-elisent-de-nouveaux-representants-syndicaux","status":"publish","type":"article","link":"https:\/\/admin.industriall-union.org\/fr\/les-travailleurs-de-general-motors-mexique-elisent-de-nouveaux-representants-syndicaux\/","title":{"rendered":"Les travailleurs de General Motors Mexique \u00e9lisent de nouveaux repr\u00e9sentants syndicaux"},"content":{"rendered":"<p>En ao\u00fbt 2021, lors d&rsquo;un vote requis dans le cadre du processus de la r\u00e9forme du travail au Mexique, les travailleurs et travailleuses ont rejet\u00e9 la convention collective sign\u00e9e par l&rsquo;ancien syndicat Miguel Trujillo L\u00f3pez, affili\u00e9 \u00e0 la Conf\u00e9d\u00e9ration des travailleurs mexicains (CTM), accusant ce syndicat de prendre parti pour GM et de faire passer les int\u00e9r\u00eats de l&rsquo;entreprise avant ceux de ses membres.<\/p><p>Les travailleurs et travailleuses ayant vot\u00e9 contre l&rsquo;ancienne convention, <a href=\"https:\/\/www.industriall-union.org\/trabajadores-de-gm-crean-el-sindicato-independiente-en-silao-para-dar-pelea-por-el-contrato\">des \u00e9lections sont maintenant organis\u00e9es<\/a> pour choisir un nouveau syndicat.<\/p><p>La f\u00e9d\u00e9ration syndicale am\u00e9ricaine AFL-CIO, a exhort\u00e9 GM et l&rsquo;autorit\u00e9 mexicaine du travail \u00e0 garantir un processus \u00e9lectoral juste et libre, pendant et apr\u00e8s le scrutin lui-m\u00eame, comme l&rsquo;exigent l&rsquo;accord \u00c9tats-Unis-Mexique-Canada (USMCA) et la r\u00e9forme du travail au Mexique.<\/p><p>Le R\u00e9seau r\u00e9gional des travailleurs de GM, compos\u00e9 de membres des affili\u00e9s d&rsquo;IndustriALL Global Union \u00e0 travers les Am\u00e9riques, affirme que tous les travailleurs et travailleuses ont le droit d&rsquo;\u00eatre repr\u00e9sent\u00e9s par un syndicat d\u00e9mocratiquement \u00e9lu et de b\u00e9n\u00e9ficier d&rsquo;un processus de n\u00e9gociation collective libre et \u00e9quitable.<\/p><p>Pour garantir la transparence du processus de vote, les gouvernements mexicain et am\u00e9ricain sont convenus de la pr\u00e9sence d&rsquo;observateurs de l&rsquo;Organisation internationale du travail (OIT), de l&rsquo;Institut national \u00e9lectoral (INE) et du Comit\u00e9 national des droits de l&rsquo;homme du Mexique.<\/p><p>Comme convenu avec le Centre f\u00e9d\u00e9ral de conciliation et d&rsquo;enregistrement des syndicats, quatre syndicats se pr\u00e9senteront aux \u00e9lections.<\/p><p>L&rsquo;un d&rsquo;eux est le Syndicat national des travailleurs de l&rsquo;automobile (SINTTIA), soutenu par le r\u00e9seau r\u00e9gional des travailleurs de GM et cr\u00e9\u00e9 par des employ\u00e9s actifs et ind\u00e9pendants de GM qui ont vot\u00e9 contre l&rsquo;accord pr\u00e9c\u00e9dent.<\/p><p>Les trois autres syndicats sont li\u00e9s \u00e0 la CTM. Il s&rsquo;agit du Syndicat national des travailleurs et employ\u00e9s du transport automobile, de la construction, de l&rsquo;automobile, des pi\u00e8ces d\u00e9tach\u00e9es automobiles et des industries similaires&nbsp;; du Syndicat national des travailleurs de l&rsquo;automobile et des industries m\u00e9talliques&nbsp;; et du Syndicat national de l&rsquo;industrie, du commerce et des services &ldquo;Carrillo Puerto&rdquo;.<\/p><section class=\"boxTurquoise\"><h3>IndustriALL se f\u00e9licite du processus de r\u00e9forme du travail qui a ouvert la voie permettant aux travailleurs et travailleuses d&rsquo;\u00e9lire leurs dirigeants et de peser sur leur convention collective de travail. Nous suivons de pr\u00e8s ce processus et, avec d&rsquo;autres affili\u00e9s et travailleurs de GM, nous souhaitons appeler \u00e0 un scrutin transparent et exprimer notre soutien aux travailleurs et travailleuses de l&rsquo;usine de Silao dans leur lutte pour la libert\u00e9 syndicale.<\/h3><\/section>","protected":false},"featured_media":0,"template":"","issues":[409,425],"companies":[58],"regions":[254,275],"sectors":[482],"article_tags":[],"class_list":["post-144215","article","type-article","status-publish","hentry","issues-multinational-companies-mncs","issues-workers-rights","companies-general-motors","regions-latin-america-and-the-caribbean","regions-mexico","sectors-automotive"],"acf":[],"yoast_head":"<!-- This site is optimized with the Yoast SEO Premium plugin v27.1 (Yoast SEO v27.1) - https:\/\/yoast.com\/product\/yoast-seo-premium-wordpress\/ -->\n<title>Les travailleurs de General Motors Mexique \u00e9lisent de nouveaux repr\u00e9sentants syndicaux - industriall-union<\/title>\n<meta name=\"description\" content=\"En ao\u00fbt 2021, lors d&rsquo;un vote requis dans le cadre du processus de la r\u00e9forme du travail au Mexique, les travailleurs et travailleuses ont rejet\u00e9 la\" \/>\n<meta name=\"robots\" content=\"index, follow, max-snippet:-1, max-image-preview:large, max-video-preview:-1\" \/>\n<link rel=\"canonical\" href=\"https:\/\/admin.industriall-union.org\/fr\/les-travailleurs-de-general-motors-mexique-elisent-de-nouveaux-representants-syndicaux\/\" \/>\n<meta property=\"og:locale\" content=\"fr_FR\" \/>\n<meta property=\"og:type\" content=\"article\" \/>\n<meta property=\"og:title\" content=\"Les travailleurs de General Motors Mexique \u00e9lisent de nouveaux repr\u00e9sentants syndicaux\" \/>\n<meta property=\"og:description\" content=\"En ao\u00fbt 2021, lors d&rsquo;un vote requis dans le cadre du processus de la r\u00e9forme du travail au Mexique, les travailleurs et travailleuses ont rejet\u00e9 la\" \/>\n<meta property=\"og:url\" content=\"https:\/\/admin.industriall-union.org\/fr\/les-travailleurs-de-general-motors-mexique-elisent-de-nouveaux-representants-syndicaux\/\" \/>\n<meta property=\"og:site_name\" content=\"industriall-union\" \/>\n<meta property=\"article:modified_time\" content=\"2025-01-28T04:55:41+00:00\" \/>\n<meta name=\"twitter:card\" content=\"summary_large_image\" \/>\n<meta name=\"twitter:label1\" content=\"Est. reading time\" \/>\n\t<meta name=\"twitter:data1\" content=\"2 minutes\" \/>\n<script type=\"application\/ld+json\" class=\"yoast-schema-graph\">{\"@context\":\"https:\/\/schema.org\",\"@graph\":[{\"@type\":\"WebPage\",\"@id\":\"https:\/\/admin.industriall-union.org\/fr\/les-travailleurs-de-general-motors-mexique-elisent-de-nouveaux-representants-syndicaux\/\",\"url\":\"https:\/\/admin.industriall-union.org\/fr\/les-travailleurs-de-general-motors-mexique-elisent-de-nouveaux-representants-syndicaux\/\",\"name\":\"Les travailleurs de General Motors Mexique \u00e9lisent de nouveaux repr\u00e9sentants syndicaux - industriall-union\",\"isPartOf\":{\"@id\":\"https:\/\/admin.industriall-union.org\/#website\"},\"datePublished\":\"2022-02-01T08:15:54+00:00\",\"dateModified\":\"2025-01-28T04:55:41+00:00\",\"description\":\"En ao\u00fbt 2021, lors d&rsquo;un vote requis dans le cadre du processus de la r\u00e9forme du travail au Mexique, les travailleurs et travailleuses ont rejet\u00e9 la\",\"breadcrumb\":{\"@id\":\"https:\/\/admin.industriall-union.org\/fr\/les-travailleurs-de-general-motors-mexique-elisent-de-nouveaux-representants-syndicaux\/#breadcrumb\"},\"inLanguage\":\"fr-FR\",\"potentialAction\":[{\"@type\":\"ReadAction\",\"target\":[\"https:\/\/admin.industriall-union.org\/fr\/les-travailleurs-de-general-motors-mexique-elisent-de-nouveaux-representants-syndicaux\/\"]}]},{\"@type\":\"BreadcrumbList\",\"@id\":\"https:\/\/admin.industriall-union.org\/fr\/les-travailleurs-de-general-motors-mexique-elisent-de-nouveaux-representants-syndicaux\/#breadcrumb\",\"itemListElement\":[{\"@type\":\"ListItem\",\"position\":1,\"name\":\"Home\",\"item\":\"https:\/\/admin.industriall-union.org\/\"},{\"@type\":\"ListItem\",\"position\":2,\"name\":\"Articles\",\"item\":\"https:\/\/admin.industriall-union.org\/article\/\"},{\"@type\":\"ListItem\",\"position\":3,\"name\":\"Les travailleurs de General Motors Mexique \u00e9lisent de nouveaux repr\u00e9sentants syndicaux\"}]},{\"@type\":\"WebSite\",\"@id\":\"https:\/\/admin.industriall-union.org\/#website\",\"url\":\"https:\/\/admin.industriall-union.org\/\",\"name\":\"industriall-union\",\"description\":\"\",\"potentialAction\":[{\"@type\":\"SearchAction\",\"target\":{\"@type\":\"EntryPoint\",\"urlTemplate\":\"https:\/\/admin.industriall-union.org\/?s={search_term_string}\"},\"query-input\":{\"@type\":\"PropertyValueSpecification\",\"valueRequired\":true,\"valueName\":\"search_term_string\"}}],\"inLanguage\":\"fr-FR\"}]}<\/script>\n<!-- \/ Yoast SEO Premium plugin. -->","yoast_head_json":{"title":"Les travailleurs de General Motors Mexique \u00e9lisent de nouveaux repr\u00e9sentants syndicaux - industriall-union","description":"En ao\u00fbt 2021, lors d&rsquo;un vote requis dans le cadre du processus de la r\u00e9forme du travail au Mexique, les travailleurs et travailleuses ont rejet\u00e9 la","robots":{"index":"index","follow":"follow","max-snippet":"max-snippet:-1","max-image-preview":"max-image-preview:large","max-video-preview":"max-video-preview:-1"},"canonical":"https:\/\/admin.industriall-union.org\/fr\/les-travailleurs-de-general-motors-mexique-elisent-de-nouveaux-representants-syndicaux\/","og_locale":"fr_FR","og_type":"article","og_title":"Les travailleurs de General Motors Mexique \u00e9lisent de nouveaux repr\u00e9sentants syndicaux","og_description":"En ao\u00fbt 2021, lors d&rsquo;un vote requis dans le cadre du processus de la r\u00e9forme du travail au Mexique, les travailleurs et travailleuses ont rejet\u00e9 la","og_url":"https:\/\/admin.industriall-union.org\/fr\/les-travailleurs-de-general-motors-mexique-elisent-de-nouveaux-representants-syndicaux\/","og_site_name":"industriall-union","article_modified_time":"2025-01-28T04:55:41+00:00","twitter_card":"summary_large_image","twitter_misc":{"Est. reading time":"2 minutes"},"schema":{"@context":"https:\/\/schema.org","@graph":[{"@type":"WebPage","@id":"https:\/\/admin.industriall-union.org\/fr\/les-travailleurs-de-general-motors-mexique-elisent-de-nouveaux-representants-syndicaux\/","url":"https:\/\/admin.industriall-union.org\/fr\/les-travailleurs-de-general-motors-mexique-elisent-de-nouveaux-representants-syndicaux\/","name":"Les travailleurs de General Motors Mexique \u00e9lisent de nouveaux repr\u00e9sentants syndicaux - industriall-union","isPartOf":{"@id":"https:\/\/admin.industriall-union.org\/#website"},"datePublished":"2022-02-01T08:15:54+00:00","dateModified":"2025-01-28T04:55:41+00:00","description":"En ao\u00fbt 2021, lors d&rsquo;un vote requis dans le cadre du processus de la r\u00e9forme du travail au Mexique, les travailleurs et travailleuses ont rejet\u00e9 la","breadcrumb":{"@id":"https:\/\/admin.industriall-union.org\/fr\/les-travailleurs-de-general-motors-mexique-elisent-de-nouveaux-representants-syndicaux\/#breadcrumb"},"inLanguage":"fr-FR","potentialAction":[{"@type":"ReadAction","target":["https:\/\/admin.industriall-union.org\/fr\/les-travailleurs-de-general-motors-mexique-elisent-de-nouveaux-representants-syndicaux\/"]}]},{"@type":"BreadcrumbList","@id":"https:\/\/admin.industriall-union.org\/fr\/les-travailleurs-de-general-motors-mexique-elisent-de-nouveaux-representants-syndicaux\/#breadcrumb","itemListElement":[{"@type":"ListItem","position":1,"name":"Home","item":"https:\/\/admin.industriall-union.org\/"},{"@type":"ListItem","position":2,"name":"Articles","item":"https:\/\/admin.industriall-union.org\/article\/"},{"@type":"ListItem","position":3,"name":"Les travailleurs de General Motors Mexique \u00e9lisent de nouveaux repr\u00e9sentants syndicaux"}]},{"@type":"WebSite","@id":"https:\/\/admin.industriall-union.org\/#website","url":"https:\/\/admin.industriall-union.org\/","name":"industriall-union","description":"","potentialAction":[{"@type":"SearchAction","target":{"@type":"EntryPoint","urlTemplate":"https:\/\/admin.industriall-union.org\/?s={search_term_string}"},"query-input":{"@type":"PropertyValueSpecification","valueRequired":true,"valueName":"search_term_string"}}],"inLanguage":"fr-FR"}]}},"_links":{"self":[{"href":"https:\/\/admin.industriall-union.org\/fr\/wp-json\/wp\/v2\/article\/144215","targetHints":{"allow":["GET"]}}],"collection":[{"href":"https:\/\/admin.industriall-union.org\/fr\/wp-json\/wp\/v2\/article"}],"about":[{"href":"https:\/\/admin.industriall-union.org\/fr\/wp-json\/wp\/v2\/types\/article"}],"wp:attachment":[{"href":"https:\/\/admin.industriall-union.org\/fr\/wp-json\/wp\/v2\/media?parent=144215"}],"wp:term":[{"taxonomy":"issues","embeddable":true,"href":"https:\/\/admin.industriall-union.org\/fr\/wp-json\/wp\/v2\/issues?post=144215"},{"taxonomy":"companies","embeddable":true,"href":"https:\/\/admin.industriall-union.org\/fr\/wp-json\/wp\/v2\/companies?post=144215"},{"taxonomy":"regions","embeddable":true,"href":"https:\/\/admin.industriall-union.org\/fr\/wp-json\/wp\/v2\/regions?post=144215"},{"taxonomy":"sectors","embeddable":true,"href":"https:\/\/admin.industriall-union.org\/fr\/wp-json\/wp\/v2\/sectors?post=144215"},{"taxonomy":"article_tags","embeddable":true,"href":"https:\/\/admin.industriall-union.org\/fr\/wp-json\/wp\/v2\/article_tags?post=144215"}],"curies":[{"name":"wp","href":"https:\/\/api.w.org\/{rel}","templated":true}]}}