{"id":144184,"date":"2022-02-16T14:05:38","date_gmt":"2022-02-16T14:05:38","guid":{"rendered":"https:\/\/admin.industriall-union.org\/un-nouveau-modele-de-relations-du-travail-dans-la-chaine-d-039-approvisionnement-de-l-039-industrie-du-textile-et-du-vetement\/"},"modified":"2025-01-28T04:38:36","modified_gmt":"2025-01-28T04:38:36","slug":"un-nouveau-modele-de-relations-du-travail-dans-la-chaine-d-039-approvisionnement-de-l-039-industrie-du-textile-et-du-vetement","status":"publish","type":"article","link":"https:\/\/admin.industriall-union.org\/fr\/un-nouveau-modele-de-relations-du-travail-dans-la-chaine-d-039-approvisionnement-de-l-039-industrie-du-textile-et-du-vetement\/","title":{"rendered":"Un nouveau mod\u00e8le de relations du travail dans la cha\u00eene d&#039;approvisionnement de l&#039;industrie du textile et du v\u00eatement"},"content":{"rendered":"<p>Ce sont les travailleurs qui ont pay\u00e9 le prix de l&#039;atomisation de la cha\u00eene d&#039;approvisionnement du textile et de l&#039;habillement, qui est la cons\u00e9quence de l&#039;impact de la pand\u00e9mie de Covid-19 sur le mod\u00e8le \u00e9conomique intenable du secteur.<\/p><p>Les annulations de commandes ont provoqu\u00e9 la fermeture de milliers d&#039;ateliers de confection et le licenciement de millions de travailleurs sans aucun filet de s\u00e9curit\u00e9. Cela illustre la pr\u00e9carit\u00e9 du mod\u00e8le \u00e9conomique du secteur et <a href=\"\/wp-content\/uploads\/documents\/2020\/SWITZERLAND\/EXCO\/covid19_industriall_principles_english.pdf\">l&#039;urgente n\u00e9cessit\u00e9 d&#039;instaurer des mod\u00e8les de cha\u00eene d&#039;approvisionnement durables<\/a> pour ce qui est des relations du travail.<\/p><p>L&#039;Accord international n\u00e9goci\u00e9 r\u00e9cemment l\u00e9gitime une fois encore un changement de mod\u00e8le des relations du travail dans cette cha\u00eene d&#039;approvisionnement, un mod\u00e8le qui repose, plut\u00f4t que sur des initiatives volontaires, sur des r\u00e8gles contraignantes qui imposent aux marques de rendre des comptes sur l&#039;impact sur les travailleurs.<\/p><p>IndustriALL et ses affili\u00e9s consid\u00e8rent que ce mod\u00e8le peut \u00eatre appliqu\u00e9 \u00e0 d&#039;autres probl\u00e8mes syst\u00e9miques de la cha\u00eene d&#039;approvisionnement. Nous nous proposons d&#039;expliquer pourquoi un changement s&#039;impose dans le secteur, en raison notamment d&#039;un urgent besoin de protection sociale pour les travailleuses et les travailleurs du v\u00eatement.<\/p><p>Par protection sociale, nous entendons des mesures de protection inh\u00e9rentes aux droits fondamentaux du travailleur, qui sont la condition d&#039;un lieu de travail robuste et plus \u00e9quitable. Ces mesures incluent notamment :<\/p><ul><li>une assurance contre le ch\u00f4mage<\/li><\/ul><ul><li>des indemnit\u00e9s de maladie<\/li><\/ul><ul><li>une s\u00e9curit\u00e9 sociale<\/li><\/ul><ul><li>des indemnit\u00e9s de licenciement<\/li><\/ul><p>Le mod\u00e8le actuel, o\u00f9 le renvoi est la seule forme de protection sociale, est \u00e0 l&#039;origine des vols de salaires commis pendant la pand\u00e9mie.<\/p><p>C&#039;est un continuum, allant de l&#039;<a href=\"https:\/\/www.industriall-union.org\/global-brands-pull-together-on-bangladesh-safety-deal\">Accord du Bangladesh<\/a>, qui porte sur les droits et la s\u00e9curit\u00e9 des travailleurs dans un pays en particulier, \u00e0 l&#039;<a href=\"https:\/\/internationalaccord.org\/\">Accord international<\/a>, qui vise \u00e0 \u00e9tendre ces acquis \u00e0 d&#039;autres pays, et \u00e0 une initiative en faveur de la protection sociale dont le but est d&#039;implanter un changement positif et solidement ancr\u00e9 pour tout un secteur.<\/p><p><strong>Joignez-vous \u00e0 notre <a href=\"https:\/\/industriall-union-org.zoom.us\/meeting\/register\/tZYkdOmgrj0jH9w8UKJ8DzA3AMR7ZVZ7MMa6\">session parall\u00e8le au Forum de l&#039;OCDE sur l&#039;habillement<\/a>,<\/strong> le 22 f\u00e9vrier \u00e0 16 heures CET, pour une discussion sur de nouvelles relations du travail dans la cha\u00eene d&#039;approvisionnement.<\/p><p>Parmi les orateurs, citons : Jason Judd, de l&#039;ILR School de l&#039;Universit\u00e9 Cornell, Ruwan Subasinghe, de la F\u00e9d\u00e9ration internationale du transport, Kalpona Akter, de la BGIWF et membre du comit\u00e9 ex\u00e9cutif d&#039;IndustriALL, et Elizabeth Umlas, conseill\u00e8re principale d&#039;IndustriALL sur les strat\u00e9gies d&#039;investissement.<\/p><p><strong><a href=\"https:\/\/bit.ly\/35HSdT5\">Inscrivez-vous ici<\/a><\/strong><span style=\"font-size:12pt\"><span style=\"font-family:Courier\"> <\/span><\/span><\/p><figure class=\"imageArticle imageFull\"><img decoding=\"async\" alt=\"\" src=\"\/wp-content\/uploads\/images\/2022\/messyclothes-1500x844.jpg\" style=\"width: 1200px;height: 675px\" \/><figcaption class=\"imageContent\"><div class=\"imageTitle\"><h1><a href=\"https:\/\/www.industriall-union.org\/fr\/action-pour-lindustrie-du-textile-et-de-lhabillement\">Changer l&rsquo;\u00e9quilibre des forces dans l&rsquo;industrie du textile et de la confection<\/a><\/h1><\/div><\/figcaption><\/figure>","protected":false},"featured_media":0,"template":"","issues":[362,412,425],"companies":[],"regions":[],"sectors":[464],"article_tags":[],"class_list":["post-144184","article","type-article","status-publish","hentry","issues-covid-19","issues-social-justice-and-globalization","issues-workers-rights","sectors-textile-leather-garment-shoes-and-textile-services"],"acf":[],"yoast_head":"<!-- This site is optimized with the Yoast SEO Premium plugin v27.1 (Yoast SEO v27.1) - https:\/\/yoast.com\/product\/yoast-seo-premium-wordpress\/ -->\n<title>Un nouveau mod\u00e8le de relations du travail dans la cha\u00eene d&#039;approvisionnement de l&#039;industrie du textile et du v\u00eatement - industriall-union<\/title>\n<meta name=\"description\" content=\"Ce sont les travailleurs qui ont pay\u00e9 le prix de l&#039;atomisation de la cha\u00eene d&#039;approvisionnement du textile et de l&#039;habillement, qui est la\" \/>\n<meta name=\"robots\" content=\"index, follow, max-snippet:-1, max-image-preview:large, max-video-preview:-1\" \/>\n<link rel=\"canonical\" href=\"https:\/\/admin.industriall-union.org\/fr\/un-nouveau-modele-de-relations-du-travail-dans-la-chaine-d-039-approvisionnement-de-l-039-industrie-du-textile-et-du-vetement\/\" \/>\n<meta property=\"og:locale\" content=\"fr_FR\" \/>\n<meta property=\"og:type\" content=\"article\" \/>\n<meta property=\"og:title\" content=\"Un nouveau mod\u00e8le de relations du travail dans la cha\u00eene d&#039;approvisionnement de l&#039;industrie du textile et du v\u00eatement\" \/>\n<meta property=\"og:description\" content=\"Ce sont les travailleurs qui ont pay\u00e9 le prix de l&#039;atomisation de la cha\u00eene d&#039;approvisionnement du textile et de l&#039;habillement, qui est la\" \/>\n<meta property=\"og:url\" content=\"https:\/\/admin.industriall-union.org\/fr\/un-nouveau-modele-de-relations-du-travail-dans-la-chaine-d-039-approvisionnement-de-l-039-industrie-du-textile-et-du-vetement\/\" \/>\n<meta property=\"og:site_name\" content=\"industriall-union\" \/>\n<meta property=\"article:modified_time\" content=\"2025-01-28T04:38:36+00:00\" \/>\n<meta name=\"twitter:card\" content=\"summary_large_image\" \/>\n<meta name=\"twitter:label1\" content=\"Est. reading time\" \/>\n\t<meta name=\"twitter:data1\" content=\"2 minutes\" \/>\n<script type=\"application\/ld+json\" class=\"yoast-schema-graph\">{\"@context\":\"https:\/\/schema.org\",\"@graph\":[{\"@type\":\"WebPage\",\"@id\":\"https:\/\/admin.industriall-union.org\/fr\/un-nouveau-modele-de-relations-du-travail-dans-la-chaine-d-039-approvisionnement-de-l-039-industrie-du-textile-et-du-vetement\/\",\"url\":\"https:\/\/admin.industriall-union.org\/fr\/un-nouveau-modele-de-relations-du-travail-dans-la-chaine-d-039-approvisionnement-de-l-039-industrie-du-textile-et-du-vetement\/\",\"name\":\"Un nouveau mod\u00e8le de relations du travail dans la cha\u00eene d&#039;approvisionnement de l&#039;industrie du textile et du v\u00eatement - industriall-union\",\"isPartOf\":{\"@id\":\"https:\/\/admin.industriall-union.org\/#website\"},\"datePublished\":\"2022-02-16T14:05:38+00:00\",\"dateModified\":\"2025-01-28T04:38:36+00:00\",\"description\":\"Ce sont les travailleurs qui ont pay\u00e9 le prix de l&#039;atomisation de la cha\u00eene d&#039;approvisionnement du textile et de l&#039;habillement, qui est la\",\"breadcrumb\":{\"@id\":\"https:\/\/admin.industriall-union.org\/fr\/un-nouveau-modele-de-relations-du-travail-dans-la-chaine-d-039-approvisionnement-de-l-039-industrie-du-textile-et-du-vetement\/#breadcrumb\"},\"inLanguage\":\"fr-FR\",\"potentialAction\":[{\"@type\":\"ReadAction\",\"target\":[\"https:\/\/admin.industriall-union.org\/fr\/un-nouveau-modele-de-relations-du-travail-dans-la-chaine-d-039-approvisionnement-de-l-039-industrie-du-textile-et-du-vetement\/\"]}]},{\"@type\":\"BreadcrumbList\",\"@id\":\"https:\/\/admin.industriall-union.org\/fr\/un-nouveau-modele-de-relations-du-travail-dans-la-chaine-d-039-approvisionnement-de-l-039-industrie-du-textile-et-du-vetement\/#breadcrumb\",\"itemListElement\":[{\"@type\":\"ListItem\",\"position\":1,\"name\":\"Home\",\"item\":\"https:\/\/admin.industriall-union.org\/\"},{\"@type\":\"ListItem\",\"position\":2,\"name\":\"Articles\",\"item\":\"https:\/\/admin.industriall-union.org\/article\/\"},{\"@type\":\"ListItem\",\"position\":3,\"name\":\"Un nouveau mod\u00e8le de relations du travail dans la cha\u00eene d&#039;approvisionnement de l&#039;industrie du textile et du v\u00eatement\"}]},{\"@type\":\"WebSite\",\"@id\":\"https:\/\/admin.industriall-union.org\/#website\",\"url\":\"https:\/\/admin.industriall-union.org\/\",\"name\":\"industriall-union\",\"description\":\"\",\"potentialAction\":[{\"@type\":\"SearchAction\",\"target\":{\"@type\":\"EntryPoint\",\"urlTemplate\":\"https:\/\/admin.industriall-union.org\/?s={search_term_string}\"},\"query-input\":{\"@type\":\"PropertyValueSpecification\",\"valueRequired\":true,\"valueName\":\"search_term_string\"}}],\"inLanguage\":\"fr-FR\"}]}<\/script>\n<!-- \/ Yoast SEO Premium plugin. -->","yoast_head_json":{"title":"Un nouveau mod\u00e8le de relations du travail dans la cha\u00eene d&#039;approvisionnement de l&#039;industrie du textile et du v\u00eatement - industriall-union","description":"Ce sont les travailleurs qui ont pay\u00e9 le prix de l&#039;atomisation de la cha\u00eene d&#039;approvisionnement du textile et de l&#039;habillement, qui est la","robots":{"index":"index","follow":"follow","max-snippet":"max-snippet:-1","max-image-preview":"max-image-preview:large","max-video-preview":"max-video-preview:-1"},"canonical":"https:\/\/admin.industriall-union.org\/fr\/un-nouveau-modele-de-relations-du-travail-dans-la-chaine-d-039-approvisionnement-de-l-039-industrie-du-textile-et-du-vetement\/","og_locale":"fr_FR","og_type":"article","og_title":"Un nouveau mod\u00e8le de relations du travail dans la cha\u00eene d&#039;approvisionnement de l&#039;industrie du textile et du v\u00eatement","og_description":"Ce sont les travailleurs qui ont pay\u00e9 le prix de l&#039;atomisation de la cha\u00eene d&#039;approvisionnement du textile et de l&#039;habillement, qui est la","og_url":"https:\/\/admin.industriall-union.org\/fr\/un-nouveau-modele-de-relations-du-travail-dans-la-chaine-d-039-approvisionnement-de-l-039-industrie-du-textile-et-du-vetement\/","og_site_name":"industriall-union","article_modified_time":"2025-01-28T04:38:36+00:00","twitter_card":"summary_large_image","twitter_misc":{"Est. reading time":"2 minutes"},"schema":{"@context":"https:\/\/schema.org","@graph":[{"@type":"WebPage","@id":"https:\/\/admin.industriall-union.org\/fr\/un-nouveau-modele-de-relations-du-travail-dans-la-chaine-d-039-approvisionnement-de-l-039-industrie-du-textile-et-du-vetement\/","url":"https:\/\/admin.industriall-union.org\/fr\/un-nouveau-modele-de-relations-du-travail-dans-la-chaine-d-039-approvisionnement-de-l-039-industrie-du-textile-et-du-vetement\/","name":"Un nouveau mod\u00e8le de relations du travail dans la cha\u00eene d&#039;approvisionnement de l&#039;industrie du textile et du v\u00eatement - industriall-union","isPartOf":{"@id":"https:\/\/admin.industriall-union.org\/#website"},"datePublished":"2022-02-16T14:05:38+00:00","dateModified":"2025-01-28T04:38:36+00:00","description":"Ce sont les travailleurs qui ont pay\u00e9 le prix de l&#039;atomisation de la cha\u00eene d&#039;approvisionnement du textile et de l&#039;habillement, qui est la","breadcrumb":{"@id":"https:\/\/admin.industriall-union.org\/fr\/un-nouveau-modele-de-relations-du-travail-dans-la-chaine-d-039-approvisionnement-de-l-039-industrie-du-textile-et-du-vetement\/#breadcrumb"},"inLanguage":"fr-FR","potentialAction":[{"@type":"ReadAction","target":["https:\/\/admin.industriall-union.org\/fr\/un-nouveau-modele-de-relations-du-travail-dans-la-chaine-d-039-approvisionnement-de-l-039-industrie-du-textile-et-du-vetement\/"]}]},{"@type":"BreadcrumbList","@id":"https:\/\/admin.industriall-union.org\/fr\/un-nouveau-modele-de-relations-du-travail-dans-la-chaine-d-039-approvisionnement-de-l-039-industrie-du-textile-et-du-vetement\/#breadcrumb","itemListElement":[{"@type":"ListItem","position":1,"name":"Home","item":"https:\/\/admin.industriall-union.org\/"},{"@type":"ListItem","position":2,"name":"Articles","item":"https:\/\/admin.industriall-union.org\/article\/"},{"@type":"ListItem","position":3,"name":"Un nouveau mod\u00e8le de relations du travail dans la cha\u00eene d&#039;approvisionnement de l&#039;industrie du textile et du v\u00eatement"}]},{"@type":"WebSite","@id":"https:\/\/admin.industriall-union.org\/#website","url":"https:\/\/admin.industriall-union.org\/","name":"industriall-union","description":"","potentialAction":[{"@type":"SearchAction","target":{"@type":"EntryPoint","urlTemplate":"https:\/\/admin.industriall-union.org\/?s={search_term_string}"},"query-input":{"@type":"PropertyValueSpecification","valueRequired":true,"valueName":"search_term_string"}}],"inLanguage":"fr-FR"}]}},"_links":{"self":[{"href":"https:\/\/admin.industriall-union.org\/fr\/wp-json\/wp\/v2\/article\/144184","targetHints":{"allow":["GET"]}}],"collection":[{"href":"https:\/\/admin.industriall-union.org\/fr\/wp-json\/wp\/v2\/article"}],"about":[{"href":"https:\/\/admin.industriall-union.org\/fr\/wp-json\/wp\/v2\/types\/article"}],"wp:attachment":[{"href":"https:\/\/admin.industriall-union.org\/fr\/wp-json\/wp\/v2\/media?parent=144184"}],"wp:term":[{"taxonomy":"issues","embeddable":true,"href":"https:\/\/admin.industriall-union.org\/fr\/wp-json\/wp\/v2\/issues?post=144184"},{"taxonomy":"companies","embeddable":true,"href":"https:\/\/admin.industriall-union.org\/fr\/wp-json\/wp\/v2\/companies?post=144184"},{"taxonomy":"regions","embeddable":true,"href":"https:\/\/admin.industriall-union.org\/fr\/wp-json\/wp\/v2\/regions?post=144184"},{"taxonomy":"sectors","embeddable":true,"href":"https:\/\/admin.industriall-union.org\/fr\/wp-json\/wp\/v2\/sectors?post=144184"},{"taxonomy":"article_tags","embeddable":true,"href":"https:\/\/admin.industriall-union.org\/fr\/wp-json\/wp\/v2\/article_tags?post=144184"}],"curies":[{"name":"wp","href":"https:\/\/api.w.org\/{rel}","templated":true}]}}