{"id":144164,"date":"2022-02-24T15:20:20","date_gmt":"2022-02-24T15:20:20","guid":{"rendered":"https:\/\/admin.industriall-union.org\/un-nouveau-modele-pour-l-industrie-du-textile-et-de-la-confection\/"},"modified":"2025-01-28T04:32:09","modified_gmt":"2025-01-28T04:32:09","slug":"un-nouveau-modele-pour-l-industrie-du-textile-et-de-la-confection","status":"publish","type":"article","link":"https:\/\/admin.industriall-union.org\/fr\/un-nouveau-modele-pour-l-industrie-du-textile-et-de-la-confection\/","title":{"rendered":"Un nouveau mod\u00e8le pour l\u2019industrie du textile et de la confection"},"content":{"rendered":"<p>L&rsquo;<a href=\"https:\/\/internationalaccord.org\/\">Accord international<\/a> r\u00e9cemment n\u00e9goci\u00e9 valide encore davantage un mod\u00e8le nouveau de relations sociales au sein de la cha\u00eene d&rsquo;approvisionnement, avec des r\u00e8gles contraignantes et la responsabilit\u00e9 des marques quant \u00e0 leur impact sur les travailleurs et travailleuses, plut\u00f4t que des initiatives volontaires.<\/p><p>Kalpona Akter, de l&rsquo;affili\u00e9 bangladais BGIWF, a d\u00e9clar\u00e9 que l&rsquo;accord avait apport\u00e9 &ldquo;un changement ph\u00e9nom\u00e9nal dans le pays&rdquo;. Avec 1.600 usines plus s\u00fbres, 2,2 millions de travailleurs et travailleuses peuvent d\u00e9sormais travailler sans crainte.<\/p><p>&nbsp;<br \/><\/p><p>Le monde du travail a subi de plein fouet l&rsquo;effondrement de la cha\u00eene d&rsquo;approvisionnement du textile et de l&rsquo;habillement, provoqu\u00e9 par les r\u00e9percussions de la pand\u00e9mie de Covid-19 sur le mod\u00e8le \u00e9conomique non viable du secteur. Les annulations de commandes ont entra\u00een\u00e9 la fermeture en masse de milliers d&rsquo;usines de confection, avec des millions de travailleurs et travailleuses licenci\u00e9s dans des pays d\u00e9pourvus de filet de s\u00e9curit\u00e9 sociale. Cette situation a mis en \u00e9vidence la pr\u00e9carit\u00e9 du mod\u00e8le \u00e9conomique du secteur et la n\u00e9cessit\u00e9 urgente d&rsquo;\u00e9tablir des mod\u00e8les durables de relations sociales au niveau de la cha\u00eene d&rsquo;approvisionnement.<\/p><blockquote><p>&ldquo;La Covid a provoqu\u00e9 une situation d\u00e9sastreuse au Bangladesh, o\u00f9 nous avons \u00e9t\u00e9 t\u00e9moins de la pr\u00e9carit\u00e9 du mod\u00e8le d&rsquo;entreprise \u00e0 l&rsquo;occasion du confinement. D\u00e8s lors que les travailleurs et travailleuses ne sont pas pay\u00e9s, ils meurent de faim, car il n&rsquo;y a pas de s\u00e9curit\u00e9 sociale ni d&rsquo;allocations de ch\u00f4mage dans le pays,&rdquo;<\/p><\/blockquote><p>a indiqu\u00e9 Kalpona Akter.<\/p><p>IndustriALL et ses affili\u00e9s ont lanc\u00e9 un d\u00e9bat sur les changements n\u00e9cessaires dans le secteur, notamment sur le besoin urgent d&rsquo;une protection sociale pour les travailleurs et travailleuses de la confection, qui comprendrait une assurance ch\u00f4mage, des indemnit\u00e9s de maladie, une s\u00e9curit\u00e9 sociale et des indemnit\u00e9s de licenciement. Le mod\u00e8le actuel, o\u00f9 l&rsquo;indemnit\u00e9 de licenciement est la seule forme de protection sociale, a conduit \u00e0 des vols de salaires pendant la pand\u00e9mie.<\/p><p>Jason Judd de l&rsquo;ILR (la facult\u00e9 des relations sociales et du travail de l&rsquo;universit\u00e9 Cornell) a pr\u00e9sent\u00e9 une \u00e9tude command\u00e9e par IndustriALL, qui examine la possibilit\u00e9 de trouver un mod\u00e8le de fonds de protection sociale dot\u00e9 de m\u00e9canismes juridiquement contraignants. Un tel fonds devrait avoir une port\u00e9e transnationale et inclure, entre autres, la fixation de niveaux d&rsquo;indemnit\u00e9 dans de nombreux pays, des processus de r\u00e9solution des conflits et l&rsquo;acc\u00e8s pour les syndicats \u00e0 des inspections sur les lieux de travail pour en contr\u00f4ler la mise en \u0153uvre.<\/p><blockquote><p>&ldquo;Mais il existe des obstacles \u00e0 la conclusion d&rsquo;un accord juridiquement contraignant pour le secteur,&rdquo;<\/p><\/blockquote><p>a pr\u00e9cis\u00e9 Jason Judd.<\/p><blockquote><p>&ldquo;Qui sont les parties prenantes&nbsp;? Les acheteurs et les propri\u00e9taires d&rsquo;usines ne sont pas organis\u00e9s. Les gouvernements peuvent exiger des indemnit\u00e9s de licenciement de la part d&rsquo;une enseigne, mais s&rsquo;il n&rsquo;y a pas d&rsquo;application, cela ne sera pas efficace. Et o\u00f9 est l&rsquo;effet de levier&nbsp;?&rdquo;<\/p><\/blockquote><p>Des comparaisons ont \u00e9t\u00e9 \u00e9tablies avec la F\u00e9d\u00e9ration internationale des transports (ITF) qui, tous les deux ans, s&rsquo;engage avec les employeurs maritimes dans le cadre du Forum international de n\u00e9gociation (IBF, International Bargaining Forum), o\u00f9 un accord-cadre est n\u00e9goci\u00e9. Une fois l&rsquo;accord-cadre n\u00e9goci\u00e9, les syndicats affili\u00e9s \u00e0 l&rsquo;ITF entament des n\u00e9gociations locales avec les entreprises de leur pays. Ces n\u00e9gociations locales aboutissent \u00e0 des accords dans le cadre de l&#039;IBF au niveau national et parfois au niveau de l&rsquo;entreprise. Bien que le cadre juridique puisse varier l\u00e9g\u00e8rement, tous les accords IBF doivent s&rsquo;inscrire dans ce qui a \u00e9t\u00e9 convenu au sein de l&rsquo;IBF pour la p\u00e9riode concern\u00e9e.<\/p><blockquote><p>&ldquo;Il s&rsquo;agit d&rsquo;un dispositif unique et du seul exemple de convention collective internationale. Les employeurs cotisent \u00e0 un fonds d\u00e9di\u00e9 aux marins et un syst\u00e8me d&rsquo;inspection a \u00e9t\u00e9 mis en place, l&rsquo;inspection de l&rsquo;ITF veillant au respect des accords,&rdquo;<\/p><\/blockquote><p>indique Ruwan Subasinghe, Directeur juridique de l&rsquo;ITF.<\/p><blockquote><p>&ldquo;Et surtout, elle contient des recours importants pour les travailleurs et travailleuses confront\u00e9s \u00e0 des changements soudains dans le secteur.&rdquo;<\/p><\/blockquote><p>La protection sociale a une incidence sur la stabilit\u00e9 politique et donc sur des march\u00e9s de capitaux essentiels. Les investisseurs se concentrent de plus en plus sur les droits du travail dans la cha\u00eene d&rsquo;approvisionnement et ont tendance \u00e0 appr\u00e9cier les accords solides entre les enseignes et les syndicats.<\/p><blockquote><p>&ldquo;Nous envisageons que les investisseurs jouent un r\u00f4le cl\u00e9 dans le respect des droits des travailleurs de la cha\u00eene d&rsquo;approvisionnement,&rdquo;<\/p><\/blockquote><p>pr\u00e9cise Elizabeth Umlas, Conseill\u00e8re principale d&rsquo;IndustriALL sur les strat\u00e9gies de capital.<\/p><blockquote><p>&ldquo;Les investisseurs veulent des cha\u00eenes d&rsquo;approvisionnement solides et r\u00e9silientes et reconnaissent la responsabilit\u00e9 des enseignes&nbsp;: les violations des droits de l&rsquo;homme et les mauvaises conditions de travail ne sont pas bonnes pour eux.&rdquo;<\/p><\/blockquote><p>En conclusion des d\u00e9bats, la Directrice d&rsquo;IndustriALL pour la confection et le textile, Christina Hajagos-Clausen, a r\u00e9it\u00e9r\u00e9 l&rsquo;appel d&rsquo;IndustriALL et de ses affili\u00e9s aux enseignes de stature mondiale ainsi qu&rsquo;\u00e0 leurs fournisseurs et fabricants afin qu&rsquo;ils mettent fin au vol des salaires et n\u00e9gocient un accord mondial pour renforcer le filet de s\u00e9curit\u00e9 sociale.<\/p><p><em><strong>Illustration&nbsp;: <\/strong>Femme au travail dans une usine de fabrication de masques faciaux et de v\u00eatements, \u00e0 Harare, au Zimbabwe.<\/em><\/p><p><em><strong>Cr\u00e9dit photo&nbsp;: <\/strong>KB Mpofu \/ OIT<\/em><\/p>","protected":false},"featured_media":0,"template":"","issues":[406,362,425],"companies":[],"regions":[],"sectors":[464],"article_tags":[],"class_list":["post-144164","article","type-article","status-publish","hentry","issues-confronting-global-capital","issues-covid-19","issues-workers-rights","sectors-textile-leather-garment-shoes-and-textile-services"],"acf":[],"yoast_head":"<!-- This site is optimized with the Yoast SEO Premium plugin v27.1 (Yoast SEO v27.1) - https:\/\/yoast.com\/product\/yoast-seo-premium-wordpress\/ -->\n<title>Un nouveau mod\u00e8le pour l\u2019industrie du textile et de la confection - industriall-union<\/title>\n<meta name=\"description\" content=\"L&rsquo;Accord international r\u00e9cemment n\u00e9goci\u00e9 valide encore davantage un mod\u00e8le nouveau de relations sociales au sein de la cha\u00eene\" \/>\n<meta name=\"robots\" content=\"index, follow, max-snippet:-1, max-image-preview:large, max-video-preview:-1\" \/>\n<link rel=\"canonical\" href=\"https:\/\/admin.industriall-union.org\/fr\/un-nouveau-modele-pour-l-industrie-du-textile-et-de-la-confection\/\" \/>\n<meta property=\"og:locale\" content=\"fr_FR\" \/>\n<meta property=\"og:type\" content=\"article\" \/>\n<meta property=\"og:title\" content=\"Un nouveau mod\u00e8le pour l\u2019industrie du textile et de la confection\" \/>\n<meta property=\"og:description\" content=\"L&rsquo;Accord international r\u00e9cemment n\u00e9goci\u00e9 valide encore davantage un mod\u00e8le nouveau de relations sociales au sein de la cha\u00eene\" \/>\n<meta property=\"og:url\" content=\"https:\/\/admin.industriall-union.org\/fr\/un-nouveau-modele-pour-l-industrie-du-textile-et-de-la-confection\/\" \/>\n<meta property=\"og:site_name\" content=\"industriall-union\" \/>\n<meta property=\"article:modified_time\" content=\"2025-01-28T04:32:09+00:00\" \/>\n<meta name=\"twitter:card\" content=\"summary_large_image\" \/>\n<meta name=\"twitter:label1\" content=\"Est. reading time\" \/>\n\t<meta name=\"twitter:data1\" content=\"5 minutes\" \/>\n<script type=\"application\/ld+json\" class=\"yoast-schema-graph\">{\"@context\":\"https:\/\/schema.org\",\"@graph\":[{\"@type\":\"WebPage\",\"@id\":\"https:\/\/admin.industriall-union.org\/fr\/un-nouveau-modele-pour-l-industrie-du-textile-et-de-la-confection\/\",\"url\":\"https:\/\/admin.industriall-union.org\/fr\/un-nouveau-modele-pour-l-industrie-du-textile-et-de-la-confection\/\",\"name\":\"Un nouveau mod\u00e8le pour l\u2019industrie du textile et de la confection - industriall-union\",\"isPartOf\":{\"@id\":\"https:\/\/admin.industriall-union.org\/#website\"},\"datePublished\":\"2022-02-24T15:20:20+00:00\",\"dateModified\":\"2025-01-28T04:32:09+00:00\",\"description\":\"L&rsquo;Accord international r\u00e9cemment n\u00e9goci\u00e9 valide encore davantage un mod\u00e8le nouveau de relations sociales au sein de la cha\u00eene\",\"breadcrumb\":{\"@id\":\"https:\/\/admin.industriall-union.org\/fr\/un-nouveau-modele-pour-l-industrie-du-textile-et-de-la-confection\/#breadcrumb\"},\"inLanguage\":\"fr-FR\",\"potentialAction\":[{\"@type\":\"ReadAction\",\"target\":[\"https:\/\/admin.industriall-union.org\/fr\/un-nouveau-modele-pour-l-industrie-du-textile-et-de-la-confection\/\"]}]},{\"@type\":\"BreadcrumbList\",\"@id\":\"https:\/\/admin.industriall-union.org\/fr\/un-nouveau-modele-pour-l-industrie-du-textile-et-de-la-confection\/#breadcrumb\",\"itemListElement\":[{\"@type\":\"ListItem\",\"position\":1,\"name\":\"Home\",\"item\":\"https:\/\/admin.industriall-union.org\/\"},{\"@type\":\"ListItem\",\"position\":2,\"name\":\"Articles\",\"item\":\"https:\/\/admin.industriall-union.org\/article\/\"},{\"@type\":\"ListItem\",\"position\":3,\"name\":\"Un nouveau mod\u00e8le pour l\u2019industrie du textile et de la confection\"}]},{\"@type\":\"WebSite\",\"@id\":\"https:\/\/admin.industriall-union.org\/#website\",\"url\":\"https:\/\/admin.industriall-union.org\/\",\"name\":\"industriall-union\",\"description\":\"\",\"potentialAction\":[{\"@type\":\"SearchAction\",\"target\":{\"@type\":\"EntryPoint\",\"urlTemplate\":\"https:\/\/admin.industriall-union.org\/?s={search_term_string}\"},\"query-input\":{\"@type\":\"PropertyValueSpecification\",\"valueRequired\":true,\"valueName\":\"search_term_string\"}}],\"inLanguage\":\"fr-FR\"}]}<\/script>\n<!-- \/ Yoast SEO Premium plugin. -->","yoast_head_json":{"title":"Un nouveau mod\u00e8le pour l\u2019industrie du textile et de la confection - industriall-union","description":"L&rsquo;Accord international r\u00e9cemment n\u00e9goci\u00e9 valide encore davantage un mod\u00e8le nouveau de relations sociales au sein de la cha\u00eene","robots":{"index":"index","follow":"follow","max-snippet":"max-snippet:-1","max-image-preview":"max-image-preview:large","max-video-preview":"max-video-preview:-1"},"canonical":"https:\/\/admin.industriall-union.org\/fr\/un-nouveau-modele-pour-l-industrie-du-textile-et-de-la-confection\/","og_locale":"fr_FR","og_type":"article","og_title":"Un nouveau mod\u00e8le pour l\u2019industrie du textile et de la confection","og_description":"L&rsquo;Accord international r\u00e9cemment n\u00e9goci\u00e9 valide encore davantage un mod\u00e8le nouveau de relations sociales au sein de la cha\u00eene","og_url":"https:\/\/admin.industriall-union.org\/fr\/un-nouveau-modele-pour-l-industrie-du-textile-et-de-la-confection\/","og_site_name":"industriall-union","article_modified_time":"2025-01-28T04:32:09+00:00","twitter_card":"summary_large_image","twitter_misc":{"Est. reading time":"5 minutes"},"schema":{"@context":"https:\/\/schema.org","@graph":[{"@type":"WebPage","@id":"https:\/\/admin.industriall-union.org\/fr\/un-nouveau-modele-pour-l-industrie-du-textile-et-de-la-confection\/","url":"https:\/\/admin.industriall-union.org\/fr\/un-nouveau-modele-pour-l-industrie-du-textile-et-de-la-confection\/","name":"Un nouveau mod\u00e8le pour l\u2019industrie du textile et de la confection - industriall-union","isPartOf":{"@id":"https:\/\/admin.industriall-union.org\/#website"},"datePublished":"2022-02-24T15:20:20+00:00","dateModified":"2025-01-28T04:32:09+00:00","description":"L&rsquo;Accord international r\u00e9cemment n\u00e9goci\u00e9 valide encore davantage un mod\u00e8le nouveau de relations sociales au sein de la cha\u00eene","breadcrumb":{"@id":"https:\/\/admin.industriall-union.org\/fr\/un-nouveau-modele-pour-l-industrie-du-textile-et-de-la-confection\/#breadcrumb"},"inLanguage":"fr-FR","potentialAction":[{"@type":"ReadAction","target":["https:\/\/admin.industriall-union.org\/fr\/un-nouveau-modele-pour-l-industrie-du-textile-et-de-la-confection\/"]}]},{"@type":"BreadcrumbList","@id":"https:\/\/admin.industriall-union.org\/fr\/un-nouveau-modele-pour-l-industrie-du-textile-et-de-la-confection\/#breadcrumb","itemListElement":[{"@type":"ListItem","position":1,"name":"Home","item":"https:\/\/admin.industriall-union.org\/"},{"@type":"ListItem","position":2,"name":"Articles","item":"https:\/\/admin.industriall-union.org\/article\/"},{"@type":"ListItem","position":3,"name":"Un nouveau mod\u00e8le pour l\u2019industrie du textile et de la confection"}]},{"@type":"WebSite","@id":"https:\/\/admin.industriall-union.org\/#website","url":"https:\/\/admin.industriall-union.org\/","name":"industriall-union","description":"","potentialAction":[{"@type":"SearchAction","target":{"@type":"EntryPoint","urlTemplate":"https:\/\/admin.industriall-union.org\/?s={search_term_string}"},"query-input":{"@type":"PropertyValueSpecification","valueRequired":true,"valueName":"search_term_string"}}],"inLanguage":"fr-FR"}]}},"_links":{"self":[{"href":"https:\/\/admin.industriall-union.org\/fr\/wp-json\/wp\/v2\/article\/144164","targetHints":{"allow":["GET"]}}],"collection":[{"href":"https:\/\/admin.industriall-union.org\/fr\/wp-json\/wp\/v2\/article"}],"about":[{"href":"https:\/\/admin.industriall-union.org\/fr\/wp-json\/wp\/v2\/types\/article"}],"wp:attachment":[{"href":"https:\/\/admin.industriall-union.org\/fr\/wp-json\/wp\/v2\/media?parent=144164"}],"wp:term":[{"taxonomy":"issues","embeddable":true,"href":"https:\/\/admin.industriall-union.org\/fr\/wp-json\/wp\/v2\/issues?post=144164"},{"taxonomy":"companies","embeddable":true,"href":"https:\/\/admin.industriall-union.org\/fr\/wp-json\/wp\/v2\/companies?post=144164"},{"taxonomy":"regions","embeddable":true,"href":"https:\/\/admin.industriall-union.org\/fr\/wp-json\/wp\/v2\/regions?post=144164"},{"taxonomy":"sectors","embeddable":true,"href":"https:\/\/admin.industriall-union.org\/fr\/wp-json\/wp\/v2\/sectors?post=144164"},{"taxonomy":"article_tags","embeddable":true,"href":"https:\/\/admin.industriall-union.org\/fr\/wp-json\/wp\/v2\/article_tags?post=144164"}],"curies":[{"name":"wp","href":"https:\/\/api.w.org\/{rel}","templated":true}]}}