{"id":144102,"date":"2022-03-18T10:14:19","date_gmt":"2022-03-18T10:14:19","guid":{"rendered":"https:\/\/admin.industriall-union.org\/la-presence-syndicale-se-renforce-au-maroc\/"},"modified":"2025-01-28T04:08:43","modified_gmt":"2025-01-28T04:08:43","slug":"la-presence-syndicale-se-renforce-au-maroc","status":"publish","type":"article","link":"https:\/\/admin.industriall-union.org\/fr\/la-presence-syndicale-se-renforce-au-maroc\/","title":{"rendered":"La pr\u00e9sence syndicale se renforce au Maroc"},"content":{"rendered":"<p>IndustriALL Global Union m\u00e8ne depuis huit ans un programme de renforcement syndical au Maroc. En f\u00e9vrier, les deux nouvelles organisations, la F\u00e9d\u00e9ration Nationale des Travailleurs de la Sid\u00e9rurgie et des Industries Synth\u00e9tiques de la M\u00e9tallurgie et de l&#039;\u00c9lectronique&nbsp; (FNTSIME-UMT) et la F\u00e9d\u00e9ration Nationale des Travailleurs du Textile, du Cuir, des Chaussures et de L&#039;habillement (FNTTCCL-UMT), ont tenu leurs congr\u00e8s fondateurs \u00e0 Casablanca.<\/p><p>Ces deux congr\u00e8s se sont tenus avec un m\u00eame slogan : &quot;Pour un syndicat fort dans lequel les droits sont pr\u00e9serv\u00e9s et les libert\u00e9s prot\u00e9g\u00e9es&quot;. Des centaines de d\u00e9l\u00e9gu\u00e9s et de dirigeants ont assist\u00e9 \u00e0 ces congr\u00e8s qui ont \u00e9lu les comit\u00e9s administratifs et les bureaux nationaux.<\/p><p>La FNTTCCL-UMT a \u00e9lu les 72 membres de son comit\u00e9 administratif et les 25 membres de son bureau national. La FNTSIME-UMT a \u00e9lu les 91 membres de son comit\u00e9 administratif et les 23 de son bureau national. Elles ont \u00e9lu plusieurs jeunes, femmes et hommes, qui ont particip\u00e9 activement aux r\u00e9seaux et programmes de formation d&#039;IndustriALL ces derni\u00e8res ann\u00e9es.<\/p><p>Les deux organisations sont affili\u00e9es \u00e0 la plus grande centrale du Maroc, l&#039;UMT. Lors de la session inaugurale, son secr\u00e9taire g\u00e9n\u00e9ral, Miloudi Moukharik, a rendu hommage aux luttes des travailleurs contre les attaques syst\u00e9matiques contre les droits et les acquis de la classe laborieuse. Il a d\u00e9nonc\u00e9 les entreprises qui entravent l&#039;action syndicale et a appel\u00e9 \u00e0 plus d&#039;unit\u00e9 et de solidarit\u00e9 pour pouvoir anticiper l&#039;avenir dans un cadre organisationnel qui unifie et soutient la lutte dans le secteur.<\/p><blockquote><p>&quot;Nous cr\u00e9ons ces syndicats pour relever les d\u00e9fis, accro\u00eetre la solidarit\u00e9 et renforcer le pouvoir syndical dans ces secteurs. <a href=\"https:\/\/www.industriall-union.org\/towards-the-creation-of-a-national-metal-federation-in-morocco\">Le soutien et la solidarit\u00e9 d&#039;IndustriALL<\/a> ont \u00e9t\u00e9 essentiels \u00e0 l&#039;aboutissement de ce grand projet.&quot;<\/p><\/blockquote><figure class=\"imageArticle imageFull\"><img decoding=\"async\" alt=\"\" src=\"\" style=\"width: 1200px;height: 675px\" \/><figcaption class=\"imageContent\"><div class=\"imageCaption\"><p>Abdelmajid Matoual (\u00e0 droite sur la photo), de l&#039;UMT, et qui est aussi le vice-pr\u00e9sident de la r\u00e9gion MENA d&#039;IndustriALL, assistait \u00e9galement \u00e0 ces congr\u00e8s.<\/p><\/div><\/figcaption><\/figure><div><blockquote><p>&quot;Apr\u00e8s des ann\u00e9es de travail, nous assistons aujourd&#039;hui \u00e0 la naissance de deux syndicats avec de nombreux d\u00e9fis devant eux. Nous f\u00e9licitons l&#039;UMT et les camarades des secteurs du textile et de la m\u00e9tallurgie et r\u00e9p\u00e9tons notre engagement de solidarit\u00e9 avec ces deux syndicats.&quot;<\/p><\/blockquote><p>Le secr\u00e9taire g\u00e9n\u00e9ral adjoint d&#039;IndustriALL Kemal \u00d6zkan a d\u00e9clar\u00e9 :<\/p><blockquote><p>&quot;Ces deux nouveaux syndicats sont deux pions importants pour le pouvoir syndical dans ces secteurs, tant \u00e0 l&#039;\u00e9chelon r\u00e9gional que mondial. La coop\u00e9ration avec l&#039;UMT dans la r\u00e9alisation de cette initiative est un mod\u00e8le de solidarit\u00e9 internationale qui r\u00e9sulte de l&#039;action d\u00e9termin\u00e9e de nos camarades marocaines et marocains.&quot;<\/p><\/blockquote><\/div>","protected":false},"featured_media":0,"template":"","issues":[396,399],"companies":[],"regions":[300],"sectors":[481,464],"article_tags":[],"class_list":["post-144102","article","type-article","status-publish","hentry","issues-building-strong-unions","issues-union-building","regions-morocco","sectors-base-metals","sectors-textile-leather-garment-shoes-and-textile-services"],"acf":[],"yoast_head":"<!-- This site is optimized with the Yoast SEO Premium plugin v27.1 (Yoast SEO v27.1) - https:\/\/yoast.com\/product\/yoast-seo-premium-wordpress\/ -->\n<title>La pr\u00e9sence syndicale se renforce au Maroc - industriall-union<\/title>\n<meta name=\"description\" content=\"IndustriALL Global Union m\u00e8ne depuis huit ans un programme de renforcement syndical au Maroc. En f\u00e9vrier, les deux nouvelles organisations, la F\u00e9d\u00e9ration\" \/>\n<meta name=\"robots\" content=\"index, follow, max-snippet:-1, max-image-preview:large, max-video-preview:-1\" \/>\n<link rel=\"canonical\" href=\"https:\/\/admin.industriall-union.org\/fr\/la-presence-syndicale-se-renforce-au-maroc\/\" \/>\n<meta property=\"og:locale\" content=\"fr_FR\" \/>\n<meta property=\"og:type\" content=\"article\" \/>\n<meta property=\"og:title\" content=\"La pr\u00e9sence syndicale se renforce au Maroc\" \/>\n<meta property=\"og:description\" content=\"IndustriALL Global Union m\u00e8ne depuis huit ans un programme de renforcement syndical au Maroc. En f\u00e9vrier, les deux nouvelles organisations, la F\u00e9d\u00e9ration\" \/>\n<meta property=\"og:url\" content=\"https:\/\/admin.industriall-union.org\/fr\/la-presence-syndicale-se-renforce-au-maroc\/\" \/>\n<meta property=\"og:site_name\" content=\"industriall-union\" \/>\n<meta property=\"article:modified_time\" content=\"2025-01-28T04:08:43+00:00\" \/>\n<meta name=\"twitter:card\" content=\"summary_large_image\" \/>\n<meta name=\"twitter:label1\" content=\"Est. reading time\" \/>\n\t<meta name=\"twitter:data1\" content=\"2 minutes\" \/>\n<script type=\"application\/ld+json\" class=\"yoast-schema-graph\">{\"@context\":\"https:\/\/schema.org\",\"@graph\":[{\"@type\":\"WebPage\",\"@id\":\"https:\/\/admin.industriall-union.org\/fr\/la-presence-syndicale-se-renforce-au-maroc\/\",\"url\":\"https:\/\/admin.industriall-union.org\/fr\/la-presence-syndicale-se-renforce-au-maroc\/\",\"name\":\"La pr\u00e9sence syndicale se renforce au Maroc - industriall-union\",\"isPartOf\":{\"@id\":\"https:\/\/admin.industriall-union.org\/#website\"},\"datePublished\":\"2022-03-18T10:14:19+00:00\",\"dateModified\":\"2025-01-28T04:08:43+00:00\",\"description\":\"IndustriALL Global Union m\u00e8ne depuis huit ans un programme de renforcement syndical au Maroc. En f\u00e9vrier, les deux nouvelles organisations, la F\u00e9d\u00e9ration\",\"breadcrumb\":{\"@id\":\"https:\/\/admin.industriall-union.org\/fr\/la-presence-syndicale-se-renforce-au-maroc\/#breadcrumb\"},\"inLanguage\":\"fr-FR\",\"potentialAction\":[{\"@type\":\"ReadAction\",\"target\":[\"https:\/\/admin.industriall-union.org\/fr\/la-presence-syndicale-se-renforce-au-maroc\/\"]}]},{\"@type\":\"BreadcrumbList\",\"@id\":\"https:\/\/admin.industriall-union.org\/fr\/la-presence-syndicale-se-renforce-au-maroc\/#breadcrumb\",\"itemListElement\":[{\"@type\":\"ListItem\",\"position\":1,\"name\":\"Home\",\"item\":\"https:\/\/admin.industriall-union.org\/\"},{\"@type\":\"ListItem\",\"position\":2,\"name\":\"Articles\",\"item\":\"https:\/\/admin.industriall-union.org\/article\/\"},{\"@type\":\"ListItem\",\"position\":3,\"name\":\"La pr\u00e9sence syndicale se renforce au Maroc\"}]},{\"@type\":\"WebSite\",\"@id\":\"https:\/\/admin.industriall-union.org\/#website\",\"url\":\"https:\/\/admin.industriall-union.org\/\",\"name\":\"industriall-union\",\"description\":\"\",\"potentialAction\":[{\"@type\":\"SearchAction\",\"target\":{\"@type\":\"EntryPoint\",\"urlTemplate\":\"https:\/\/admin.industriall-union.org\/?s={search_term_string}\"},\"query-input\":{\"@type\":\"PropertyValueSpecification\",\"valueRequired\":true,\"valueName\":\"search_term_string\"}}],\"inLanguage\":\"fr-FR\"}]}<\/script>\n<!-- \/ Yoast SEO Premium plugin. -->","yoast_head_json":{"title":"La pr\u00e9sence syndicale se renforce au Maroc - industriall-union","description":"IndustriALL Global Union m\u00e8ne depuis huit ans un programme de renforcement syndical au Maroc. En f\u00e9vrier, les deux nouvelles organisations, la F\u00e9d\u00e9ration","robots":{"index":"index","follow":"follow","max-snippet":"max-snippet:-1","max-image-preview":"max-image-preview:large","max-video-preview":"max-video-preview:-1"},"canonical":"https:\/\/admin.industriall-union.org\/fr\/la-presence-syndicale-se-renforce-au-maroc\/","og_locale":"fr_FR","og_type":"article","og_title":"La pr\u00e9sence syndicale se renforce au Maroc","og_description":"IndustriALL Global Union m\u00e8ne depuis huit ans un programme de renforcement syndical au Maroc. En f\u00e9vrier, les deux nouvelles organisations, la F\u00e9d\u00e9ration","og_url":"https:\/\/admin.industriall-union.org\/fr\/la-presence-syndicale-se-renforce-au-maroc\/","og_site_name":"industriall-union","article_modified_time":"2025-01-28T04:08:43+00:00","twitter_card":"summary_large_image","twitter_misc":{"Est. reading time":"2 minutes"},"schema":{"@context":"https:\/\/schema.org","@graph":[{"@type":"WebPage","@id":"https:\/\/admin.industriall-union.org\/fr\/la-presence-syndicale-se-renforce-au-maroc\/","url":"https:\/\/admin.industriall-union.org\/fr\/la-presence-syndicale-se-renforce-au-maroc\/","name":"La pr\u00e9sence syndicale se renforce au Maroc - industriall-union","isPartOf":{"@id":"https:\/\/admin.industriall-union.org\/#website"},"datePublished":"2022-03-18T10:14:19+00:00","dateModified":"2025-01-28T04:08:43+00:00","description":"IndustriALL Global Union m\u00e8ne depuis huit ans un programme de renforcement syndical au Maroc. En f\u00e9vrier, les deux nouvelles organisations, la F\u00e9d\u00e9ration","breadcrumb":{"@id":"https:\/\/admin.industriall-union.org\/fr\/la-presence-syndicale-se-renforce-au-maroc\/#breadcrumb"},"inLanguage":"fr-FR","potentialAction":[{"@type":"ReadAction","target":["https:\/\/admin.industriall-union.org\/fr\/la-presence-syndicale-se-renforce-au-maroc\/"]}]},{"@type":"BreadcrumbList","@id":"https:\/\/admin.industriall-union.org\/fr\/la-presence-syndicale-se-renforce-au-maroc\/#breadcrumb","itemListElement":[{"@type":"ListItem","position":1,"name":"Home","item":"https:\/\/admin.industriall-union.org\/"},{"@type":"ListItem","position":2,"name":"Articles","item":"https:\/\/admin.industriall-union.org\/article\/"},{"@type":"ListItem","position":3,"name":"La pr\u00e9sence syndicale se renforce au Maroc"}]},{"@type":"WebSite","@id":"https:\/\/admin.industriall-union.org\/#website","url":"https:\/\/admin.industriall-union.org\/","name":"industriall-union","description":"","potentialAction":[{"@type":"SearchAction","target":{"@type":"EntryPoint","urlTemplate":"https:\/\/admin.industriall-union.org\/?s={search_term_string}"},"query-input":{"@type":"PropertyValueSpecification","valueRequired":true,"valueName":"search_term_string"}}],"inLanguage":"fr-FR"}]}},"_links":{"self":[{"href":"https:\/\/admin.industriall-union.org\/fr\/wp-json\/wp\/v2\/article\/144102","targetHints":{"allow":["GET"]}}],"collection":[{"href":"https:\/\/admin.industriall-union.org\/fr\/wp-json\/wp\/v2\/article"}],"about":[{"href":"https:\/\/admin.industriall-union.org\/fr\/wp-json\/wp\/v2\/types\/article"}],"wp:attachment":[{"href":"https:\/\/admin.industriall-union.org\/fr\/wp-json\/wp\/v2\/media?parent=144102"}],"wp:term":[{"taxonomy":"issues","embeddable":true,"href":"https:\/\/admin.industriall-union.org\/fr\/wp-json\/wp\/v2\/issues?post=144102"},{"taxonomy":"companies","embeddable":true,"href":"https:\/\/admin.industriall-union.org\/fr\/wp-json\/wp\/v2\/companies?post=144102"},{"taxonomy":"regions","embeddable":true,"href":"https:\/\/admin.industriall-union.org\/fr\/wp-json\/wp\/v2\/regions?post=144102"},{"taxonomy":"sectors","embeddable":true,"href":"https:\/\/admin.industriall-union.org\/fr\/wp-json\/wp\/v2\/sectors?post=144102"},{"taxonomy":"article_tags","embeddable":true,"href":"https:\/\/admin.industriall-union.org\/fr\/wp-json\/wp\/v2\/article_tags?post=144102"}],"curies":[{"name":"wp","href":"https:\/\/api.w.org\/{rel}","templated":true}]}}