{"id":144092,"date":"2022-03-24T15:03:37","date_gmt":"2022-03-24T15:03:37","guid":{"rendered":"https:\/\/admin.industriall-union.org\/un-syndicat-signe-une-convention-collective-avec-arcelormittal-au-liberia\/"},"modified":"2025-01-28T03:54:51","modified_gmt":"2025-01-28T03:54:51","slug":"un-syndicat-signe-une-convention-collective-avec-arcelormittal-au-liberia","status":"publish","type":"article","link":"https:\/\/admin.industriall-union.org\/fr\/un-syndicat-signe-une-convention-collective-avec-arcelormittal-au-liberia\/","title":{"rendered":"Un syndicat signe une convention collective avec ArcelorMittal au Lib\u00e9ria"},"content":{"rendered":"<p>Cette convention collective de trois ans (2022-2024) est la cinqui\u00e8me conclue avec l&#039;entreprise et, pour le syndicat, elle assure l&#039;harmonie entre l&#039;employeur et les travailleurs. Elle comporte des primes de scolarit\u00e9 pour leurs enfants, des primes de logement et offre des emplois permanents aux travailleurs contractuels. En outre, le syndicat se f\u00e9licite d&#039;une classification des postes cens\u00e9e rem\u00e9dier aux disparit\u00e9s salariales.<\/p><p>Le minist\u00e8re du Travail, qui avait offert ses bons offices, consid\u00e8re que la convention collective est conforme \u00e0 la Loi sur le travail d\u00e9cent, qui r\u00e9git entre autres les conditions d&#039;emploi, la sant\u00e9 et la s\u00e9curit\u00e9 au travail, les conventions collectives et les actions du travail ainsi que la r\u00e9mun\u00e9ration des travailleurs.<\/p><p>Pour le minist\u00e8re, les n\u00e9gociations sont essentielles \u00e0 l&#039;am\u00e9lioration des relations du travail et la mise en \u0153uvre de cette convention comptera beaucoup.<\/p><p>Dave Seneh, le secr\u00e9taire g\u00e9n\u00e9ral de l&#039;UWUL, qui repr\u00e9sente les travailleurs de la mine et de la sid\u00e9rurgie, a d\u00e9clar\u00e9 :<\/p><blockquote><p>&quot;Cette convention am\u00e8nera la paix sociale et fournira la s\u00e9curit\u00e9 d&#039;emploi aux 400 travailleurs contractuels qui seront titularis\u00e9s. La conversion, en 2023, des contrats temporaires en emplois permanents, sera un soulagement pour les travailleurs.<\/p><p>&quot;Il est important de souligner que l&#039;UWUL n&#039;a cess\u00e9 de r\u00e9clamer des emplois permanents depuis qu&#039;ArcelorMittal s&#039;est install\u00e9 dans le pays. Notre argument est que, puisque ces travailleurs font le m\u00eame travail que d&#039;autres, ils doivent aussi avoir des contrats permanents.&quot;<\/p><p>&quot;Nous f\u00e9licitons l&#039;UWUL pour avoir n\u00e9goci\u00e9 cette convention collective qui donne des contrats permanents \u00e0 des travailleurs pr\u00e9caires, avec des prestations et de meilleures conditions de travail, dont on ne peut que se r\u00e9jouir. Il est essentiel que les syndicats luttent pour les emplois permanents et pour les droits des travailleurs, en particulier pour les travailleurs qui ont des formes d&#039;emploi atypiques,&quot;<\/p><\/blockquote><p>a d\u00e9clar\u00e9 la secr\u00e9taire r\u00e9gionale d&#039;IndustriALL pour l&#039;Afrique subsaharienne, Paule France Ndessomin.<\/p><p>ArcelorMittal Liberia extrait et transforme du minerai de fer et participe aussi au d\u00e9veloppement des infrastructures portuaires et ferroviaires du pays. L&#039;an dernier, ArcelorMittal a sign\u00e9 avec le gouvernement un accord pour l&#039;accroissement de ses activit\u00e9s au Lib\u00e9ria dont il est le premier investisseur \u00e9tranger.<\/p>","protected":false},"featured_media":0,"template":"","issues":[415,398,425],"companies":[],"regions":[335],"sectors":[481],"article_tags":[],"class_list":["post-144092","article","type-article","status-publish","hentry","issues-stop-precarious-work","issues-union-win","issues-workers-rights","regions-liberia","sectors-base-metals"],"acf":[],"yoast_head":"<!-- This site is optimized with the Yoast SEO Premium plugin v27.1 (Yoast SEO v27.1) - https:\/\/yoast.com\/product\/yoast-seo-premium-wordpress\/ -->\n<title>Un syndicat signe une convention collective avec ArcelorMittal au Lib\u00e9ria - industriall-union<\/title>\n<meta name=\"description\" content=\"Cette convention collective de trois ans (2022-2024) est la cinqui\u00e8me conclue avec l&#039;entreprise et, pour le syndicat, elle assure l&#039;harmonie\" \/>\n<meta name=\"robots\" content=\"index, follow, max-snippet:-1, max-image-preview:large, max-video-preview:-1\" \/>\n<link rel=\"canonical\" href=\"https:\/\/admin.industriall-union.org\/fr\/un-syndicat-signe-une-convention-collective-avec-arcelormittal-au-liberia\/\" \/>\n<meta property=\"og:locale\" content=\"fr_FR\" \/>\n<meta property=\"og:type\" content=\"article\" \/>\n<meta property=\"og:title\" content=\"Un syndicat signe une convention collective avec ArcelorMittal au Lib\u00e9ria\" \/>\n<meta property=\"og:description\" content=\"Cette convention collective de trois ans (2022-2024) est la cinqui\u00e8me conclue avec l&#039;entreprise et, pour le syndicat, elle assure l&#039;harmonie\" \/>\n<meta property=\"og:url\" content=\"https:\/\/admin.industriall-union.org\/fr\/un-syndicat-signe-une-convention-collective-avec-arcelormittal-au-liberia\/\" \/>\n<meta property=\"og:site_name\" content=\"industriall-union\" \/>\n<meta property=\"article:modified_time\" content=\"2025-01-28T03:54:51+00:00\" \/>\n<meta name=\"twitter:card\" content=\"summary_large_image\" \/>\n<meta name=\"twitter:label1\" content=\"Est. reading time\" \/>\n\t<meta name=\"twitter:data1\" content=\"2 minutes\" \/>\n<script type=\"application\/ld+json\" class=\"yoast-schema-graph\">{\"@context\":\"https:\/\/schema.org\",\"@graph\":[{\"@type\":\"WebPage\",\"@id\":\"https:\/\/admin.industriall-union.org\/fr\/un-syndicat-signe-une-convention-collective-avec-arcelormittal-au-liberia\/\",\"url\":\"https:\/\/admin.industriall-union.org\/fr\/un-syndicat-signe-une-convention-collective-avec-arcelormittal-au-liberia\/\",\"name\":\"Un syndicat signe une convention collective avec ArcelorMittal au Lib\u00e9ria - industriall-union\",\"isPartOf\":{\"@id\":\"https:\/\/admin.industriall-union.org\/#website\"},\"datePublished\":\"2022-03-24T15:03:37+00:00\",\"dateModified\":\"2025-01-28T03:54:51+00:00\",\"description\":\"Cette convention collective de trois ans (2022-2024) est la cinqui\u00e8me conclue avec l&#039;entreprise et, pour le syndicat, elle assure l&#039;harmonie\",\"breadcrumb\":{\"@id\":\"https:\/\/admin.industriall-union.org\/fr\/un-syndicat-signe-une-convention-collective-avec-arcelormittal-au-liberia\/#breadcrumb\"},\"inLanguage\":\"fr-FR\",\"potentialAction\":[{\"@type\":\"ReadAction\",\"target\":[\"https:\/\/admin.industriall-union.org\/fr\/un-syndicat-signe-une-convention-collective-avec-arcelormittal-au-liberia\/\"]}]},{\"@type\":\"BreadcrumbList\",\"@id\":\"https:\/\/admin.industriall-union.org\/fr\/un-syndicat-signe-une-convention-collective-avec-arcelormittal-au-liberia\/#breadcrumb\",\"itemListElement\":[{\"@type\":\"ListItem\",\"position\":1,\"name\":\"Home\",\"item\":\"https:\/\/admin.industriall-union.org\/\"},{\"@type\":\"ListItem\",\"position\":2,\"name\":\"Articles\",\"item\":\"https:\/\/admin.industriall-union.org\/article\/\"},{\"@type\":\"ListItem\",\"position\":3,\"name\":\"Un syndicat signe une convention collective avec ArcelorMittal au Lib\u00e9ria\"}]},{\"@type\":\"WebSite\",\"@id\":\"https:\/\/admin.industriall-union.org\/#website\",\"url\":\"https:\/\/admin.industriall-union.org\/\",\"name\":\"industriall-union\",\"description\":\"\",\"potentialAction\":[{\"@type\":\"SearchAction\",\"target\":{\"@type\":\"EntryPoint\",\"urlTemplate\":\"https:\/\/admin.industriall-union.org\/?s={search_term_string}\"},\"query-input\":{\"@type\":\"PropertyValueSpecification\",\"valueRequired\":true,\"valueName\":\"search_term_string\"}}],\"inLanguage\":\"fr-FR\"}]}<\/script>\n<!-- \/ Yoast SEO Premium plugin. -->","yoast_head_json":{"title":"Un syndicat signe une convention collective avec ArcelorMittal au Lib\u00e9ria - industriall-union","description":"Cette convention collective de trois ans (2022-2024) est la cinqui\u00e8me conclue avec l&#039;entreprise et, pour le syndicat, elle assure l&#039;harmonie","robots":{"index":"index","follow":"follow","max-snippet":"max-snippet:-1","max-image-preview":"max-image-preview:large","max-video-preview":"max-video-preview:-1"},"canonical":"https:\/\/admin.industriall-union.org\/fr\/un-syndicat-signe-une-convention-collective-avec-arcelormittal-au-liberia\/","og_locale":"fr_FR","og_type":"article","og_title":"Un syndicat signe une convention collective avec ArcelorMittal au Lib\u00e9ria","og_description":"Cette convention collective de trois ans (2022-2024) est la cinqui\u00e8me conclue avec l&#039;entreprise et, pour le syndicat, elle assure l&#039;harmonie","og_url":"https:\/\/admin.industriall-union.org\/fr\/un-syndicat-signe-une-convention-collective-avec-arcelormittal-au-liberia\/","og_site_name":"industriall-union","article_modified_time":"2025-01-28T03:54:51+00:00","twitter_card":"summary_large_image","twitter_misc":{"Est. reading time":"2 minutes"},"schema":{"@context":"https:\/\/schema.org","@graph":[{"@type":"WebPage","@id":"https:\/\/admin.industriall-union.org\/fr\/un-syndicat-signe-une-convention-collective-avec-arcelormittal-au-liberia\/","url":"https:\/\/admin.industriall-union.org\/fr\/un-syndicat-signe-une-convention-collective-avec-arcelormittal-au-liberia\/","name":"Un syndicat signe une convention collective avec ArcelorMittal au Lib\u00e9ria - industriall-union","isPartOf":{"@id":"https:\/\/admin.industriall-union.org\/#website"},"datePublished":"2022-03-24T15:03:37+00:00","dateModified":"2025-01-28T03:54:51+00:00","description":"Cette convention collective de trois ans (2022-2024) est la cinqui\u00e8me conclue avec l&#039;entreprise et, pour le syndicat, elle assure l&#039;harmonie","breadcrumb":{"@id":"https:\/\/admin.industriall-union.org\/fr\/un-syndicat-signe-une-convention-collective-avec-arcelormittal-au-liberia\/#breadcrumb"},"inLanguage":"fr-FR","potentialAction":[{"@type":"ReadAction","target":["https:\/\/admin.industriall-union.org\/fr\/un-syndicat-signe-une-convention-collective-avec-arcelormittal-au-liberia\/"]}]},{"@type":"BreadcrumbList","@id":"https:\/\/admin.industriall-union.org\/fr\/un-syndicat-signe-une-convention-collective-avec-arcelormittal-au-liberia\/#breadcrumb","itemListElement":[{"@type":"ListItem","position":1,"name":"Home","item":"https:\/\/admin.industriall-union.org\/"},{"@type":"ListItem","position":2,"name":"Articles","item":"https:\/\/admin.industriall-union.org\/article\/"},{"@type":"ListItem","position":3,"name":"Un syndicat signe une convention collective avec ArcelorMittal au Lib\u00e9ria"}]},{"@type":"WebSite","@id":"https:\/\/admin.industriall-union.org\/#website","url":"https:\/\/admin.industriall-union.org\/","name":"industriall-union","description":"","potentialAction":[{"@type":"SearchAction","target":{"@type":"EntryPoint","urlTemplate":"https:\/\/admin.industriall-union.org\/?s={search_term_string}"},"query-input":{"@type":"PropertyValueSpecification","valueRequired":true,"valueName":"search_term_string"}}],"inLanguage":"fr-FR"}]}},"_links":{"self":[{"href":"https:\/\/admin.industriall-union.org\/fr\/wp-json\/wp\/v2\/article\/144092","targetHints":{"allow":["GET"]}}],"collection":[{"href":"https:\/\/admin.industriall-union.org\/fr\/wp-json\/wp\/v2\/article"}],"about":[{"href":"https:\/\/admin.industriall-union.org\/fr\/wp-json\/wp\/v2\/types\/article"}],"wp:attachment":[{"href":"https:\/\/admin.industriall-union.org\/fr\/wp-json\/wp\/v2\/media?parent=144092"}],"wp:term":[{"taxonomy":"issues","embeddable":true,"href":"https:\/\/admin.industriall-union.org\/fr\/wp-json\/wp\/v2\/issues?post=144092"},{"taxonomy":"companies","embeddable":true,"href":"https:\/\/admin.industriall-union.org\/fr\/wp-json\/wp\/v2\/companies?post=144092"},{"taxonomy":"regions","embeddable":true,"href":"https:\/\/admin.industriall-union.org\/fr\/wp-json\/wp\/v2\/regions?post=144092"},{"taxonomy":"sectors","embeddable":true,"href":"https:\/\/admin.industriall-union.org\/fr\/wp-json\/wp\/v2\/sectors?post=144092"},{"taxonomy":"article_tags","embeddable":true,"href":"https:\/\/admin.industriall-union.org\/fr\/wp-json\/wp\/v2\/article_tags?post=144092"}],"curies":[{"name":"wp","href":"https:\/\/api.w.org\/{rel}","templated":true}]}}