{"id":144049,"date":"2022-04-14T14:48:03","date_gmt":"2022-04-14T14:48:03","guid":{"rendered":"https:\/\/admin.industriall-union.org\/etude-d-industriall-sur-les-risques-de-violence-et-de-harcelement-bases-sur-le-genre-et-les-reponses-syndicales\/"},"modified":"2025-01-28T03:33:44","modified_gmt":"2025-01-28T03:33:44","slug":"etude-d-industriall-sur-les-risques-de-violence-et-de-harcelement-bases-sur-le-genre-et-les-reponses-syndicales","status":"publish","type":"article","link":"https:\/\/admin.industriall-union.org\/fr\/etude-d-industriall-sur-les-risques-de-violence-et-de-harcelement-bases-sur-le-genre-et-les-reponses-syndicales\/","title":{"rendered":"\u00c9tude d\u2019IndustriALL sur les risques de violence et de harc\u00e8lement bas\u00e9s sur le genre et les r\u00e9ponses syndicales"},"content":{"rendered":"<p>Ce rapport, financ\u00e9 par la Fondation allemande Friedrich Ebert (FES), est le r\u00e9sultat du travail de Jane Pillinger, experte en violence sexiste.<\/p><blockquote><p>&ldquo;Ce fut un v\u00e9ritable privil\u00e8ge de mener cette recherche et de donner la parole \u00e0 des femmes du monde entier sur les probl\u00e8mes qu&rsquo;elles rencontrent dans le monde du travail et sur la mani\u00e8re dont les syndicats peuvent, et doivent, prendre des mesures importantes pour mettre fin \u00e0 la violence fond\u00e9e sur le genre. L&rsquo;\u00e9tude, qui comprend des entretiens individuels et collectifs avec une centaine de travailleuses dans les secteurs de l&rsquo;exploitation mini\u00e8re, de la confection et de l&rsquo;\u00e9lectronique, nous a donn\u00e9 un aper\u00e7u unique des risques de violence et de harc\u00e8lement auxquels sont confront\u00e9es les travailleuses.<\/p><p>Elle a surtout montr\u00e9 le pouvoir et le leadership des femmes et des hommes au sein de leurs syndicats pour faire face \u00e0 ces risques, pr\u00e9venir et combattre la violence et le harc\u00e8lement fond\u00e9s sur le genre et les placer au centre du recrutement syndical, de la formation et de la sensibilisation, de la d\u00e9fense des droits et de la repr\u00e9sentation des travailleurs et travailleuses. Ce n&rsquo;est qu&rsquo;alors que nous pourrons s\u00e9rieusement briser le silence qui entoure la violence et le harc\u00e8lement fond\u00e9s sur le genre,&rdquo;<\/p><\/blockquote><p>indique Jane Pillinger.<\/p><p>Cette \u00e9tude apporte des preuves directes de la violence li\u00e9e au sexe dans les trois secteurs concern\u00e9s. Bien que les employeurs et les syndicats accordent une attention croissante \u00e0 la violence li\u00e9e au sexe, celle-ci reste omnipr\u00e9sente. L&rsquo;\u00e9tude identifie les multiples exp\u00e9riences des femmes en mati\u00e8re de violence bas\u00e9e sur le genre et les pr\u00e9judices qu&rsquo;elles subissent, qui vont de la violence verbale, des blagues et commentaires sexistes \u00e0 des formes plus graves de harc\u00e8lement sexuel persistant, d&rsquo;agression sexuelle et d&rsquo;attente de faveurs sexuelles en \u00e9change d&rsquo;un emploi ou d&rsquo;une promotion.<\/p><p>L&rsquo;\u00e9tude s&rsquo;appuie sur les dispositions de la Convention 190 et de la Recommandation 206 de l&rsquo;OIT. Elle se concentre sur les risques auxquels les femmes sont confront\u00e9es au quotidien, jetant les bases de la pr\u00e9vention de la violence et du harc\u00e8lement bas\u00e9s sur le genre de la part des employeurs et des syndicats et de l&rsquo;inclusion de la violence et du harc\u00e8lement bas\u00e9s sur le genre dans la th\u00e9matique de la sant\u00e9 et la s\u00e9curit\u00e9 au travail. Le rapport souligne \u00e9galement les impacts et les risques de la violence domestique dans le monde du travail.<\/p><blockquote><p>&ldquo;Gr\u00e2ce aux recommandations des directions des syndicats et des travailleuses, ainsi qu&rsquo;au regard port\u00e9 sur les bonnes pratiques des syndicats, ce rapport fournit des indications sur la voie \u00e0 suivre par IndustriALL et ses affili\u00e9s pour \u00e9liminer la violence sexiste.<\/p><p>Nous devrions en faire davantage pour responsabiliser les employeurs. Les femmes interrog\u00e9es ont t\u00e9moign\u00e9 de l&rsquo;inefficacit\u00e9 et de l&rsquo;inad\u00e9quation des mesures prises par les entreprises et leurs fournisseurs, qui prot\u00e8gent encore trop souvent les auteurs de ces violences,&rdquo;<\/p><\/blockquote><p>a d\u00e9clar\u00e9 Christine Olivier, Secr\u00e9taire g\u00e9n\u00e9rale adjointe d&rsquo;IndustriALL.<br \/>&nbsp;<br \/>Seront publi\u00e9s dans les semaines \u00e0 venir&nbsp;:<\/p><ul><li>un chapitre sur la violence sexiste dans le secteur minier, qui r\u00e9sume les r\u00e9sultats obtenus en Afrique du Sud, en Colombie et au Canada,<\/li><li>un chapitre documentant les recherches men\u00e9es dans le secteur de la confection et du textile au Salvador, en Indon\u00e9sie, au Lesotho et en Turquie,<\/li><li>un chapitre pr\u00e9sentant les r\u00e9sultats obtenus dans le secteur de l&rsquo;\u00e9lectronique en Indon\u00e9sie, en Inde, au Japon et au Br\u00e9sil,<\/li><li>le rapport complet.<\/li><\/ul>","protected":false},"featured_media":0,"template":"","issues":[365,397],"companies":[],"regions":[],"sectors":[],"article_tags":[],"class_list":["post-144049","article","type-article","status-publish","hentry","issues-ilo-convention-190","issues-women"],"acf":[],"yoast_head":"<!-- This site is optimized with the Yoast SEO Premium plugin v27.1 (Yoast SEO v27.1) - https:\/\/yoast.com\/product\/yoast-seo-premium-wordpress\/ -->\n<title>\u00c9tude d\u2019IndustriALL sur les risques de violence et de harc\u00e8lement bas\u00e9s sur le genre et les r\u00e9ponses syndicales - industriall-union<\/title>\n<meta name=\"description\" content=\"Ce rapport, financ\u00e9 par la Fondation allemande Friedrich Ebert (FES), est le r\u00e9sultat du travail de Jane Pillinger, experte en violence sexiste.&ldquo;Ce\" \/>\n<meta name=\"robots\" content=\"index, follow, max-snippet:-1, max-image-preview:large, max-video-preview:-1\" \/>\n<link rel=\"canonical\" href=\"https:\/\/admin.industriall-union.org\/fr\/etude-d-industriall-sur-les-risques-de-violence-et-de-harcelement-bases-sur-le-genre-et-les-reponses-syndicales\/\" \/>\n<meta property=\"og:locale\" content=\"fr_FR\" \/>\n<meta property=\"og:type\" content=\"article\" \/>\n<meta property=\"og:title\" content=\"\u00c9tude d\u2019IndustriALL sur les risques de violence et de harc\u00e8lement bas\u00e9s sur le genre et les r\u00e9ponses syndicales\" \/>\n<meta property=\"og:description\" content=\"Ce rapport, financ\u00e9 par la Fondation allemande Friedrich Ebert (FES), est le r\u00e9sultat du travail de Jane Pillinger, experte en violence sexiste.&ldquo;Ce\" \/>\n<meta property=\"og:url\" content=\"https:\/\/admin.industriall-union.org\/fr\/etude-d-industriall-sur-les-risques-de-violence-et-de-harcelement-bases-sur-le-genre-et-les-reponses-syndicales\/\" \/>\n<meta property=\"og:site_name\" content=\"industriall-union\" \/>\n<meta property=\"article:modified_time\" content=\"2025-01-28T03:33:44+00:00\" \/>\n<meta name=\"twitter:card\" content=\"summary_large_image\" \/>\n<meta name=\"twitter:label1\" content=\"Est. reading time\" \/>\n\t<meta name=\"twitter:data1\" content=\"3 minutes\" \/>\n<script type=\"application\/ld+json\" class=\"yoast-schema-graph\">{\"@context\":\"https:\/\/schema.org\",\"@graph\":[{\"@type\":\"WebPage\",\"@id\":\"https:\/\/admin.industriall-union.org\/fr\/etude-d-industriall-sur-les-risques-de-violence-et-de-harcelement-bases-sur-le-genre-et-les-reponses-syndicales\/\",\"url\":\"https:\/\/admin.industriall-union.org\/fr\/etude-d-industriall-sur-les-risques-de-violence-et-de-harcelement-bases-sur-le-genre-et-les-reponses-syndicales\/\",\"name\":\"\u00c9tude d\u2019IndustriALL sur les risques de violence et de harc\u00e8lement bas\u00e9s sur le genre et les r\u00e9ponses syndicales - industriall-union\",\"isPartOf\":{\"@id\":\"https:\/\/admin.industriall-union.org\/#website\"},\"datePublished\":\"2022-04-14T14:48:03+00:00\",\"dateModified\":\"2025-01-28T03:33:44+00:00\",\"description\":\"Ce rapport, financ\u00e9 par la Fondation allemande Friedrich Ebert (FES), est le r\u00e9sultat du travail de Jane Pillinger, experte en violence sexiste.&ldquo;Ce\",\"breadcrumb\":{\"@id\":\"https:\/\/admin.industriall-union.org\/fr\/etude-d-industriall-sur-les-risques-de-violence-et-de-harcelement-bases-sur-le-genre-et-les-reponses-syndicales\/#breadcrumb\"},\"inLanguage\":\"fr-FR\",\"potentialAction\":[{\"@type\":\"ReadAction\",\"target\":[\"https:\/\/admin.industriall-union.org\/fr\/etude-d-industriall-sur-les-risques-de-violence-et-de-harcelement-bases-sur-le-genre-et-les-reponses-syndicales\/\"]}]},{\"@type\":\"BreadcrumbList\",\"@id\":\"https:\/\/admin.industriall-union.org\/fr\/etude-d-industriall-sur-les-risques-de-violence-et-de-harcelement-bases-sur-le-genre-et-les-reponses-syndicales\/#breadcrumb\",\"itemListElement\":[{\"@type\":\"ListItem\",\"position\":1,\"name\":\"Home\",\"item\":\"https:\/\/admin.industriall-union.org\/\"},{\"@type\":\"ListItem\",\"position\":2,\"name\":\"Articles\",\"item\":\"https:\/\/admin.industriall-union.org\/article\/\"},{\"@type\":\"ListItem\",\"position\":3,\"name\":\"\u00c9tude d\u2019IndustriALL sur les risques de violence et de harc\u00e8lement bas\u00e9s sur le genre et les r\u00e9ponses syndicales\"}]},{\"@type\":\"WebSite\",\"@id\":\"https:\/\/admin.industriall-union.org\/#website\",\"url\":\"https:\/\/admin.industriall-union.org\/\",\"name\":\"industriall-union\",\"description\":\"\",\"potentialAction\":[{\"@type\":\"SearchAction\",\"target\":{\"@type\":\"EntryPoint\",\"urlTemplate\":\"https:\/\/admin.industriall-union.org\/?s={search_term_string}\"},\"query-input\":{\"@type\":\"PropertyValueSpecification\",\"valueRequired\":true,\"valueName\":\"search_term_string\"}}],\"inLanguage\":\"fr-FR\"}]}<\/script>\n<!-- \/ Yoast SEO Premium plugin. -->","yoast_head_json":{"title":"\u00c9tude d\u2019IndustriALL sur les risques de violence et de harc\u00e8lement bas\u00e9s sur le genre et les r\u00e9ponses syndicales - industriall-union","description":"Ce rapport, financ\u00e9 par la Fondation allemande Friedrich Ebert (FES), est le r\u00e9sultat du travail de Jane Pillinger, experte en violence sexiste.&ldquo;Ce","robots":{"index":"index","follow":"follow","max-snippet":"max-snippet:-1","max-image-preview":"max-image-preview:large","max-video-preview":"max-video-preview:-1"},"canonical":"https:\/\/admin.industriall-union.org\/fr\/etude-d-industriall-sur-les-risques-de-violence-et-de-harcelement-bases-sur-le-genre-et-les-reponses-syndicales\/","og_locale":"fr_FR","og_type":"article","og_title":"\u00c9tude d\u2019IndustriALL sur les risques de violence et de harc\u00e8lement bas\u00e9s sur le genre et les r\u00e9ponses syndicales","og_description":"Ce rapport, financ\u00e9 par la Fondation allemande Friedrich Ebert (FES), est le r\u00e9sultat du travail de Jane Pillinger, experte en violence sexiste.&ldquo;Ce","og_url":"https:\/\/admin.industriall-union.org\/fr\/etude-d-industriall-sur-les-risques-de-violence-et-de-harcelement-bases-sur-le-genre-et-les-reponses-syndicales\/","og_site_name":"industriall-union","article_modified_time":"2025-01-28T03:33:44+00:00","twitter_card":"summary_large_image","twitter_misc":{"Est. reading time":"3 minutes"},"schema":{"@context":"https:\/\/schema.org","@graph":[{"@type":"WebPage","@id":"https:\/\/admin.industriall-union.org\/fr\/etude-d-industriall-sur-les-risques-de-violence-et-de-harcelement-bases-sur-le-genre-et-les-reponses-syndicales\/","url":"https:\/\/admin.industriall-union.org\/fr\/etude-d-industriall-sur-les-risques-de-violence-et-de-harcelement-bases-sur-le-genre-et-les-reponses-syndicales\/","name":"\u00c9tude d\u2019IndustriALL sur les risques de violence et de harc\u00e8lement bas\u00e9s sur le genre et les r\u00e9ponses syndicales - industriall-union","isPartOf":{"@id":"https:\/\/admin.industriall-union.org\/#website"},"datePublished":"2022-04-14T14:48:03+00:00","dateModified":"2025-01-28T03:33:44+00:00","description":"Ce rapport, financ\u00e9 par la Fondation allemande Friedrich Ebert (FES), est le r\u00e9sultat du travail de Jane Pillinger, experte en violence sexiste.&ldquo;Ce","breadcrumb":{"@id":"https:\/\/admin.industriall-union.org\/fr\/etude-d-industriall-sur-les-risques-de-violence-et-de-harcelement-bases-sur-le-genre-et-les-reponses-syndicales\/#breadcrumb"},"inLanguage":"fr-FR","potentialAction":[{"@type":"ReadAction","target":["https:\/\/admin.industriall-union.org\/fr\/etude-d-industriall-sur-les-risques-de-violence-et-de-harcelement-bases-sur-le-genre-et-les-reponses-syndicales\/"]}]},{"@type":"BreadcrumbList","@id":"https:\/\/admin.industriall-union.org\/fr\/etude-d-industriall-sur-les-risques-de-violence-et-de-harcelement-bases-sur-le-genre-et-les-reponses-syndicales\/#breadcrumb","itemListElement":[{"@type":"ListItem","position":1,"name":"Home","item":"https:\/\/admin.industriall-union.org\/"},{"@type":"ListItem","position":2,"name":"Articles","item":"https:\/\/admin.industriall-union.org\/article\/"},{"@type":"ListItem","position":3,"name":"\u00c9tude d\u2019IndustriALL sur les risques de violence et de harc\u00e8lement bas\u00e9s sur le genre et les r\u00e9ponses syndicales"}]},{"@type":"WebSite","@id":"https:\/\/admin.industriall-union.org\/#website","url":"https:\/\/admin.industriall-union.org\/","name":"industriall-union","description":"","potentialAction":[{"@type":"SearchAction","target":{"@type":"EntryPoint","urlTemplate":"https:\/\/admin.industriall-union.org\/?s={search_term_string}"},"query-input":{"@type":"PropertyValueSpecification","valueRequired":true,"valueName":"search_term_string"}}],"inLanguage":"fr-FR"}]}},"_links":{"self":[{"href":"https:\/\/admin.industriall-union.org\/fr\/wp-json\/wp\/v2\/article\/144049","targetHints":{"allow":["GET"]}}],"collection":[{"href":"https:\/\/admin.industriall-union.org\/fr\/wp-json\/wp\/v2\/article"}],"about":[{"href":"https:\/\/admin.industriall-union.org\/fr\/wp-json\/wp\/v2\/types\/article"}],"wp:attachment":[{"href":"https:\/\/admin.industriall-union.org\/fr\/wp-json\/wp\/v2\/media?parent=144049"}],"wp:term":[{"taxonomy":"issues","embeddable":true,"href":"https:\/\/admin.industriall-union.org\/fr\/wp-json\/wp\/v2\/issues?post=144049"},{"taxonomy":"companies","embeddable":true,"href":"https:\/\/admin.industriall-union.org\/fr\/wp-json\/wp\/v2\/companies?post=144049"},{"taxonomy":"regions","embeddable":true,"href":"https:\/\/admin.industriall-union.org\/fr\/wp-json\/wp\/v2\/regions?post=144049"},{"taxonomy":"sectors","embeddable":true,"href":"https:\/\/admin.industriall-union.org\/fr\/wp-json\/wp\/v2\/sectors?post=144049"},{"taxonomy":"article_tags","embeddable":true,"href":"https:\/\/admin.industriall-union.org\/fr\/wp-json\/wp\/v2\/article_tags?post=144049"}],"curies":[{"name":"wp","href":"https:\/\/api.w.org\/{rel}","templated":true}]}}