{"id":144003,"date":"2022-04-28T05:09:57","date_gmt":"2022-04-28T05:09:57","guid":{"rendered":"https:\/\/admin.industriall-union.org\/les-enseignes-doivent-signer-l-accord-international\/"},"modified":"2025-01-28T03:15:08","modified_gmt":"2025-01-28T03:15:08","slug":"les-enseignes-doivent-signer-l-accord-international","status":"publish","type":"article","link":"https:\/\/admin.industriall-union.org\/fr\/les-enseignes-doivent-signer-l-accord-international\/","title":{"rendered":"Les enseignes doivent signer l\u2019Accord international"},"content":{"rendered":"<p>L&rsquo;Accord du Bangladesh sur les mesures de s\u00e9curit\u00e9 ayant trait aux incendies et aux b\u00e2timents est n\u00e9 sur les d\u00e9combres de cette catastrophe. Il s&rsquo;agit d&rsquo;un accord historique, juridiquement contraignant, qui a rendu l&rsquo;industrie de la confection plus s\u00fbre pour les personnes qui y travaillent.<\/p><p>Les employeurs ont le devoir de veiller \u00e0 la sant\u00e9 et \u00e0 la s\u00e9curit\u00e9 de leurs travailleurs et travailleuses. Chacun doit se rendre au travail le matin avec la conviction de pouvoir rentrer vivant chez soi le soir.<\/p><p>L&rsquo;ann\u00e9e derni\u00e8re, l&rsquo;Accord du Bangladesh est devenu l&rsquo;Accord international, \u00e9tendant son champ d&rsquo;application \u00e0 des pays autres que le Bangladesh. \u00c0 ce jour, plus de 170 enseignes l&rsquo;ont paraph\u00e9, mais la majorit\u00e9 des marques nord-am\u00e9ricaines sont ostensiblement absentes de la liste des signataires.<\/p><blockquote><p>&ldquo;Il est essentiel que les enseignes et les commerces de d\u00e9tail nord-am\u00e9ricains sortent du bois et se joignent \u00e0 cet effort mondial pour prot\u00e9ger la vie des travailleurs et travailleuses \u00e0 l&rsquo;\u00e9chelle mondiale. Il est inacceptable que ces marques ne soient pas dispos\u00e9es \u00e0 s&rsquo;engager \u00e0 garantir la sant\u00e9 et la s\u00e9curit\u00e9 des travailleurs et travailleuses de leur cha\u00eene d&rsquo;approvisionnement mondiale. IndustriALL continuera \u00e0 revendiquer de l&rsquo;ensemble de ces enseignes et d\u00e9taillants mondiaux que leur signature figure au bas de l&rsquo;accord et \u00e0 faire campagne dans ce sens,&rdquo;<\/p><\/blockquote><p>a indiqu\u00e9 Christina Hajagos-Clausen, Directrice pour l&rsquo;industrie textile aupr\u00e8s d&rsquo;IndustriALL.<\/p><p><\/p><section class=\"boxTurquoise\"><p>IndustriALL se joint \u00e0 <a href=\"https:\/\/www.industriall-union.org\/fr\/la-sante-et-la-securite-doivent-etre-un-principe-et-droit-fondamental-au-travail\">l&rsquo;appel mondial pour faire de la sant\u00e9 et de la s\u00e9curit\u00e9 sur le lieu de travail un droit fondamental<\/a> \u00e0 l&rsquo;occasion de la Conf\u00e9rence internationale du travail qui se tient en juin de cette ann\u00e9e.<\/p><\/section>","protected":false},"featured_media":0,"template":"","issues":[402,425],"companies":[],"regions":[],"sectors":[464],"article_tags":[],"class_list":["post-144003","article","type-article","status-publish","hentry","issues-health-and-safety","issues-workers-rights","sectors-textile-leather-garment-shoes-and-textile-services"],"acf":[],"yoast_head":"<!-- This site is optimized with the Yoast SEO Premium plugin v27.1 (Yoast SEO v27.1) - https:\/\/yoast.com\/product\/yoast-seo-premium-wordpress\/ -->\n<title>Les enseignes doivent signer l\u2019Accord international - industriall-union<\/title>\n<meta name=\"description\" content=\"L&rsquo;Accord du Bangladesh sur les mesures de s\u00e9curit\u00e9 ayant trait aux incendies et aux b\u00e2timents est n\u00e9 sur les d\u00e9combres de cette catastrophe. Il\" \/>\n<meta name=\"robots\" content=\"index, follow, max-snippet:-1, max-image-preview:large, max-video-preview:-1\" \/>\n<link rel=\"canonical\" href=\"https:\/\/admin.industriall-union.org\/fr\/les-enseignes-doivent-signer-l-accord-international\/\" \/>\n<meta property=\"og:locale\" content=\"fr_FR\" \/>\n<meta property=\"og:type\" content=\"article\" \/>\n<meta property=\"og:title\" content=\"Les enseignes doivent signer l\u2019Accord international\" \/>\n<meta property=\"og:description\" content=\"L&rsquo;Accord du Bangladesh sur les mesures de s\u00e9curit\u00e9 ayant trait aux incendies et aux b\u00e2timents est n\u00e9 sur les d\u00e9combres de cette catastrophe. Il\" \/>\n<meta property=\"og:url\" content=\"https:\/\/admin.industriall-union.org\/fr\/les-enseignes-doivent-signer-l-accord-international\/\" \/>\n<meta property=\"og:site_name\" content=\"industriall-union\" \/>\n<meta property=\"article:modified_time\" content=\"2025-01-28T03:15:08+00:00\" \/>\n<meta name=\"twitter:card\" content=\"summary_large_image\" \/>\n<meta name=\"twitter:label1\" content=\"Est. reading time\" \/>\n\t<meta name=\"twitter:data1\" content=\"2 minutes\" \/>\n<script type=\"application\/ld+json\" class=\"yoast-schema-graph\">{\"@context\":\"https:\/\/schema.org\",\"@graph\":[{\"@type\":\"WebPage\",\"@id\":\"https:\/\/admin.industriall-union.org\/fr\/les-enseignes-doivent-signer-l-accord-international\/\",\"url\":\"https:\/\/admin.industriall-union.org\/fr\/les-enseignes-doivent-signer-l-accord-international\/\",\"name\":\"Les enseignes doivent signer l\u2019Accord international - industriall-union\",\"isPartOf\":{\"@id\":\"https:\/\/admin.industriall-union.org\/#website\"},\"datePublished\":\"2022-04-28T05:09:57+00:00\",\"dateModified\":\"2025-01-28T03:15:08+00:00\",\"description\":\"L&rsquo;Accord du Bangladesh sur les mesures de s\u00e9curit\u00e9 ayant trait aux incendies et aux b\u00e2timents est n\u00e9 sur les d\u00e9combres de cette catastrophe. Il\",\"breadcrumb\":{\"@id\":\"https:\/\/admin.industriall-union.org\/fr\/les-enseignes-doivent-signer-l-accord-international\/#breadcrumb\"},\"inLanguage\":\"fr-FR\",\"potentialAction\":[{\"@type\":\"ReadAction\",\"target\":[\"https:\/\/admin.industriall-union.org\/fr\/les-enseignes-doivent-signer-l-accord-international\/\"]}]},{\"@type\":\"BreadcrumbList\",\"@id\":\"https:\/\/admin.industriall-union.org\/fr\/les-enseignes-doivent-signer-l-accord-international\/#breadcrumb\",\"itemListElement\":[{\"@type\":\"ListItem\",\"position\":1,\"name\":\"Home\",\"item\":\"https:\/\/admin.industriall-union.org\/\"},{\"@type\":\"ListItem\",\"position\":2,\"name\":\"Articles\",\"item\":\"https:\/\/admin.industriall-union.org\/article\/\"},{\"@type\":\"ListItem\",\"position\":3,\"name\":\"Les enseignes doivent signer l\u2019Accord international\"}]},{\"@type\":\"WebSite\",\"@id\":\"https:\/\/admin.industriall-union.org\/#website\",\"url\":\"https:\/\/admin.industriall-union.org\/\",\"name\":\"industriall-union\",\"description\":\"\",\"potentialAction\":[{\"@type\":\"SearchAction\",\"target\":{\"@type\":\"EntryPoint\",\"urlTemplate\":\"https:\/\/admin.industriall-union.org\/?s={search_term_string}\"},\"query-input\":{\"@type\":\"PropertyValueSpecification\",\"valueRequired\":true,\"valueName\":\"search_term_string\"}}],\"inLanguage\":\"fr-FR\"}]}<\/script>\n<!-- \/ Yoast SEO Premium plugin. -->","yoast_head_json":{"title":"Les enseignes doivent signer l\u2019Accord international - industriall-union","description":"L&rsquo;Accord du Bangladesh sur les mesures de s\u00e9curit\u00e9 ayant trait aux incendies et aux b\u00e2timents est n\u00e9 sur les d\u00e9combres de cette catastrophe. Il","robots":{"index":"index","follow":"follow","max-snippet":"max-snippet:-1","max-image-preview":"max-image-preview:large","max-video-preview":"max-video-preview:-1"},"canonical":"https:\/\/admin.industriall-union.org\/fr\/les-enseignes-doivent-signer-l-accord-international\/","og_locale":"fr_FR","og_type":"article","og_title":"Les enseignes doivent signer l\u2019Accord international","og_description":"L&rsquo;Accord du Bangladesh sur les mesures de s\u00e9curit\u00e9 ayant trait aux incendies et aux b\u00e2timents est n\u00e9 sur les d\u00e9combres de cette catastrophe. Il","og_url":"https:\/\/admin.industriall-union.org\/fr\/les-enseignes-doivent-signer-l-accord-international\/","og_site_name":"industriall-union","article_modified_time":"2025-01-28T03:15:08+00:00","twitter_card":"summary_large_image","twitter_misc":{"Est. reading time":"2 minutes"},"schema":{"@context":"https:\/\/schema.org","@graph":[{"@type":"WebPage","@id":"https:\/\/admin.industriall-union.org\/fr\/les-enseignes-doivent-signer-l-accord-international\/","url":"https:\/\/admin.industriall-union.org\/fr\/les-enseignes-doivent-signer-l-accord-international\/","name":"Les enseignes doivent signer l\u2019Accord international - industriall-union","isPartOf":{"@id":"https:\/\/admin.industriall-union.org\/#website"},"datePublished":"2022-04-28T05:09:57+00:00","dateModified":"2025-01-28T03:15:08+00:00","description":"L&rsquo;Accord du Bangladesh sur les mesures de s\u00e9curit\u00e9 ayant trait aux incendies et aux b\u00e2timents est n\u00e9 sur les d\u00e9combres de cette catastrophe. Il","breadcrumb":{"@id":"https:\/\/admin.industriall-union.org\/fr\/les-enseignes-doivent-signer-l-accord-international\/#breadcrumb"},"inLanguage":"fr-FR","potentialAction":[{"@type":"ReadAction","target":["https:\/\/admin.industriall-union.org\/fr\/les-enseignes-doivent-signer-l-accord-international\/"]}]},{"@type":"BreadcrumbList","@id":"https:\/\/admin.industriall-union.org\/fr\/les-enseignes-doivent-signer-l-accord-international\/#breadcrumb","itemListElement":[{"@type":"ListItem","position":1,"name":"Home","item":"https:\/\/admin.industriall-union.org\/"},{"@type":"ListItem","position":2,"name":"Articles","item":"https:\/\/admin.industriall-union.org\/article\/"},{"@type":"ListItem","position":3,"name":"Les enseignes doivent signer l\u2019Accord international"}]},{"@type":"WebSite","@id":"https:\/\/admin.industriall-union.org\/#website","url":"https:\/\/admin.industriall-union.org\/","name":"industriall-union","description":"","potentialAction":[{"@type":"SearchAction","target":{"@type":"EntryPoint","urlTemplate":"https:\/\/admin.industriall-union.org\/?s={search_term_string}"},"query-input":{"@type":"PropertyValueSpecification","valueRequired":true,"valueName":"search_term_string"}}],"inLanguage":"fr-FR"}]}},"_links":{"self":[{"href":"https:\/\/admin.industriall-union.org\/fr\/wp-json\/wp\/v2\/article\/144003","targetHints":{"allow":["GET"]}}],"collection":[{"href":"https:\/\/admin.industriall-union.org\/fr\/wp-json\/wp\/v2\/article"}],"about":[{"href":"https:\/\/admin.industriall-union.org\/fr\/wp-json\/wp\/v2\/types\/article"}],"wp:attachment":[{"href":"https:\/\/admin.industriall-union.org\/fr\/wp-json\/wp\/v2\/media?parent=144003"}],"wp:term":[{"taxonomy":"issues","embeddable":true,"href":"https:\/\/admin.industriall-union.org\/fr\/wp-json\/wp\/v2\/issues?post=144003"},{"taxonomy":"companies","embeddable":true,"href":"https:\/\/admin.industriall-union.org\/fr\/wp-json\/wp\/v2\/companies?post=144003"},{"taxonomy":"regions","embeddable":true,"href":"https:\/\/admin.industriall-union.org\/fr\/wp-json\/wp\/v2\/regions?post=144003"},{"taxonomy":"sectors","embeddable":true,"href":"https:\/\/admin.industriall-union.org\/fr\/wp-json\/wp\/v2\/sectors?post=144003"},{"taxonomy":"article_tags","embeddable":true,"href":"https:\/\/admin.industriall-union.org\/fr\/wp-json\/wp\/v2\/article_tags?post=144003"}],"curies":[{"name":"wp","href":"https:\/\/api.w.org\/{rel}","templated":true}]}}