{"id":143984,"date":"2022-05-05T08:40:32","date_gmt":"2022-05-05T08:40:32","guid":{"rendered":"https:\/\/admin.industriall-union.org\/poursuite-de-la-greve-dans-la-confection-en-eswatini-sur-fond-d-intimidation-et-de-harcelement\/"},"modified":"2025-01-28T03:08:53","modified_gmt":"2025-01-28T03:08:53","slug":"poursuite-de-la-greve-dans-la-confection-en-eswatini-sur-fond-d-intimidation-et-de-harcelement","status":"publish","type":"article","link":"https:\/\/admin.industriall-union.org\/fr\/poursuite-de-la-greve-dans-la-confection-en-eswatini-sur-fond-d-intimidation-et-de-harcelement\/","title":{"rendered":"Poursuite de la gr\u00e8ve dans la confection en Eswatini sur fond d\u2019intimidation et de harc\u00e8lement"},"content":{"rendered":"<p>La d\u00e9termination des travailleurs et travailleuses s&rsquo;exprime alors que la police et l&rsquo;arm\u00e9e tentent de mettre fin \u00e0 la gr\u00e8ve par l&rsquo;intimidation et le harc\u00e8lement. Selon le syndicat, les forces de s\u00e9curit\u00e9 vont jusqu&rsquo;\u00e0 se rendre au domicile des gr\u00e9vistes en exigeant la reprise du travail sous peine d&rsquo;expulsion du lieu de r\u00e9sidence. Selon nos informations, des gaz lacrymog\u00e8nes ont \u00e9t\u00e9 lanc\u00e9s dans certaines habitations.<\/p><p>Wander Mkhonza, Secr\u00e9taire g\u00e9n\u00e9ral de l&rsquo;ATUSWA, a d\u00e9clar\u00e9&nbsp;:<\/p><blockquote><p>&ldquo;Bien que nous soyons ext\u00e9nu\u00e9s (ces cinq semaines ont \u00e9t\u00e9 longues), la gr\u00e8ve continue. Nous persisterons \u00e0 lutter avec tout ce qui est en notre pouvoir en tant que syndicat jusqu&rsquo;\u00e0 ce que nos revendications soient satisfaites. Nous nous battons uniquement en faveur de salaires vitaux pour nos membres, et je tiens \u00e0 souligner qu&rsquo;il s&rsquo;agit d&rsquo;un conflit de travail entre les travailleurs et l&rsquo;employeur. Cependant, nous sommes choqu\u00e9s par les menaces prof\u00e9r\u00e9es \u00e0 l&rsquo;encontre de nos membres par des forces de s\u00e9curit\u00e9 qui ne sont pas parties au conflit salarial.&rdquo;<\/p><\/blockquote><p>Contrairement \u00e0 se qui se traduit dans les actes des forces de s\u00e9curit\u00e9, le minist\u00e8re du travail et de la s\u00e9curit\u00e9 sociale a d\u00e9clar\u00e9 dans son communiqu\u00e9 sur la Journ\u00e9e des travailleurs que le gouvernement respectait les &ldquo;principes et droits fondamentaux au travail&rdquo; de l&rsquo;Organisation internationale du travail (OIT). Auparavant, le minist\u00e8re avait d\u00e9clar\u00e9 que le syndicat ATUSWA (Syndicat g\u00e9n\u00e9ral du Swaziland), affili\u00e9 \u00e0 IndustriALL Global Union, devait soumettre ses dol\u00e9ances au Conseil salarial du secteur du textile et de la confection, compos\u00e9 de repr\u00e9sentants des employeurs, des travailleurs et du gouvernement.<\/p><p>L&rsquo;ATUSWA, qui m\u00e8ne la gr\u00e8ve, affirme qu&rsquo;au lieu de s&rsquo;attaquer au conflit salarial, les employeurs sont de connivence avec le gouvernement d&rsquo;Eswatini, qui est cens\u00e9 \u00eatre neutre, pour intimider et harceler le syndicat et les gr\u00e9vistes.<\/p><p>Environ 2.000 travailleurs et travailleuses se sont r\u00e9unis le 2 mai dans la zone industrielle de Nhlangano, qui regroupe des usines textiles et de confection, pour r\u00e9affirmer leur engagement dans la gr\u00e8ve. Certains ont march\u00e9 sur plus de 8 km pour assister \u00e0 la r\u00e9union de masse o\u00f9 30 travailleurs et travailleuses ont pris la parole pour soutenir la gr\u00e8ve, qui, cela a \u00e9t\u00e9 r\u00e9affirm\u00e9, doit se poursuivre jusqu&rsquo;\u00e0 ce que leurs revendications par rapport au salaire vital soient satisfaites.<\/p><p>Paule France Ndessomin, Secr\u00e9taire r\u00e9gionale d&rsquo;IndustriALL pour l&rsquo;Afrique sub-saharienne, a d\u00e9clar\u00e9&nbsp;:<\/p><blockquote><p>&ldquo;Nous soutenons la gr\u00e8ve men\u00e9e par l&rsquo;ATUSWA et les revendications en faveur de salaires vitaux, car le co\u00fbt de la vie augmente. Conform\u00e9ment \u00e0 la r\u00e9solution du Congr\u00e8s d&rsquo;IndustriALL, nous appelons le gouvernement d&rsquo;Eswatini \u00e0 respecter les droits de gr\u00e8ve et de n\u00e9gociation collective des travailleurs et travailleuses. Le gouvernement doit respecter leurs droits humains et mettre fin \u00e0 l&rsquo;intimidation et au harc\u00e8lement.&rdquo;<\/p><\/blockquote>","protected":false},"featured_media":0,"template":"","issues":[416,424,425],"companies":[],"regions":[353],"sectors":[464],"article_tags":[],"class_list":["post-143984","article","type-article","status-publish","hentry","issues-living-wage","issues-violation","issues-workers-rights","regions-kingdom-of-eswatini","sectors-textile-leather-garment-shoes-and-textile-services"],"acf":[],"yoast_head":"<!-- This site is optimized with the Yoast SEO Premium plugin v27.1 (Yoast SEO v27.1) - https:\/\/yoast.com\/product\/yoast-seo-premium-wordpress\/ -->\n<title>Poursuite de la gr\u00e8ve dans la confection en Eswatini sur fond d\u2019intimidation et de harc\u00e8lement - industriall-union<\/title>\n<meta name=\"description\" content=\"La d\u00e9termination des travailleurs et travailleuses s&rsquo;exprime alors que la police et l&rsquo;arm\u00e9e tentent de mettre fin \u00e0 la gr\u00e8ve par\" \/>\n<meta name=\"robots\" content=\"index, follow, max-snippet:-1, max-image-preview:large, max-video-preview:-1\" \/>\n<link rel=\"canonical\" href=\"https:\/\/admin.industriall-union.org\/fr\/poursuite-de-la-greve-dans-la-confection-en-eswatini-sur-fond-d-intimidation-et-de-harcelement\/\" \/>\n<meta property=\"og:locale\" content=\"fr_FR\" \/>\n<meta property=\"og:type\" content=\"article\" \/>\n<meta property=\"og:title\" content=\"Poursuite de la gr\u00e8ve dans la confection en Eswatini sur fond d\u2019intimidation et de harc\u00e8lement\" \/>\n<meta property=\"og:description\" content=\"La d\u00e9termination des travailleurs et travailleuses s&rsquo;exprime alors que la police et l&rsquo;arm\u00e9e tentent de mettre fin \u00e0 la gr\u00e8ve par\" \/>\n<meta property=\"og:url\" content=\"https:\/\/admin.industriall-union.org\/fr\/poursuite-de-la-greve-dans-la-confection-en-eswatini-sur-fond-d-intimidation-et-de-harcelement\/\" \/>\n<meta property=\"og:site_name\" content=\"industriall-union\" \/>\n<meta property=\"article:modified_time\" content=\"2025-01-28T03:08:53+00:00\" \/>\n<meta name=\"twitter:card\" content=\"summary_large_image\" \/>\n<meta name=\"twitter:label1\" content=\"Est. reading time\" \/>\n\t<meta name=\"twitter:data1\" content=\"3 minutes\" \/>\n<script type=\"application\/ld+json\" class=\"yoast-schema-graph\">{\"@context\":\"https:\/\/schema.org\",\"@graph\":[{\"@type\":\"WebPage\",\"@id\":\"https:\/\/admin.industriall-union.org\/fr\/poursuite-de-la-greve-dans-la-confection-en-eswatini-sur-fond-d-intimidation-et-de-harcelement\/\",\"url\":\"https:\/\/admin.industriall-union.org\/fr\/poursuite-de-la-greve-dans-la-confection-en-eswatini-sur-fond-d-intimidation-et-de-harcelement\/\",\"name\":\"Poursuite de la gr\u00e8ve dans la confection en Eswatini sur fond d\u2019intimidation et de harc\u00e8lement - industriall-union\",\"isPartOf\":{\"@id\":\"https:\/\/admin.industriall-union.org\/#website\"},\"datePublished\":\"2022-05-05T08:40:32+00:00\",\"dateModified\":\"2025-01-28T03:08:53+00:00\",\"description\":\"La d\u00e9termination des travailleurs et travailleuses s&rsquo;exprime alors que la police et l&rsquo;arm\u00e9e tentent de mettre fin \u00e0 la gr\u00e8ve par\",\"breadcrumb\":{\"@id\":\"https:\/\/admin.industriall-union.org\/fr\/poursuite-de-la-greve-dans-la-confection-en-eswatini-sur-fond-d-intimidation-et-de-harcelement\/#breadcrumb\"},\"inLanguage\":\"fr-FR\",\"potentialAction\":[{\"@type\":\"ReadAction\",\"target\":[\"https:\/\/admin.industriall-union.org\/fr\/poursuite-de-la-greve-dans-la-confection-en-eswatini-sur-fond-d-intimidation-et-de-harcelement\/\"]}]},{\"@type\":\"BreadcrumbList\",\"@id\":\"https:\/\/admin.industriall-union.org\/fr\/poursuite-de-la-greve-dans-la-confection-en-eswatini-sur-fond-d-intimidation-et-de-harcelement\/#breadcrumb\",\"itemListElement\":[{\"@type\":\"ListItem\",\"position\":1,\"name\":\"Home\",\"item\":\"https:\/\/admin.industriall-union.org\/\"},{\"@type\":\"ListItem\",\"position\":2,\"name\":\"Articles\",\"item\":\"https:\/\/admin.industriall-union.org\/article\/\"},{\"@type\":\"ListItem\",\"position\":3,\"name\":\"Poursuite de la gr\u00e8ve dans la confection en Eswatini sur fond d\u2019intimidation et de harc\u00e8lement\"}]},{\"@type\":\"WebSite\",\"@id\":\"https:\/\/admin.industriall-union.org\/#website\",\"url\":\"https:\/\/admin.industriall-union.org\/\",\"name\":\"industriall-union\",\"description\":\"\",\"potentialAction\":[{\"@type\":\"SearchAction\",\"target\":{\"@type\":\"EntryPoint\",\"urlTemplate\":\"https:\/\/admin.industriall-union.org\/?s={search_term_string}\"},\"query-input\":{\"@type\":\"PropertyValueSpecification\",\"valueRequired\":true,\"valueName\":\"search_term_string\"}}],\"inLanguage\":\"fr-FR\"}]}<\/script>\n<!-- \/ Yoast SEO Premium plugin. -->","yoast_head_json":{"title":"Poursuite de la gr\u00e8ve dans la confection en Eswatini sur fond d\u2019intimidation et de harc\u00e8lement - industriall-union","description":"La d\u00e9termination des travailleurs et travailleuses s&rsquo;exprime alors que la police et l&rsquo;arm\u00e9e tentent de mettre fin \u00e0 la gr\u00e8ve par","robots":{"index":"index","follow":"follow","max-snippet":"max-snippet:-1","max-image-preview":"max-image-preview:large","max-video-preview":"max-video-preview:-1"},"canonical":"https:\/\/admin.industriall-union.org\/fr\/poursuite-de-la-greve-dans-la-confection-en-eswatini-sur-fond-d-intimidation-et-de-harcelement\/","og_locale":"fr_FR","og_type":"article","og_title":"Poursuite de la gr\u00e8ve dans la confection en Eswatini sur fond d\u2019intimidation et de harc\u00e8lement","og_description":"La d\u00e9termination des travailleurs et travailleuses s&rsquo;exprime alors que la police et l&rsquo;arm\u00e9e tentent de mettre fin \u00e0 la gr\u00e8ve par","og_url":"https:\/\/admin.industriall-union.org\/fr\/poursuite-de-la-greve-dans-la-confection-en-eswatini-sur-fond-d-intimidation-et-de-harcelement\/","og_site_name":"industriall-union","article_modified_time":"2025-01-28T03:08:53+00:00","twitter_card":"summary_large_image","twitter_misc":{"Est. reading time":"3 minutes"},"schema":{"@context":"https:\/\/schema.org","@graph":[{"@type":"WebPage","@id":"https:\/\/admin.industriall-union.org\/fr\/poursuite-de-la-greve-dans-la-confection-en-eswatini-sur-fond-d-intimidation-et-de-harcelement\/","url":"https:\/\/admin.industriall-union.org\/fr\/poursuite-de-la-greve-dans-la-confection-en-eswatini-sur-fond-d-intimidation-et-de-harcelement\/","name":"Poursuite de la gr\u00e8ve dans la confection en Eswatini sur fond d\u2019intimidation et de harc\u00e8lement - industriall-union","isPartOf":{"@id":"https:\/\/admin.industriall-union.org\/#website"},"datePublished":"2022-05-05T08:40:32+00:00","dateModified":"2025-01-28T03:08:53+00:00","description":"La d\u00e9termination des travailleurs et travailleuses s&rsquo;exprime alors que la police et l&rsquo;arm\u00e9e tentent de mettre fin \u00e0 la gr\u00e8ve par","breadcrumb":{"@id":"https:\/\/admin.industriall-union.org\/fr\/poursuite-de-la-greve-dans-la-confection-en-eswatini-sur-fond-d-intimidation-et-de-harcelement\/#breadcrumb"},"inLanguage":"fr-FR","potentialAction":[{"@type":"ReadAction","target":["https:\/\/admin.industriall-union.org\/fr\/poursuite-de-la-greve-dans-la-confection-en-eswatini-sur-fond-d-intimidation-et-de-harcelement\/"]}]},{"@type":"BreadcrumbList","@id":"https:\/\/admin.industriall-union.org\/fr\/poursuite-de-la-greve-dans-la-confection-en-eswatini-sur-fond-d-intimidation-et-de-harcelement\/#breadcrumb","itemListElement":[{"@type":"ListItem","position":1,"name":"Home","item":"https:\/\/admin.industriall-union.org\/"},{"@type":"ListItem","position":2,"name":"Articles","item":"https:\/\/admin.industriall-union.org\/article\/"},{"@type":"ListItem","position":3,"name":"Poursuite de la gr\u00e8ve dans la confection en Eswatini sur fond d\u2019intimidation et de harc\u00e8lement"}]},{"@type":"WebSite","@id":"https:\/\/admin.industriall-union.org\/#website","url":"https:\/\/admin.industriall-union.org\/","name":"industriall-union","description":"","potentialAction":[{"@type":"SearchAction","target":{"@type":"EntryPoint","urlTemplate":"https:\/\/admin.industriall-union.org\/?s={search_term_string}"},"query-input":{"@type":"PropertyValueSpecification","valueRequired":true,"valueName":"search_term_string"}}],"inLanguage":"fr-FR"}]}},"_links":{"self":[{"href":"https:\/\/admin.industriall-union.org\/fr\/wp-json\/wp\/v2\/article\/143984","targetHints":{"allow":["GET"]}}],"collection":[{"href":"https:\/\/admin.industriall-union.org\/fr\/wp-json\/wp\/v2\/article"}],"about":[{"href":"https:\/\/admin.industriall-union.org\/fr\/wp-json\/wp\/v2\/types\/article"}],"wp:attachment":[{"href":"https:\/\/admin.industriall-union.org\/fr\/wp-json\/wp\/v2\/media?parent=143984"}],"wp:term":[{"taxonomy":"issues","embeddable":true,"href":"https:\/\/admin.industriall-union.org\/fr\/wp-json\/wp\/v2\/issues?post=143984"},{"taxonomy":"companies","embeddable":true,"href":"https:\/\/admin.industriall-union.org\/fr\/wp-json\/wp\/v2\/companies?post=143984"},{"taxonomy":"regions","embeddable":true,"href":"https:\/\/admin.industriall-union.org\/fr\/wp-json\/wp\/v2\/regions?post=143984"},{"taxonomy":"sectors","embeddable":true,"href":"https:\/\/admin.industriall-union.org\/fr\/wp-json\/wp\/v2\/sectors?post=143984"},{"taxonomy":"article_tags","embeddable":true,"href":"https:\/\/admin.industriall-union.org\/fr\/wp-json\/wp\/v2\/article_tags?post=143984"}],"curies":[{"name":"wp","href":"https:\/\/api.w.org\/{rel}","templated":true}]}}