{"id":143975,"date":"2022-05-12T15:06:22","date_gmt":"2022-05-12T15:06:22","guid":{"rendered":"https:\/\/admin.industriall-union.org\/faire-participer-les-hommes-a-la-lutte-contre-la-violence-et-le-harcelement-bases-sur-le-genre\/"},"modified":"2025-01-28T03:02:47","modified_gmt":"2025-01-28T03:02:47","slug":"faire-participer-les-hommes-a-la-lutte-contre-la-violence-et-le-harcelement-bases-sur-le-genre","status":"publish","type":"article","link":"https:\/\/admin.industriall-union.org\/fr\/faire-participer-les-hommes-a-la-lutte-contre-la-violence-et-le-harcelement-bases-sur-le-genre\/","title":{"rendered":"Faire participer les hommes \u00e0 la lutte contre la violence et le harc\u00e8lement bas\u00e9s sur le genre"},"content":{"rendered":"<p style=\"text-align: center\"><a href=\"\/wp-content\/uploads\/images\/Women\/GBVH\/final_gbvh_report_05042022.pdf\"><img decoding=\"async\" alt=\"\" src=\"\" style=\"width: 200px;height: 283px\" \/><\/a><\/p><p>La centaine de femmes syndicalistes et dirigeantes d&rsquo;IndustriALL interrog\u00e9es dans le cadre de cette \u00e9tude donnent un aper\u00e7u des actions et des n\u00e9gociations des affili\u00e9s d&rsquo;IndustriALL pour mettre fin \u00e0 la VHBG. Les in\u00e9galit\u00e9s de pouvoir, la discrimination, la stigmatisation des victimes et une culture de l&rsquo;impunit\u00e9 existent dans les trois secteurs et font partie des causes profondes de la probl\u00e9matique.<\/p><p>Des progr\u00e8s concrets peuvent \u00eatre r\u00e9alis\u00e9s lorsque les syndicats s&rsquo;opposent \u00e0 la discrimination et aux in\u00e9galit\u00e9s et soutiennent les victimes. L&rsquo;implication des syndicats dans les m\u00e9canismes de plainte est essentielle dans la lutte contre l&rsquo;impunit\u00e9. Le r\u00f4le des femmes dirigeantes dans les syndicats en vue d&rsquo;instaurer la confiance avec les travailleuses et mettre la VHBG \u00e0 l&rsquo;ordre du jour du syndicat est crucial.<\/p><p>Les femmes demandent que les syndicalistes masculins s&rsquo;impliquent. Une formation et une sensibilisation ax\u00e9es sur le changement de comportement des hommes au sein du mouvement syndical sont n\u00e9cessaires.<\/p><p>Au Canada, les M\u00e9tallos USW ont mis au point une formation de t\u00e9moin actif. En 2021, les M\u00e9tallos USW ont \u00e9tabli un partenariat avec l&rsquo;Association des joueurs de football canadiens (APFC) afin de &ldquo;briser le silence&rdquo; sur la VHBG par le biais d&rsquo;un programme de formation de porte-parole destin\u00e9 aux adh\u00e9rents masculins du syndicat. Ils ont ainsi pu faire un expos\u00e9 de 90 minutes aux membres du syndicat sur la fa\u00e7on de travailler en tant qu&rsquo;alli\u00e9s masculins pour mettre fin \u00e0 la VHBG.<\/p><blockquote><p>&ldquo;Nous disons toujours aux hommes que nous ne leur demandons pas de d\u00e9fendre les femmes, mais simplement de les soutenir. Soyez les plus nombreux&nbsp;! Il n&rsquo;y a qu&rsquo;un tr\u00e8s petit nombre d&rsquo;hommes qui sont violents et nous essayons d&rsquo;amener la majorit\u00e9 des hommes qui sont corrects \u00e0 s&rsquo;exprimer et \u00e0 aider \u00e0 changer la culture ambiante,&rdquo;<\/p><\/blockquote><p>a d\u00e9clar\u00e9 une d\u00e9l\u00e9gu\u00e9e syndicale qui participr au programme.<\/p><blockquote><p>&ldquo;Cette \u00e9tude a un contenu percutant et sera essentielle pour le travail d&rsquo;IndustriALL dans la confection, les mines et l&rsquo;\u00e9lectronique. En lisant les t\u00e9moignages de toutes ces femmes syndicalistes des affili\u00e9s d&rsquo;IndustriALL, on d\u00e9couvre leur combat acharn\u00e9. Ils montrent comment l&rsquo;implication active des syndicats fait la diff\u00e9rence dans la vie quotidienne des travailleuses. Les mentalit\u00e9s et les comportements doivent changer et les syndicats doivent \u00eatre les acteurs de ce changement. Ils doivent combattre les st\u00e9r\u00e9otypes et les normes sociales qui perp\u00e9tuent la discrimination \u00e0 l&rsquo;\u00e9gard des femmes. Ils doivent tenir les employeurs et les entreprises responsables de leur incapacit\u00e9 \u00e0 pr\u00e9venir et \u00e0 combattre la VHBG,&rdquo;<\/p><\/blockquote><p>a d\u00e9clar\u00e9 Armelle Seby, Directrice pour les questions de genres au sein d&rsquo;IndustriALL.<\/p>","protected":false},"featured_media":0,"template":"","issues":[402,397,425],"companies":[],"regions":[],"sectors":[490,494,464],"article_tags":[],"class_list":["post-143975","article","type-article","status-publish","hentry","issues-health-and-safety","issues-women","issues-workers-rights","sectors-ict-electrical-and-electronics","sectors-mining-and-dgojp","sectors-textile-leather-garment-shoes-and-textile-services"],"acf":[],"yoast_head":"<!-- This site is optimized with the Yoast SEO Premium plugin v27.1 (Yoast SEO v27.1) - https:\/\/yoast.com\/product\/yoast-seo-premium-wordpress\/ -->\n<title>Faire participer les hommes \u00e0 la lutte contre la violence et le harc\u00e8lement bas\u00e9s sur le genre - industriall-union<\/title>\n<meta name=\"description\" content=\"La centaine de femmes syndicalistes et dirigeantes d&rsquo;IndustriALL interrog\u00e9es dans le cadre de cette \u00e9tude donnent un aper\u00e7u des actions et des\" \/>\n<meta name=\"robots\" content=\"index, follow, max-snippet:-1, max-image-preview:large, max-video-preview:-1\" \/>\n<link rel=\"canonical\" href=\"https:\/\/admin.industriall-union.org\/fr\/faire-participer-les-hommes-a-la-lutte-contre-la-violence-et-le-harcelement-bases-sur-le-genre\/\" \/>\n<meta property=\"og:locale\" content=\"fr_FR\" \/>\n<meta property=\"og:type\" content=\"article\" \/>\n<meta property=\"og:title\" content=\"Faire participer les hommes \u00e0 la lutte contre la violence et le harc\u00e8lement bas\u00e9s sur le genre\" \/>\n<meta property=\"og:description\" content=\"La centaine de femmes syndicalistes et dirigeantes d&rsquo;IndustriALL interrog\u00e9es dans le cadre de cette \u00e9tude donnent un aper\u00e7u des actions et des\" \/>\n<meta property=\"og:url\" content=\"https:\/\/admin.industriall-union.org\/fr\/faire-participer-les-hommes-a-la-lutte-contre-la-violence-et-le-harcelement-bases-sur-le-genre\/\" \/>\n<meta property=\"og:site_name\" content=\"industriall-union\" \/>\n<meta property=\"article:modified_time\" content=\"2025-01-28T03:02:47+00:00\" \/>\n<meta name=\"twitter:card\" content=\"summary_large_image\" \/>\n<meta name=\"twitter:label1\" content=\"Est. reading time\" \/>\n\t<meta name=\"twitter:data1\" content=\"2 minutes\" \/>\n<script type=\"application\/ld+json\" class=\"yoast-schema-graph\">{\"@context\":\"https:\/\/schema.org\",\"@graph\":[{\"@type\":\"WebPage\",\"@id\":\"https:\/\/admin.industriall-union.org\/fr\/faire-participer-les-hommes-a-la-lutte-contre-la-violence-et-le-harcelement-bases-sur-le-genre\/\",\"url\":\"https:\/\/admin.industriall-union.org\/fr\/faire-participer-les-hommes-a-la-lutte-contre-la-violence-et-le-harcelement-bases-sur-le-genre\/\",\"name\":\"Faire participer les hommes \u00e0 la lutte contre la violence et le harc\u00e8lement bas\u00e9s sur le genre - industriall-union\",\"isPartOf\":{\"@id\":\"https:\/\/admin.industriall-union.org\/#website\"},\"datePublished\":\"2022-05-12T15:06:22+00:00\",\"dateModified\":\"2025-01-28T03:02:47+00:00\",\"description\":\"La centaine de femmes syndicalistes et dirigeantes d&rsquo;IndustriALL interrog\u00e9es dans le cadre de cette \u00e9tude donnent un aper\u00e7u des actions et des\",\"breadcrumb\":{\"@id\":\"https:\/\/admin.industriall-union.org\/fr\/faire-participer-les-hommes-a-la-lutte-contre-la-violence-et-le-harcelement-bases-sur-le-genre\/#breadcrumb\"},\"inLanguage\":\"fr-FR\",\"potentialAction\":[{\"@type\":\"ReadAction\",\"target\":[\"https:\/\/admin.industriall-union.org\/fr\/faire-participer-les-hommes-a-la-lutte-contre-la-violence-et-le-harcelement-bases-sur-le-genre\/\"]}]},{\"@type\":\"BreadcrumbList\",\"@id\":\"https:\/\/admin.industriall-union.org\/fr\/faire-participer-les-hommes-a-la-lutte-contre-la-violence-et-le-harcelement-bases-sur-le-genre\/#breadcrumb\",\"itemListElement\":[{\"@type\":\"ListItem\",\"position\":1,\"name\":\"Home\",\"item\":\"https:\/\/admin.industriall-union.org\/\"},{\"@type\":\"ListItem\",\"position\":2,\"name\":\"Articles\",\"item\":\"https:\/\/admin.industriall-union.org\/article\/\"},{\"@type\":\"ListItem\",\"position\":3,\"name\":\"Faire participer les hommes \u00e0 la lutte contre la violence et le harc\u00e8lement bas\u00e9s sur le genre\"}]},{\"@type\":\"WebSite\",\"@id\":\"https:\/\/admin.industriall-union.org\/#website\",\"url\":\"https:\/\/admin.industriall-union.org\/\",\"name\":\"industriall-union\",\"description\":\"\",\"potentialAction\":[{\"@type\":\"SearchAction\",\"target\":{\"@type\":\"EntryPoint\",\"urlTemplate\":\"https:\/\/admin.industriall-union.org\/?s={search_term_string}\"},\"query-input\":{\"@type\":\"PropertyValueSpecification\",\"valueRequired\":true,\"valueName\":\"search_term_string\"}}],\"inLanguage\":\"fr-FR\"}]}<\/script>\n<!-- \/ Yoast SEO Premium plugin. -->","yoast_head_json":{"title":"Faire participer les hommes \u00e0 la lutte contre la violence et le harc\u00e8lement bas\u00e9s sur le genre - industriall-union","description":"La centaine de femmes syndicalistes et dirigeantes d&rsquo;IndustriALL interrog\u00e9es dans le cadre de cette \u00e9tude donnent un aper\u00e7u des actions et des","robots":{"index":"index","follow":"follow","max-snippet":"max-snippet:-1","max-image-preview":"max-image-preview:large","max-video-preview":"max-video-preview:-1"},"canonical":"https:\/\/admin.industriall-union.org\/fr\/faire-participer-les-hommes-a-la-lutte-contre-la-violence-et-le-harcelement-bases-sur-le-genre\/","og_locale":"fr_FR","og_type":"article","og_title":"Faire participer les hommes \u00e0 la lutte contre la violence et le harc\u00e8lement bas\u00e9s sur le genre","og_description":"La centaine de femmes syndicalistes et dirigeantes d&rsquo;IndustriALL interrog\u00e9es dans le cadre de cette \u00e9tude donnent un aper\u00e7u des actions et des","og_url":"https:\/\/admin.industriall-union.org\/fr\/faire-participer-les-hommes-a-la-lutte-contre-la-violence-et-le-harcelement-bases-sur-le-genre\/","og_site_name":"industriall-union","article_modified_time":"2025-01-28T03:02:47+00:00","twitter_card":"summary_large_image","twitter_misc":{"Est. reading time":"2 minutes"},"schema":{"@context":"https:\/\/schema.org","@graph":[{"@type":"WebPage","@id":"https:\/\/admin.industriall-union.org\/fr\/faire-participer-les-hommes-a-la-lutte-contre-la-violence-et-le-harcelement-bases-sur-le-genre\/","url":"https:\/\/admin.industriall-union.org\/fr\/faire-participer-les-hommes-a-la-lutte-contre-la-violence-et-le-harcelement-bases-sur-le-genre\/","name":"Faire participer les hommes \u00e0 la lutte contre la violence et le harc\u00e8lement bas\u00e9s sur le genre - industriall-union","isPartOf":{"@id":"https:\/\/admin.industriall-union.org\/#website"},"datePublished":"2022-05-12T15:06:22+00:00","dateModified":"2025-01-28T03:02:47+00:00","description":"La centaine de femmes syndicalistes et dirigeantes d&rsquo;IndustriALL interrog\u00e9es dans le cadre de cette \u00e9tude donnent un aper\u00e7u des actions et des","breadcrumb":{"@id":"https:\/\/admin.industriall-union.org\/fr\/faire-participer-les-hommes-a-la-lutte-contre-la-violence-et-le-harcelement-bases-sur-le-genre\/#breadcrumb"},"inLanguage":"fr-FR","potentialAction":[{"@type":"ReadAction","target":["https:\/\/admin.industriall-union.org\/fr\/faire-participer-les-hommes-a-la-lutte-contre-la-violence-et-le-harcelement-bases-sur-le-genre\/"]}]},{"@type":"BreadcrumbList","@id":"https:\/\/admin.industriall-union.org\/fr\/faire-participer-les-hommes-a-la-lutte-contre-la-violence-et-le-harcelement-bases-sur-le-genre\/#breadcrumb","itemListElement":[{"@type":"ListItem","position":1,"name":"Home","item":"https:\/\/admin.industriall-union.org\/"},{"@type":"ListItem","position":2,"name":"Articles","item":"https:\/\/admin.industriall-union.org\/article\/"},{"@type":"ListItem","position":3,"name":"Faire participer les hommes \u00e0 la lutte contre la violence et le harc\u00e8lement bas\u00e9s sur le genre"}]},{"@type":"WebSite","@id":"https:\/\/admin.industriall-union.org\/#website","url":"https:\/\/admin.industriall-union.org\/","name":"industriall-union","description":"","potentialAction":[{"@type":"SearchAction","target":{"@type":"EntryPoint","urlTemplate":"https:\/\/admin.industriall-union.org\/?s={search_term_string}"},"query-input":{"@type":"PropertyValueSpecification","valueRequired":true,"valueName":"search_term_string"}}],"inLanguage":"fr-FR"}]}},"_links":{"self":[{"href":"https:\/\/admin.industriall-union.org\/fr\/wp-json\/wp\/v2\/article\/143975","targetHints":{"allow":["GET"]}}],"collection":[{"href":"https:\/\/admin.industriall-union.org\/fr\/wp-json\/wp\/v2\/article"}],"about":[{"href":"https:\/\/admin.industriall-union.org\/fr\/wp-json\/wp\/v2\/types\/article"}],"wp:attachment":[{"href":"https:\/\/admin.industriall-union.org\/fr\/wp-json\/wp\/v2\/media?parent=143975"}],"wp:term":[{"taxonomy":"issues","embeddable":true,"href":"https:\/\/admin.industriall-union.org\/fr\/wp-json\/wp\/v2\/issues?post=143975"},{"taxonomy":"companies","embeddable":true,"href":"https:\/\/admin.industriall-union.org\/fr\/wp-json\/wp\/v2\/companies?post=143975"},{"taxonomy":"regions","embeddable":true,"href":"https:\/\/admin.industriall-union.org\/fr\/wp-json\/wp\/v2\/regions?post=143975"},{"taxonomy":"sectors","embeddable":true,"href":"https:\/\/admin.industriall-union.org\/fr\/wp-json\/wp\/v2\/sectors?post=143975"},{"taxonomy":"article_tags","embeddable":true,"href":"https:\/\/admin.industriall-union.org\/fr\/wp-json\/wp\/v2\/article_tags?post=143975"}],"curies":[{"name":"wp","href":"https:\/\/api.w.org\/{rel}","templated":true}]}}