{"id":143961,"date":"2022-05-13T15:35:10","date_gmt":"2022-05-13T15:35:10","guid":{"rendered":"https:\/\/admin.industriall-union.org\/les-syndicats-mondiaux-reclament-la-liberation-immediate-d-039-activistes-syndicaux-belarusses-emprisonnes\/"},"modified":"2025-01-28T03:01:30","modified_gmt":"2025-01-28T03:01:30","slug":"les-syndicats-mondiaux-reclament-la-liberation-immediate-d-039-activistes-syndicaux-belarusses-emprisonnes","status":"publish","type":"article","link":"https:\/\/admin.industriall-union.org\/fr\/les-syndicats-mondiaux-reclament-la-liberation-immediate-d-039-activistes-syndicaux-belarusses-emprisonnes\/","title":{"rendered":"Les syndicats mondiaux r\u00e9clament la lib\u00e9ration imm\u00e9diate d&#039;activistes syndicaux b\u00e9larusses emprisonn\u00e9s"},"content":{"rendered":"<p>Ils ont \u00e9t\u00e9 inculp\u00e9s au titre de l&#039;article 342, paragraphe 1, du code p\u00e9nal et ont \u00e9t\u00e9 transf\u00e9r\u00e9s au centre de d\u00e9tention pr\u00e9ventive pour la dur\u00e9e de l&#039;enqu\u00eate. Parmi leurs chefs d&#039;accusation, la pr\u00e9paration d&#039;actions violant gravement l&#039;ordre public, assorties d&#039;arrestation ou de privation de libert\u00e9 pendant deux \u00e0 cinq ans, ou d&#039;emprisonnement pouvant atteindre quatre ans. Nous exigeons leur lib\u00e9ration imm\u00e9diate et l&#039;abandon de tous les chefs d&#039;inculpation du r\u00e9gime ill\u00e9gitime d&#039;Alexandre Loukachenko, qui a truqu\u00e9 les \u00e9lections de 2020 afin de rester au pouvoir.<\/p><p>Leurs arrestations et le traitement qui leur est r\u00e9serv\u00e9 ont soulev\u00e9 une vague d&#039;indignation et de protestations car il s&#039;agit d&#039;un cas \u00e0 motivation politique et li\u00e9 directement \u00e0 leurs activit\u00e9s syndicales, ainsi que d&#039;une attaque contre la d\u00e9mocratie et le syndicalisme ind\u00e9pendant qui est un de ses \u00e9l\u00e9ments essentiels.<\/p><p>L&#039;arrestation, f\u00fbt-elle de courte dur\u00e9e, de dirigeants syndicaux pour avoir exerc\u00e9 leur droit l\u00e9gitime \u00e0 la libert\u00e9 d&#039;association constitue une violation grave des droits humains fondamentaux, comme l&#039;a \u00e9crit dans un communiqu\u00e9 sp\u00e9cial le directeur g\u00e9n\u00e9ral du BIT, Guy Ryder, qui s&#039;est aussi adress\u00e9 directement au gouvernement du B\u00e9larus. Nous profiterons de la prochaine Conf\u00e9rence internationale du travail et du conseil d&#039;administration du BIT qui suivra pour accro\u00eetre la pression sur le r\u00e9gime ill\u00e9gitime du B\u00e9larus.<\/p><p>La communication avec nos camarades syndicalistes emprisonn\u00e9s n&#039;est possible que par l&#039;interm\u00e9diaire de leurs avocats et par courrier; nous r\u00e9clamons le droit de leur rendre visite en personne et nous effor\u00e7ons d&#039;envoyer une mission de solidarit\u00e9 au B\u00e9larus \u00e0 cet effet.<\/p><p>En tant que syndicats mondiaux, nous ne resterons pas silencieux devant cette attaque injustifi\u00e9e et inacceptable contre les syndicats du B\u00e9larus et, par extension, contre les travailleurs et les syndicats du monde entier : le tort fait \u00e0 l&#039;un de nous est un tort fait \u00e0 tous.<\/p><p><em>D\u00e9claration du Conseil des Syndicats mondiaux (CSM), 13 mai 2022<\/em><span style=\"font-size:12pt\"><span style=\"font-family:Courier\"> <\/span><\/span><\/p>","protected":false},"featured_media":0,"template":"","issues":[422,424,425],"companies":[],"regions":[207],"sectors":[],"article_tags":[],"class_list":["post-143961","article","type-article","status-publish","hentry","issues-human-trade-union-rights","issues-violation","issues-workers-rights","regions-belarus"],"acf":[],"yoast_head":"<!-- This site is optimized with the Yoast SEO Premium plugin v27.1 (Yoast SEO v27.1) - https:\/\/yoast.com\/product\/yoast-seo-premium-wordpress\/ -->\n<title>Les syndicats mondiaux r\u00e9clament la lib\u00e9ration imm\u00e9diate d&#039;activistes syndicaux b\u00e9larusses emprisonn\u00e9s - industriall-union<\/title>\n<meta name=\"description\" content=\"Ils ont \u00e9t\u00e9 inculp\u00e9s au titre de l&#039;article 342, paragraphe 1, du code p\u00e9nal et ont \u00e9t\u00e9 transf\u00e9r\u00e9s au centre de d\u00e9tention pr\u00e9ventive pour la dur\u00e9e de\" \/>\n<meta name=\"robots\" content=\"index, follow, max-snippet:-1, max-image-preview:large, max-video-preview:-1\" \/>\n<link rel=\"canonical\" href=\"https:\/\/admin.industriall-union.org\/fr\/les-syndicats-mondiaux-reclament-la-liberation-immediate-d-039-activistes-syndicaux-belarusses-emprisonnes\/\" \/>\n<meta property=\"og:locale\" content=\"fr_FR\" \/>\n<meta property=\"og:type\" content=\"article\" \/>\n<meta property=\"og:title\" content=\"Les syndicats mondiaux r\u00e9clament la lib\u00e9ration imm\u00e9diate d&#039;activistes syndicaux b\u00e9larusses emprisonn\u00e9s\" \/>\n<meta property=\"og:description\" content=\"Ils ont \u00e9t\u00e9 inculp\u00e9s au titre de l&#039;article 342, paragraphe 1, du code p\u00e9nal et ont \u00e9t\u00e9 transf\u00e9r\u00e9s au centre de d\u00e9tention pr\u00e9ventive pour la dur\u00e9e de\" \/>\n<meta property=\"og:url\" content=\"https:\/\/admin.industriall-union.org\/fr\/les-syndicats-mondiaux-reclament-la-liberation-immediate-d-039-activistes-syndicaux-belarusses-emprisonnes\/\" \/>\n<meta property=\"og:site_name\" content=\"industriall-union\" \/>\n<meta property=\"article:modified_time\" content=\"2025-01-28T03:01:30+00:00\" \/>\n<meta name=\"twitter:card\" content=\"summary_large_image\" \/>\n<meta name=\"twitter:label1\" content=\"Est. reading time\" \/>\n\t<meta name=\"twitter:data1\" content=\"2 minutes\" \/>\n<script type=\"application\/ld+json\" class=\"yoast-schema-graph\">{\"@context\":\"https:\/\/schema.org\",\"@graph\":[{\"@type\":\"WebPage\",\"@id\":\"https:\/\/admin.industriall-union.org\/fr\/les-syndicats-mondiaux-reclament-la-liberation-immediate-d-039-activistes-syndicaux-belarusses-emprisonnes\/\",\"url\":\"https:\/\/admin.industriall-union.org\/fr\/les-syndicats-mondiaux-reclament-la-liberation-immediate-d-039-activistes-syndicaux-belarusses-emprisonnes\/\",\"name\":\"Les syndicats mondiaux r\u00e9clament la lib\u00e9ration imm\u00e9diate d&#039;activistes syndicaux b\u00e9larusses emprisonn\u00e9s - industriall-union\",\"isPartOf\":{\"@id\":\"https:\/\/admin.industriall-union.org\/#website\"},\"datePublished\":\"2022-05-13T15:35:10+00:00\",\"dateModified\":\"2025-01-28T03:01:30+00:00\",\"description\":\"Ils ont \u00e9t\u00e9 inculp\u00e9s au titre de l&#039;article 342, paragraphe 1, du code p\u00e9nal et ont \u00e9t\u00e9 transf\u00e9r\u00e9s au centre de d\u00e9tention pr\u00e9ventive pour la dur\u00e9e de\",\"breadcrumb\":{\"@id\":\"https:\/\/admin.industriall-union.org\/fr\/les-syndicats-mondiaux-reclament-la-liberation-immediate-d-039-activistes-syndicaux-belarusses-emprisonnes\/#breadcrumb\"},\"inLanguage\":\"fr-FR\",\"potentialAction\":[{\"@type\":\"ReadAction\",\"target\":[\"https:\/\/admin.industriall-union.org\/fr\/les-syndicats-mondiaux-reclament-la-liberation-immediate-d-039-activistes-syndicaux-belarusses-emprisonnes\/\"]}]},{\"@type\":\"BreadcrumbList\",\"@id\":\"https:\/\/admin.industriall-union.org\/fr\/les-syndicats-mondiaux-reclament-la-liberation-immediate-d-039-activistes-syndicaux-belarusses-emprisonnes\/#breadcrumb\",\"itemListElement\":[{\"@type\":\"ListItem\",\"position\":1,\"name\":\"Home\",\"item\":\"https:\/\/admin.industriall-union.org\/\"},{\"@type\":\"ListItem\",\"position\":2,\"name\":\"Articles\",\"item\":\"https:\/\/admin.industriall-union.org\/article\/\"},{\"@type\":\"ListItem\",\"position\":3,\"name\":\"Les syndicats mondiaux r\u00e9clament la lib\u00e9ration imm\u00e9diate d&#039;activistes syndicaux b\u00e9larusses emprisonn\u00e9s\"}]},{\"@type\":\"WebSite\",\"@id\":\"https:\/\/admin.industriall-union.org\/#website\",\"url\":\"https:\/\/admin.industriall-union.org\/\",\"name\":\"industriall-union\",\"description\":\"\",\"potentialAction\":[{\"@type\":\"SearchAction\",\"target\":{\"@type\":\"EntryPoint\",\"urlTemplate\":\"https:\/\/admin.industriall-union.org\/?s={search_term_string}\"},\"query-input\":{\"@type\":\"PropertyValueSpecification\",\"valueRequired\":true,\"valueName\":\"search_term_string\"}}],\"inLanguage\":\"fr-FR\"}]}<\/script>\n<!-- \/ Yoast SEO Premium plugin. -->","yoast_head_json":{"title":"Les syndicats mondiaux r\u00e9clament la lib\u00e9ration imm\u00e9diate d&#039;activistes syndicaux b\u00e9larusses emprisonn\u00e9s - industriall-union","description":"Ils ont \u00e9t\u00e9 inculp\u00e9s au titre de l&#039;article 342, paragraphe 1, du code p\u00e9nal et ont \u00e9t\u00e9 transf\u00e9r\u00e9s au centre de d\u00e9tention pr\u00e9ventive pour la dur\u00e9e de","robots":{"index":"index","follow":"follow","max-snippet":"max-snippet:-1","max-image-preview":"max-image-preview:large","max-video-preview":"max-video-preview:-1"},"canonical":"https:\/\/admin.industriall-union.org\/fr\/les-syndicats-mondiaux-reclament-la-liberation-immediate-d-039-activistes-syndicaux-belarusses-emprisonnes\/","og_locale":"fr_FR","og_type":"article","og_title":"Les syndicats mondiaux r\u00e9clament la lib\u00e9ration imm\u00e9diate d&#039;activistes syndicaux b\u00e9larusses emprisonn\u00e9s","og_description":"Ils ont \u00e9t\u00e9 inculp\u00e9s au titre de l&#039;article 342, paragraphe 1, du code p\u00e9nal et ont \u00e9t\u00e9 transf\u00e9r\u00e9s au centre de d\u00e9tention pr\u00e9ventive pour la dur\u00e9e de","og_url":"https:\/\/admin.industriall-union.org\/fr\/les-syndicats-mondiaux-reclament-la-liberation-immediate-d-039-activistes-syndicaux-belarusses-emprisonnes\/","og_site_name":"industriall-union","article_modified_time":"2025-01-28T03:01:30+00:00","twitter_card":"summary_large_image","twitter_misc":{"Est. reading time":"2 minutes"},"schema":{"@context":"https:\/\/schema.org","@graph":[{"@type":"WebPage","@id":"https:\/\/admin.industriall-union.org\/fr\/les-syndicats-mondiaux-reclament-la-liberation-immediate-d-039-activistes-syndicaux-belarusses-emprisonnes\/","url":"https:\/\/admin.industriall-union.org\/fr\/les-syndicats-mondiaux-reclament-la-liberation-immediate-d-039-activistes-syndicaux-belarusses-emprisonnes\/","name":"Les syndicats mondiaux r\u00e9clament la lib\u00e9ration imm\u00e9diate d&#039;activistes syndicaux b\u00e9larusses emprisonn\u00e9s - industriall-union","isPartOf":{"@id":"https:\/\/admin.industriall-union.org\/#website"},"datePublished":"2022-05-13T15:35:10+00:00","dateModified":"2025-01-28T03:01:30+00:00","description":"Ils ont \u00e9t\u00e9 inculp\u00e9s au titre de l&#039;article 342, paragraphe 1, du code p\u00e9nal et ont \u00e9t\u00e9 transf\u00e9r\u00e9s au centre de d\u00e9tention pr\u00e9ventive pour la dur\u00e9e de","breadcrumb":{"@id":"https:\/\/admin.industriall-union.org\/fr\/les-syndicats-mondiaux-reclament-la-liberation-immediate-d-039-activistes-syndicaux-belarusses-emprisonnes\/#breadcrumb"},"inLanguage":"fr-FR","potentialAction":[{"@type":"ReadAction","target":["https:\/\/admin.industriall-union.org\/fr\/les-syndicats-mondiaux-reclament-la-liberation-immediate-d-039-activistes-syndicaux-belarusses-emprisonnes\/"]}]},{"@type":"BreadcrumbList","@id":"https:\/\/admin.industriall-union.org\/fr\/les-syndicats-mondiaux-reclament-la-liberation-immediate-d-039-activistes-syndicaux-belarusses-emprisonnes\/#breadcrumb","itemListElement":[{"@type":"ListItem","position":1,"name":"Home","item":"https:\/\/admin.industriall-union.org\/"},{"@type":"ListItem","position":2,"name":"Articles","item":"https:\/\/admin.industriall-union.org\/article\/"},{"@type":"ListItem","position":3,"name":"Les syndicats mondiaux r\u00e9clament la lib\u00e9ration imm\u00e9diate d&#039;activistes syndicaux b\u00e9larusses emprisonn\u00e9s"}]},{"@type":"WebSite","@id":"https:\/\/admin.industriall-union.org\/#website","url":"https:\/\/admin.industriall-union.org\/","name":"industriall-union","description":"","potentialAction":[{"@type":"SearchAction","target":{"@type":"EntryPoint","urlTemplate":"https:\/\/admin.industriall-union.org\/?s={search_term_string}"},"query-input":{"@type":"PropertyValueSpecification","valueRequired":true,"valueName":"search_term_string"}}],"inLanguage":"fr-FR"}]}},"_links":{"self":[{"href":"https:\/\/admin.industriall-union.org\/fr\/wp-json\/wp\/v2\/article\/143961","targetHints":{"allow":["GET"]}}],"collection":[{"href":"https:\/\/admin.industriall-union.org\/fr\/wp-json\/wp\/v2\/article"}],"about":[{"href":"https:\/\/admin.industriall-union.org\/fr\/wp-json\/wp\/v2\/types\/article"}],"wp:attachment":[{"href":"https:\/\/admin.industriall-union.org\/fr\/wp-json\/wp\/v2\/media?parent=143961"}],"wp:term":[{"taxonomy":"issues","embeddable":true,"href":"https:\/\/admin.industriall-union.org\/fr\/wp-json\/wp\/v2\/issues?post=143961"},{"taxonomy":"companies","embeddable":true,"href":"https:\/\/admin.industriall-union.org\/fr\/wp-json\/wp\/v2\/companies?post=143961"},{"taxonomy":"regions","embeddable":true,"href":"https:\/\/admin.industriall-union.org\/fr\/wp-json\/wp\/v2\/regions?post=143961"},{"taxonomy":"sectors","embeddable":true,"href":"https:\/\/admin.industriall-union.org\/fr\/wp-json\/wp\/v2\/sectors?post=143961"},{"taxonomy":"article_tags","embeddable":true,"href":"https:\/\/admin.industriall-union.org\/fr\/wp-json\/wp\/v2\/article_tags?post=143961"}],"curies":[{"name":"wp","href":"https:\/\/api.w.org\/{rel}","templated":true}]}}