{"id":143952,"date":"2022-05-19T10:52:14","date_gmt":"2022-05-19T10:52:14","guid":{"rendered":"https:\/\/admin.industriall-union.org\/industriall-denonce-une-nouvelle-escalade-dans-la-repression-des-syndicats-au-belarus\/"},"modified":"2025-01-28T02:55:30","modified_gmt":"2025-01-28T02:55:30","slug":"industriall-denonce-une-nouvelle-escalade-dans-la-repression-des-syndicats-au-belarus","status":"publish","type":"article","link":"https:\/\/admin.industriall-union.org\/fr\/industriall-denonce-une-nouvelle-escalade-dans-la-repression-des-syndicats-au-belarus\/","title":{"rendered":"IndustriALL d\u00e9nonce une nouvelle escalade dans la r\u00e9pression des syndicats au B\u00e9larus"},"content":{"rendered":"<p>Zinaida Mikhniuk, prisonni\u00e8re politique, activiste et ancienne pr\u00e9sidente du Syndicat des travailleurs de l&#039;industrie de la radio et de l&#039;\u00e9lectronique (REP), affili\u00e9 \u00e0 IndustriALL, vient d&#039;\u00eatre condamn\u00e9e \u00e0 deux ans de prison pour avoir &quot;insult\u00e9 Loukachenko&quot;.&nbsp; Ce verdict est dur en comparaison avec d&#039;autres cas similaires.<\/p><figure class=\"imageArticle imageMedium\"><img decoding=\"async\" alt=\"\" src=\"\" style=\"width: 600px;height: 800px\" \/><figcaption class=\"imageContent\"><div class=\"imageCaption\"><p>Zinaida Mikhniuk<\/p><\/div><\/figcaption><\/figure><p>Zinaida Mikhniuk a \u00e9t\u00e9 arr\u00eat\u00e9e le 25 mars apr\u00e8s une perquisition de son domicile et des bureaux du syndicat. Elle est rest\u00e9e en d\u00e9tention pr\u00e9ventive, et pendant son proc\u00e8s aussi. Une vingtaine de personnes au moins, dont sont mari, ont voulu assister \u00e0 l&#039;audience mais elles ont \u00e9t\u00e9 refoul\u00e9es.<\/p><p>La veille du proc\u00e8s de Zinaida Mikhniuk, le dirigeant syndical Maxim Poznyakov a \u00e9t\u00e9 arr\u00eat\u00e9 apr\u00e8s avoir conduit ses deux filles jumelles au jardin d&#039;enfants. Maxim Poznyakov est le pr\u00e9sident du Syndicat ind\u00e9pendant b\u00e9larusse (BITU), affili\u00e9 \u00e0 IndustriALL et au Congr\u00e8s b\u00e9larusse des syndicats ind\u00e9pendants. Son arrestation est probablement due \u00e0 sa <a href=\"https:\/\/bkdp.org\/en\/news\/statement-of-the-bkdp-council-in-connection-with-the-arrests-of-activists-and-leaders-of-the-independent-trade-union-movement-in-belarus\">d\u00e9signation comme pr\u00e9sident par int\u00e9rim du BCDTU<\/a> apr\u00e8s l&#039;arrestation de ses deux dirigeants.<\/p><figure class=\"imageArticle imageMedium\"><img decoding=\"async\" alt=\"\" src=\"\" style=\"width: 600px;height: 450px\" \/><figcaption class=\"imageContent\"><div class=\"imageCaption\"><p>Maxim Poznyakov<\/p><\/div><\/figcaption><\/figure><p>En tout, <a href=\"https:\/\/www.industriall-union.org\/global-unions-call-for-the-immediate-release-of-jailed-belarusian-union-activists\">plus d&#039;une vingtaine de dirigeants syndicaux ont \u00e9t\u00e9 arr\u00eat\u00e9s en avril<\/a>. Maxim Poznyakov est le dernier pr\u00e9sident des grands syndicats ind\u00e9pendants \u00e0 \u00eatre arr\u00eat\u00e9. \u00c0 ce stade, tous les dirigeants des syndicats ind\u00e9pendants du B\u00e9larus ont soit \u00e9t\u00e9 arr\u00eat\u00e9s avant d&#039;\u00eatre remis en libert\u00e9 avec interdiction de quitter le pays ou de diffuser toute information sur leur cas, soit ils sont consid\u00e9r\u00e9s comme des d\u00e9linquants et restent en prison, comme le pr\u00e9sident du Congr\u00e8s b\u00e9larusse des syndicats ind\u00e9pendants, Alexander Yarashuk, et son vice-pr\u00e9sident, Sergey Antusevich.<\/p><p>Des enseignants et des \u00e9tudiants membres du Syndicat libre du B\u00e9larus SPB, affili\u00e9 au BCDTU, feraient l&#039;objet de pressions croissantes des autorit\u00e9s pour qu&#039;ils quittent ce syndicat ind\u00e9pendant &quot;criminel&quot; et rejoignent la F\u00e9d\u00e9ration des syndicats du B\u00e9larus, que contr\u00f4le en partie Loukachenko.<\/p><section class=\"boxTurquoise\"><h3>IndustriALL condamne vigoureusement les attaques contre les dirigeants et activistes syndicaux. Ils doivent \u00eatre lib\u00e9r\u00e9s sur-le-champ et tous leurs chefs d&#039;accusation abandonn\u00e9s imm\u00e9diatement et irr\u00e9vocablement.<\/h3><h3>En tant que membre du Conseil des Syndicats mondiaux, nous <a href=\"https:\/\/www.industriall-union.org\/global-unions-call-for-the-immediate-release-of-jailed-belarusian-union-activists\">d\u00e9non\u00e7ons la r\u00e9pression au B\u00e9larus <\/a>et exigeons le droit de rendre visite aux syndicalistes emprisonn\u00e9s et d&#039;envoyer une d\u00e9l\u00e9gation de solidarit\u00e9 au B\u00e9larus.<\/h3><h3>Avec les autres syndicats mondiaux, IndustriALL a lanc\u00e9 une <a href=\"https:\/\/www.labourstartcampaigns.net\/show_campaign.cgi?c=5092\">campagne LabourStart<\/a> contre la plus vaste attaque lanc\u00e9e contre les syndicats en Europe et nous appelons au soutien de tous.<span style=\"font-size:12pt\"><span style=\"font-family:Courier\"> <\/span><\/span><\/h3><\/section>","protected":false},"featured_media":0,"template":"","issues":[424,425],"companies":[],"regions":[207],"sectors":[],"article_tags":[],"class_list":["post-143952","article","type-article","status-publish","hentry","issues-violation","issues-workers-rights","regions-belarus"],"acf":[],"yoast_head":"<!-- This site is optimized with the Yoast SEO Premium plugin v27.1 (Yoast SEO v27.1) - https:\/\/yoast.com\/product\/yoast-seo-premium-wordpress\/ -->\n<title>IndustriALL d\u00e9nonce une nouvelle escalade dans la r\u00e9pression des syndicats au B\u00e9larus - industriall-union<\/title>\n<meta name=\"description\" content=\"Zinaida Mikhniuk, prisonni\u00e8re politique, activiste et ancienne pr\u00e9sidente du Syndicat des travailleurs de l&#039;industrie de la radio et de\" \/>\n<meta name=\"robots\" content=\"index, follow, max-snippet:-1, max-image-preview:large, max-video-preview:-1\" \/>\n<link rel=\"canonical\" href=\"https:\/\/admin.industriall-union.org\/fr\/industriall-denonce-une-nouvelle-escalade-dans-la-repression-des-syndicats-au-belarus\/\" \/>\n<meta property=\"og:locale\" content=\"fr_FR\" \/>\n<meta property=\"og:type\" content=\"article\" \/>\n<meta property=\"og:title\" content=\"IndustriALL d\u00e9nonce une nouvelle escalade dans la r\u00e9pression des syndicats au B\u00e9larus\" \/>\n<meta property=\"og:description\" content=\"Zinaida Mikhniuk, prisonni\u00e8re politique, activiste et ancienne pr\u00e9sidente du Syndicat des travailleurs de l&#039;industrie de la radio et de\" \/>\n<meta property=\"og:url\" content=\"https:\/\/admin.industriall-union.org\/fr\/industriall-denonce-une-nouvelle-escalade-dans-la-repression-des-syndicats-au-belarus\/\" \/>\n<meta property=\"og:site_name\" content=\"industriall-union\" \/>\n<meta property=\"article:modified_time\" content=\"2025-01-28T02:55:30+00:00\" \/>\n<meta name=\"twitter:card\" content=\"summary_large_image\" \/>\n<meta name=\"twitter:label1\" content=\"Est. reading time\" \/>\n\t<meta name=\"twitter:data1\" content=\"2 minutes\" \/>\n<script type=\"application\/ld+json\" class=\"yoast-schema-graph\">{\"@context\":\"https:\/\/schema.org\",\"@graph\":[{\"@type\":\"WebPage\",\"@id\":\"https:\/\/admin.industriall-union.org\/fr\/industriall-denonce-une-nouvelle-escalade-dans-la-repression-des-syndicats-au-belarus\/\",\"url\":\"https:\/\/admin.industriall-union.org\/fr\/industriall-denonce-une-nouvelle-escalade-dans-la-repression-des-syndicats-au-belarus\/\",\"name\":\"IndustriALL d\u00e9nonce une nouvelle escalade dans la r\u00e9pression des syndicats au B\u00e9larus - industriall-union\",\"isPartOf\":{\"@id\":\"https:\/\/admin.industriall-union.org\/#website\"},\"datePublished\":\"2022-05-19T10:52:14+00:00\",\"dateModified\":\"2025-01-28T02:55:30+00:00\",\"description\":\"Zinaida Mikhniuk, prisonni\u00e8re politique, activiste et ancienne pr\u00e9sidente du Syndicat des travailleurs de l&#039;industrie de la radio et de\",\"breadcrumb\":{\"@id\":\"https:\/\/admin.industriall-union.org\/fr\/industriall-denonce-une-nouvelle-escalade-dans-la-repression-des-syndicats-au-belarus\/#breadcrumb\"},\"inLanguage\":\"fr-FR\",\"potentialAction\":[{\"@type\":\"ReadAction\",\"target\":[\"https:\/\/admin.industriall-union.org\/fr\/industriall-denonce-une-nouvelle-escalade-dans-la-repression-des-syndicats-au-belarus\/\"]}]},{\"@type\":\"BreadcrumbList\",\"@id\":\"https:\/\/admin.industriall-union.org\/fr\/industriall-denonce-une-nouvelle-escalade-dans-la-repression-des-syndicats-au-belarus\/#breadcrumb\",\"itemListElement\":[{\"@type\":\"ListItem\",\"position\":1,\"name\":\"Home\",\"item\":\"https:\/\/admin.industriall-union.org\/\"},{\"@type\":\"ListItem\",\"position\":2,\"name\":\"Articles\",\"item\":\"https:\/\/admin.industriall-union.org\/article\/\"},{\"@type\":\"ListItem\",\"position\":3,\"name\":\"IndustriALL d\u00e9nonce une nouvelle escalade dans la r\u00e9pression des syndicats au B\u00e9larus\"}]},{\"@type\":\"WebSite\",\"@id\":\"https:\/\/admin.industriall-union.org\/#website\",\"url\":\"https:\/\/admin.industriall-union.org\/\",\"name\":\"industriall-union\",\"description\":\"\",\"potentialAction\":[{\"@type\":\"SearchAction\",\"target\":{\"@type\":\"EntryPoint\",\"urlTemplate\":\"https:\/\/admin.industriall-union.org\/?s={search_term_string}\"},\"query-input\":{\"@type\":\"PropertyValueSpecification\",\"valueRequired\":true,\"valueName\":\"search_term_string\"}}],\"inLanguage\":\"fr-FR\"}]}<\/script>\n<!-- \/ Yoast SEO Premium plugin. -->","yoast_head_json":{"title":"IndustriALL d\u00e9nonce une nouvelle escalade dans la r\u00e9pression des syndicats au B\u00e9larus - industriall-union","description":"Zinaida Mikhniuk, prisonni\u00e8re politique, activiste et ancienne pr\u00e9sidente du Syndicat des travailleurs de l&#039;industrie de la radio et de","robots":{"index":"index","follow":"follow","max-snippet":"max-snippet:-1","max-image-preview":"max-image-preview:large","max-video-preview":"max-video-preview:-1"},"canonical":"https:\/\/admin.industriall-union.org\/fr\/industriall-denonce-une-nouvelle-escalade-dans-la-repression-des-syndicats-au-belarus\/","og_locale":"fr_FR","og_type":"article","og_title":"IndustriALL d\u00e9nonce une nouvelle escalade dans la r\u00e9pression des syndicats au B\u00e9larus","og_description":"Zinaida Mikhniuk, prisonni\u00e8re politique, activiste et ancienne pr\u00e9sidente du Syndicat des travailleurs de l&#039;industrie de la radio et de","og_url":"https:\/\/admin.industriall-union.org\/fr\/industriall-denonce-une-nouvelle-escalade-dans-la-repression-des-syndicats-au-belarus\/","og_site_name":"industriall-union","article_modified_time":"2025-01-28T02:55:30+00:00","twitter_card":"summary_large_image","twitter_misc":{"Est. reading time":"2 minutes"},"schema":{"@context":"https:\/\/schema.org","@graph":[{"@type":"WebPage","@id":"https:\/\/admin.industriall-union.org\/fr\/industriall-denonce-une-nouvelle-escalade-dans-la-repression-des-syndicats-au-belarus\/","url":"https:\/\/admin.industriall-union.org\/fr\/industriall-denonce-une-nouvelle-escalade-dans-la-repression-des-syndicats-au-belarus\/","name":"IndustriALL d\u00e9nonce une nouvelle escalade dans la r\u00e9pression des syndicats au B\u00e9larus - industriall-union","isPartOf":{"@id":"https:\/\/admin.industriall-union.org\/#website"},"datePublished":"2022-05-19T10:52:14+00:00","dateModified":"2025-01-28T02:55:30+00:00","description":"Zinaida Mikhniuk, prisonni\u00e8re politique, activiste et ancienne pr\u00e9sidente du Syndicat des travailleurs de l&#039;industrie de la radio et de","breadcrumb":{"@id":"https:\/\/admin.industriall-union.org\/fr\/industriall-denonce-une-nouvelle-escalade-dans-la-repression-des-syndicats-au-belarus\/#breadcrumb"},"inLanguage":"fr-FR","potentialAction":[{"@type":"ReadAction","target":["https:\/\/admin.industriall-union.org\/fr\/industriall-denonce-une-nouvelle-escalade-dans-la-repression-des-syndicats-au-belarus\/"]}]},{"@type":"BreadcrumbList","@id":"https:\/\/admin.industriall-union.org\/fr\/industriall-denonce-une-nouvelle-escalade-dans-la-repression-des-syndicats-au-belarus\/#breadcrumb","itemListElement":[{"@type":"ListItem","position":1,"name":"Home","item":"https:\/\/admin.industriall-union.org\/"},{"@type":"ListItem","position":2,"name":"Articles","item":"https:\/\/admin.industriall-union.org\/article\/"},{"@type":"ListItem","position":3,"name":"IndustriALL d\u00e9nonce une nouvelle escalade dans la r\u00e9pression des syndicats au B\u00e9larus"}]},{"@type":"WebSite","@id":"https:\/\/admin.industriall-union.org\/#website","url":"https:\/\/admin.industriall-union.org\/","name":"industriall-union","description":"","potentialAction":[{"@type":"SearchAction","target":{"@type":"EntryPoint","urlTemplate":"https:\/\/admin.industriall-union.org\/?s={search_term_string}"},"query-input":{"@type":"PropertyValueSpecification","valueRequired":true,"valueName":"search_term_string"}}],"inLanguage":"fr-FR"}]}},"_links":{"self":[{"href":"https:\/\/admin.industriall-union.org\/fr\/wp-json\/wp\/v2\/article\/143952","targetHints":{"allow":["GET"]}}],"collection":[{"href":"https:\/\/admin.industriall-union.org\/fr\/wp-json\/wp\/v2\/article"}],"about":[{"href":"https:\/\/admin.industriall-union.org\/fr\/wp-json\/wp\/v2\/types\/article"}],"wp:attachment":[{"href":"https:\/\/admin.industriall-union.org\/fr\/wp-json\/wp\/v2\/media?parent=143952"}],"wp:term":[{"taxonomy":"issues","embeddable":true,"href":"https:\/\/admin.industriall-union.org\/fr\/wp-json\/wp\/v2\/issues?post=143952"},{"taxonomy":"companies","embeddable":true,"href":"https:\/\/admin.industriall-union.org\/fr\/wp-json\/wp\/v2\/companies?post=143952"},{"taxonomy":"regions","embeddable":true,"href":"https:\/\/admin.industriall-union.org\/fr\/wp-json\/wp\/v2\/regions?post=143952"},{"taxonomy":"sectors","embeddable":true,"href":"https:\/\/admin.industriall-union.org\/fr\/wp-json\/wp\/v2\/sectors?post=143952"},{"taxonomy":"article_tags","embeddable":true,"href":"https:\/\/admin.industriall-union.org\/fr\/wp-json\/wp\/v2\/article_tags?post=143952"}],"curies":[{"name":"wp","href":"https:\/\/api.w.org\/{rel}","templated":true}]}}