{"id":143948,"date":"2022-05-23T10:14:53","date_gmt":"2022-05-23T10:14:53","guid":{"rendered":"https:\/\/admin.industriall-union.org\/les-charbonnages-meurtriers-du-pakistan\/"},"modified":"2025-01-28T02:48:20","modified_gmt":"2025-01-28T02:48:20","slug":"les-charbonnages-meurtriers-du-pakistan","status":"publish","type":"article","link":"https:\/\/admin.industriall-union.org\/fr\/les-charbonnages-meurtriers-du-pakistan\/","title":{"rendered":"Les charbonnages meurtriers du Pakistan"},"content":{"rendered":"<p>Le 19 mai, un mineur s&#039;est tu\u00e9 en tombant \u00e0 travers un toit \u00e0 la mine de Ghazi.<\/p><p>\u00c0 peine deux jours plus tard, le 21 mai, un travailleur a \u00e9t\u00e9 \u00e9lectrocut\u00e9 dans le bassin houiller de Duki, et un effondrement en a tu\u00e9 un autre au m\u00eame endroit. Et, le 22 mai, trois mineurs ont \u00e9t\u00e9 bless\u00e9s par un coup de grisou dans une mine appartenant \u00e0 la Shakot Charat Coal Company.<\/p><p>Mais surtout, les conditions de travail dangereuses empirent encore du fait d&#039;une indiff\u00e9rence totale des compagnies mini\u00e8res et des pouvoirs publics pour la s\u00e9curit\u00e9 des travailleurs.<\/p><blockquote><p>&quot;Des mesures sont \u00e0 prendre d&#039;urgence pour la sant\u00e9 et la s\u00e9curit\u00e9 dans nos charbonnages et nous appr\u00e9cions ce que fait IndustriALL Global Union pour am\u00e9liorer les conditions de travail dans les mines au Pakistan,&quot;<\/p><\/blockquote><p>a d\u00e9clar\u00e9 Sultan Khan, le pr\u00e9sident du PCMLF.<\/p><blockquote><p>&quot;Ces conditions de travail d\u00e9plorables sont une r\u00e9elle menace pour la vie des travailleurs et nous avons besoin d&#039;aide sous la forme de programmes de formation, d&#039;organisation et de sensibilisation de nos travailleurs.&quot;<\/p><\/blockquote><p>Le PCMLF estime que le secteur charbonnier du Pakistan emploie plus de 100.000 personnes dans 400 charbonnages. Habituellement, un mineur commence \u00e0 travailler \u00e0 l&#039;\u00e2ge de 13 ans. Arriv\u00e9 \u00e0 30 ans, il est r\u00e9duit au ch\u00f4mage pour cause d&#039;affections respiratoires chroniques, de tuberculose, de troubles de la vue et de blessures.<\/p><p>Ce sont la pauvret\u00e9 et l&#039;absence de perspectives d&#039;emploi qui forcent les gens \u00e0 s&#039;engager comme mineurs. Les mineurs doivent souvent travailler plus de dix heures par jour, sans \u00e9quipement de s\u00e9curit\u00e9 ad\u00e9quat, ce qui est contraire \u00e0 la l\u00e9gislation du travail pakistanaise. Lorsque survient un accident, les premiers intervenants sont souvent les coll\u00e8gues de travail parce qu&#039;il n&#039;existe pas d&#039;\u00e9quipes d&#039;intervention d&#039;urgence bien \u00e9quip\u00e9es.<\/p><p>Le directeur d&#039;IndustriALL en charge des mines et de la sant\u00e9 et la s\u00e9curit\u00e9, Glen Mpufane, d\u00e9clare :<\/p><blockquote><p>&quot;La situation dans les charbonnages pakistanais est sans espoir et des normes de s\u00e9curit\u00e9 doivent \u00eatre mises en \u0153uvre pour que finissent ces d\u00e9c\u00e8s incessants. IndustriALL appelle le gouvernement du Pakistan \u00e0 ratifier la convention 176 de l&#039;OIT sur la s\u00e9curit\u00e9 et la sant\u00e9 dans les mines.&quot;<\/p><\/blockquote>","protected":false},"featured_media":0,"template":"","issues":[402,424,425],"companies":[],"regions":[182],"sectors":[494],"article_tags":[],"class_list":["post-143948","article","type-article","status-publish","hentry","issues-health-and-safety","issues-violation","issues-workers-rights","regions-pakistan","sectors-mining-and-dgojp"],"acf":[],"yoast_head":"<!-- This site is optimized with the Yoast SEO Premium plugin v27.1 (Yoast SEO v27.1) - https:\/\/yoast.com\/product\/yoast-seo-premium-wordpress\/ -->\n<title>Les charbonnages meurtriers du Pakistan - industriall-union<\/title>\n<meta name=\"description\" content=\"Le 19 mai, un mineur s&#039;est tu\u00e9 en tombant \u00e0 travers un toit \u00e0 la mine de Ghazi.\u00c0 peine deux jours plus tard, le 21 mai, un travailleur a \u00e9t\u00e9\" \/>\n<meta name=\"robots\" content=\"index, follow, max-snippet:-1, max-image-preview:large, max-video-preview:-1\" \/>\n<link rel=\"canonical\" href=\"https:\/\/admin.industriall-union.org\/fr\/les-charbonnages-meurtriers-du-pakistan\/\" \/>\n<meta property=\"og:locale\" content=\"fr_FR\" \/>\n<meta property=\"og:type\" content=\"article\" \/>\n<meta property=\"og:title\" content=\"Les charbonnages meurtriers du Pakistan\" \/>\n<meta property=\"og:description\" content=\"Le 19 mai, un mineur s&#039;est tu\u00e9 en tombant \u00e0 travers un toit \u00e0 la mine de Ghazi.\u00c0 peine deux jours plus tard, le 21 mai, un travailleur a \u00e9t\u00e9\" \/>\n<meta property=\"og:url\" content=\"https:\/\/admin.industriall-union.org\/fr\/les-charbonnages-meurtriers-du-pakistan\/\" \/>\n<meta property=\"og:site_name\" content=\"industriall-union\" \/>\n<meta property=\"article:modified_time\" content=\"2025-01-28T02:48:20+00:00\" \/>\n<meta name=\"twitter:card\" content=\"summary_large_image\" \/>\n<meta name=\"twitter:label1\" content=\"Est. reading time\" \/>\n\t<meta name=\"twitter:data1\" content=\"2 minutes\" \/>\n<script type=\"application\/ld+json\" class=\"yoast-schema-graph\">{\"@context\":\"https:\/\/schema.org\",\"@graph\":[{\"@type\":\"WebPage\",\"@id\":\"https:\/\/admin.industriall-union.org\/fr\/les-charbonnages-meurtriers-du-pakistan\/\",\"url\":\"https:\/\/admin.industriall-union.org\/fr\/les-charbonnages-meurtriers-du-pakistan\/\",\"name\":\"Les charbonnages meurtriers du Pakistan - industriall-union\",\"isPartOf\":{\"@id\":\"https:\/\/admin.industriall-union.org\/#website\"},\"datePublished\":\"2022-05-23T10:14:53+00:00\",\"dateModified\":\"2025-01-28T02:48:20+00:00\",\"description\":\"Le 19 mai, un mineur s&#039;est tu\u00e9 en tombant \u00e0 travers un toit \u00e0 la mine de Ghazi.\u00c0 peine deux jours plus tard, le 21 mai, un travailleur a \u00e9t\u00e9\",\"breadcrumb\":{\"@id\":\"https:\/\/admin.industriall-union.org\/fr\/les-charbonnages-meurtriers-du-pakistan\/#breadcrumb\"},\"inLanguage\":\"fr-FR\",\"potentialAction\":[{\"@type\":\"ReadAction\",\"target\":[\"https:\/\/admin.industriall-union.org\/fr\/les-charbonnages-meurtriers-du-pakistan\/\"]}]},{\"@type\":\"BreadcrumbList\",\"@id\":\"https:\/\/admin.industriall-union.org\/fr\/les-charbonnages-meurtriers-du-pakistan\/#breadcrumb\",\"itemListElement\":[{\"@type\":\"ListItem\",\"position\":1,\"name\":\"Home\",\"item\":\"https:\/\/admin.industriall-union.org\/\"},{\"@type\":\"ListItem\",\"position\":2,\"name\":\"Articles\",\"item\":\"https:\/\/admin.industriall-union.org\/article\/\"},{\"@type\":\"ListItem\",\"position\":3,\"name\":\"Les charbonnages meurtriers du Pakistan\"}]},{\"@type\":\"WebSite\",\"@id\":\"https:\/\/admin.industriall-union.org\/#website\",\"url\":\"https:\/\/admin.industriall-union.org\/\",\"name\":\"industriall-union\",\"description\":\"\",\"potentialAction\":[{\"@type\":\"SearchAction\",\"target\":{\"@type\":\"EntryPoint\",\"urlTemplate\":\"https:\/\/admin.industriall-union.org\/?s={search_term_string}\"},\"query-input\":{\"@type\":\"PropertyValueSpecification\",\"valueRequired\":true,\"valueName\":\"search_term_string\"}}],\"inLanguage\":\"fr-FR\"}]}<\/script>\n<!-- \/ Yoast SEO Premium plugin. -->","yoast_head_json":{"title":"Les charbonnages meurtriers du Pakistan - industriall-union","description":"Le 19 mai, un mineur s&#039;est tu\u00e9 en tombant \u00e0 travers un toit \u00e0 la mine de Ghazi.\u00c0 peine deux jours plus tard, le 21 mai, un travailleur a \u00e9t\u00e9","robots":{"index":"index","follow":"follow","max-snippet":"max-snippet:-1","max-image-preview":"max-image-preview:large","max-video-preview":"max-video-preview:-1"},"canonical":"https:\/\/admin.industriall-union.org\/fr\/les-charbonnages-meurtriers-du-pakistan\/","og_locale":"fr_FR","og_type":"article","og_title":"Les charbonnages meurtriers du Pakistan","og_description":"Le 19 mai, un mineur s&#039;est tu\u00e9 en tombant \u00e0 travers un toit \u00e0 la mine de Ghazi.\u00c0 peine deux jours plus tard, le 21 mai, un travailleur a \u00e9t\u00e9","og_url":"https:\/\/admin.industriall-union.org\/fr\/les-charbonnages-meurtriers-du-pakistan\/","og_site_name":"industriall-union","article_modified_time":"2025-01-28T02:48:20+00:00","twitter_card":"summary_large_image","twitter_misc":{"Est. reading time":"2 minutes"},"schema":{"@context":"https:\/\/schema.org","@graph":[{"@type":"WebPage","@id":"https:\/\/admin.industriall-union.org\/fr\/les-charbonnages-meurtriers-du-pakistan\/","url":"https:\/\/admin.industriall-union.org\/fr\/les-charbonnages-meurtriers-du-pakistan\/","name":"Les charbonnages meurtriers du Pakistan - industriall-union","isPartOf":{"@id":"https:\/\/admin.industriall-union.org\/#website"},"datePublished":"2022-05-23T10:14:53+00:00","dateModified":"2025-01-28T02:48:20+00:00","description":"Le 19 mai, un mineur s&#039;est tu\u00e9 en tombant \u00e0 travers un toit \u00e0 la mine de Ghazi.\u00c0 peine deux jours plus tard, le 21 mai, un travailleur a \u00e9t\u00e9","breadcrumb":{"@id":"https:\/\/admin.industriall-union.org\/fr\/les-charbonnages-meurtriers-du-pakistan\/#breadcrumb"},"inLanguage":"fr-FR","potentialAction":[{"@type":"ReadAction","target":["https:\/\/admin.industriall-union.org\/fr\/les-charbonnages-meurtriers-du-pakistan\/"]}]},{"@type":"BreadcrumbList","@id":"https:\/\/admin.industriall-union.org\/fr\/les-charbonnages-meurtriers-du-pakistan\/#breadcrumb","itemListElement":[{"@type":"ListItem","position":1,"name":"Home","item":"https:\/\/admin.industriall-union.org\/"},{"@type":"ListItem","position":2,"name":"Articles","item":"https:\/\/admin.industriall-union.org\/article\/"},{"@type":"ListItem","position":3,"name":"Les charbonnages meurtriers du Pakistan"}]},{"@type":"WebSite","@id":"https:\/\/admin.industriall-union.org\/#website","url":"https:\/\/admin.industriall-union.org\/","name":"industriall-union","description":"","potentialAction":[{"@type":"SearchAction","target":{"@type":"EntryPoint","urlTemplate":"https:\/\/admin.industriall-union.org\/?s={search_term_string}"},"query-input":{"@type":"PropertyValueSpecification","valueRequired":true,"valueName":"search_term_string"}}],"inLanguage":"fr-FR"}]}},"_links":{"self":[{"href":"https:\/\/admin.industriall-union.org\/fr\/wp-json\/wp\/v2\/article\/143948","targetHints":{"allow":["GET"]}}],"collection":[{"href":"https:\/\/admin.industriall-union.org\/fr\/wp-json\/wp\/v2\/article"}],"about":[{"href":"https:\/\/admin.industriall-union.org\/fr\/wp-json\/wp\/v2\/types\/article"}],"wp:attachment":[{"href":"https:\/\/admin.industriall-union.org\/fr\/wp-json\/wp\/v2\/media?parent=143948"}],"wp:term":[{"taxonomy":"issues","embeddable":true,"href":"https:\/\/admin.industriall-union.org\/fr\/wp-json\/wp\/v2\/issues?post=143948"},{"taxonomy":"companies","embeddable":true,"href":"https:\/\/admin.industriall-union.org\/fr\/wp-json\/wp\/v2\/companies?post=143948"},{"taxonomy":"regions","embeddable":true,"href":"https:\/\/admin.industriall-union.org\/fr\/wp-json\/wp\/v2\/regions?post=143948"},{"taxonomy":"sectors","embeddable":true,"href":"https:\/\/admin.industriall-union.org\/fr\/wp-json\/wp\/v2\/sectors?post=143948"},{"taxonomy":"article_tags","embeddable":true,"href":"https:\/\/admin.industriall-union.org\/fr\/wp-json\/wp\/v2\/article_tags?post=143948"}],"curies":[{"name":"wp","href":"https:\/\/api.w.org\/{rel}","templated":true}]}}