{"id":143848,"date":"2022-06-21T03:46:45","date_gmt":"2022-06-21T03:46:45","guid":{"rendered":"https:\/\/admin.industriall-union.org\/etats-unis-les-travailleurs-d-apple-rejoignent-un-syndicat\/"},"modified":"2025-01-28T02:09:20","modified_gmt":"2025-01-28T02:09:20","slug":"etats-unis-les-travailleurs-d-apple-rejoignent-un-syndicat","status":"publish","type":"article","link":"https:\/\/admin.industriall-union.org\/fr\/etats-unis-les-travailleurs-d-apple-rejoignent-un-syndicat\/","title":{"rendered":"\u00c9tats-Unis : les travailleurs d\u2019Apple rejoignent un syndicat"},"content":{"rendered":"<p>Avec l&rsquo;aide de l&rsquo;IAM, les salari\u00e9s d&rsquo;Apple ont form\u00e9 un syndicat, CORE (Coalition des salari\u00e9s syndiqu\u00e9s du commerce de d\u00e9tail). Le magasin de Towson, dans le Maryland, sera le premier magasin Apple syndiqu\u00e9 du pays.<\/p><blockquote><p>&ldquo;Pour \u00eatre clair, la d\u00e9cision de former un syndicat a pour but de nous permettre, en tant que travailleurs et travailleuses, d&rsquo;acc\u00e9der \u00e0 des droits dont nous ne disposons pas actuellement,&rdquo; <a href=\"https:\/\/www.goiam.org\/dear-tim\/\">ont \u00e9crit dans un courrier<\/a> adress\u00e9 au PDG d&rsquo;Apple Tim Cook ceux et celles qui ont form\u00e9 le syndicat de Towson.<\/p><\/blockquote><p>Les travailleurs veulent qu&rsquo;Apple respecte l&rsquo;exigence de neutralit\u00e9 de son code de conduite des fournisseurs, dans la section &ldquo;Libert\u00e9 syndicale et n\u00e9gociation collective&rdquo;, afin que ceux-ci puissent jouir de leurs droits \u00e0 l&rsquo;information et \u00e0 la n\u00e9gociation collective.<\/p><p>Le Pr\u00e9sident de l&rsquo;IAM, Robert Martinez, d\u00e9clare&nbsp;:<\/p><blockquote><p>&ldquo;J&rsquo;applaudis le courage dont ont fait preuve les membres de CORE au magasin Apple de Towson pour obtenir cette victoire historique. Ils ont fait un \u00e9norme sacrifice pour des milliers de salari\u00e9s d&rsquo;Apple \u00e0 travers le pays qui avaient tous les yeux riv\u00e9s sur ce scrutin. Cette victoire illustre la revendication croissante pour des syndicats dans les magasins Apple et dans diff\u00e9rents secteurs d&rsquo;activit\u00e9 \u00e0 travers notre pays.&rdquo;<\/p><\/blockquote><p>Christine Olivier, Secr\u00e9taire g\u00e9n\u00e9rale adjointe d&rsquo;IndustriALL, a ajout\u00e9&nbsp;:<\/p><blockquote><p>&ldquo;Nous adressons nos plus sinc\u00e8res f\u00e9licitations \u00e0 l&rsquo;occasion de cette importante victoire. Il s&rsquo;agit d&rsquo;une \u00e9tape cruciale pour obtenir des conditions de travail d\u00e9centes et le respect des travailleurs et travailleuses qui cr\u00e9ent la richesse de cette grande entreprise technologique. Nous esp\u00e9rons que d&rsquo;autres magasins Apple aux \u00c9tats-Unis suivront cette voie.&rdquo;<\/p><\/blockquote><p><\/p>","protected":false},"featured_media":0,"template":"","issues":[398,425],"companies":[11],"regions":[310],"sectors":[490],"article_tags":[],"class_list":["post-143848","article","type-article","status-publish","hentry","issues-union-win","issues-workers-rights","companies-apple","regions-usa","sectors-ict-electrical-and-electronics"],"acf":[],"yoast_head":"<!-- This site is optimized with the Yoast SEO Premium plugin v27.1 (Yoast SEO v27.1) - https:\/\/yoast.com\/product\/yoast-seo-premium-wordpress\/ -->\n<title>\u00c9tats-Unis : les travailleurs d\u2019Apple rejoignent un syndicat - industriall-union<\/title>\n<meta name=\"description\" content=\"Avec l&rsquo;aide de l&rsquo;IAM, les salari\u00e9s d&rsquo;Apple ont form\u00e9 un syndicat, CORE (Coalition des salari\u00e9s syndiqu\u00e9s du commerce de d\u00e9tail). Le\" \/>\n<meta name=\"robots\" content=\"index, follow, max-snippet:-1, max-image-preview:large, max-video-preview:-1\" \/>\n<link rel=\"canonical\" href=\"https:\/\/admin.industriall-union.org\/fr\/etats-unis-les-travailleurs-d-apple-rejoignent-un-syndicat\/\" \/>\n<meta property=\"og:locale\" content=\"fr_FR\" \/>\n<meta property=\"og:type\" content=\"article\" \/>\n<meta property=\"og:title\" content=\"\u00c9tats-Unis : les travailleurs d\u2019Apple rejoignent un syndicat\" \/>\n<meta property=\"og:description\" content=\"Avec l&rsquo;aide de l&rsquo;IAM, les salari\u00e9s d&rsquo;Apple ont form\u00e9 un syndicat, CORE (Coalition des salari\u00e9s syndiqu\u00e9s du commerce de d\u00e9tail). Le\" \/>\n<meta property=\"og:url\" content=\"https:\/\/admin.industriall-union.org\/fr\/etats-unis-les-travailleurs-d-apple-rejoignent-un-syndicat\/\" \/>\n<meta property=\"og:site_name\" content=\"industriall-union\" \/>\n<meta property=\"article:modified_time\" content=\"2025-01-28T02:09:20+00:00\" \/>\n<meta name=\"twitter:card\" content=\"summary_large_image\" \/>\n<meta name=\"twitter:label1\" content=\"Est. reading time\" \/>\n\t<meta name=\"twitter:data1\" content=\"2 minutes\" \/>\n<script type=\"application\/ld+json\" class=\"yoast-schema-graph\">{\"@context\":\"https:\/\/schema.org\",\"@graph\":[{\"@type\":\"WebPage\",\"@id\":\"https:\/\/admin.industriall-union.org\/fr\/etats-unis-les-travailleurs-d-apple-rejoignent-un-syndicat\/\",\"url\":\"https:\/\/admin.industriall-union.org\/fr\/etats-unis-les-travailleurs-d-apple-rejoignent-un-syndicat\/\",\"name\":\"\u00c9tats-Unis : les travailleurs d\u2019Apple rejoignent un syndicat - industriall-union\",\"isPartOf\":{\"@id\":\"https:\/\/admin.industriall-union.org\/#website\"},\"datePublished\":\"2022-06-21T03:46:45+00:00\",\"dateModified\":\"2025-01-28T02:09:20+00:00\",\"description\":\"Avec l&rsquo;aide de l&rsquo;IAM, les salari\u00e9s d&rsquo;Apple ont form\u00e9 un syndicat, CORE (Coalition des salari\u00e9s syndiqu\u00e9s du commerce de d\u00e9tail). Le\",\"breadcrumb\":{\"@id\":\"https:\/\/admin.industriall-union.org\/fr\/etats-unis-les-travailleurs-d-apple-rejoignent-un-syndicat\/#breadcrumb\"},\"inLanguage\":\"fr-FR\",\"potentialAction\":[{\"@type\":\"ReadAction\",\"target\":[\"https:\/\/admin.industriall-union.org\/fr\/etats-unis-les-travailleurs-d-apple-rejoignent-un-syndicat\/\"]}]},{\"@type\":\"BreadcrumbList\",\"@id\":\"https:\/\/admin.industriall-union.org\/fr\/etats-unis-les-travailleurs-d-apple-rejoignent-un-syndicat\/#breadcrumb\",\"itemListElement\":[{\"@type\":\"ListItem\",\"position\":1,\"name\":\"Home\",\"item\":\"https:\/\/admin.industriall-union.org\/\"},{\"@type\":\"ListItem\",\"position\":2,\"name\":\"Articles\",\"item\":\"https:\/\/admin.industriall-union.org\/article\/\"},{\"@type\":\"ListItem\",\"position\":3,\"name\":\"\u00c9tats-Unis : les travailleurs d\u2019Apple rejoignent un syndicat\"}]},{\"@type\":\"WebSite\",\"@id\":\"https:\/\/admin.industriall-union.org\/#website\",\"url\":\"https:\/\/admin.industriall-union.org\/\",\"name\":\"industriall-union\",\"description\":\"\",\"potentialAction\":[{\"@type\":\"SearchAction\",\"target\":{\"@type\":\"EntryPoint\",\"urlTemplate\":\"https:\/\/admin.industriall-union.org\/?s={search_term_string}\"},\"query-input\":{\"@type\":\"PropertyValueSpecification\",\"valueRequired\":true,\"valueName\":\"search_term_string\"}}],\"inLanguage\":\"fr-FR\"}]}<\/script>\n<!-- \/ Yoast SEO Premium plugin. -->","yoast_head_json":{"title":"\u00c9tats-Unis : les travailleurs d\u2019Apple rejoignent un syndicat - industriall-union","description":"Avec l&rsquo;aide de l&rsquo;IAM, les salari\u00e9s d&rsquo;Apple ont form\u00e9 un syndicat, CORE (Coalition des salari\u00e9s syndiqu\u00e9s du commerce de d\u00e9tail). Le","robots":{"index":"index","follow":"follow","max-snippet":"max-snippet:-1","max-image-preview":"max-image-preview:large","max-video-preview":"max-video-preview:-1"},"canonical":"https:\/\/admin.industriall-union.org\/fr\/etats-unis-les-travailleurs-d-apple-rejoignent-un-syndicat\/","og_locale":"fr_FR","og_type":"article","og_title":"\u00c9tats-Unis : les travailleurs d\u2019Apple rejoignent un syndicat","og_description":"Avec l&rsquo;aide de l&rsquo;IAM, les salari\u00e9s d&rsquo;Apple ont form\u00e9 un syndicat, CORE (Coalition des salari\u00e9s syndiqu\u00e9s du commerce de d\u00e9tail). Le","og_url":"https:\/\/admin.industriall-union.org\/fr\/etats-unis-les-travailleurs-d-apple-rejoignent-un-syndicat\/","og_site_name":"industriall-union","article_modified_time":"2025-01-28T02:09:20+00:00","twitter_card":"summary_large_image","twitter_misc":{"Est. reading time":"2 minutes"},"schema":{"@context":"https:\/\/schema.org","@graph":[{"@type":"WebPage","@id":"https:\/\/admin.industriall-union.org\/fr\/etats-unis-les-travailleurs-d-apple-rejoignent-un-syndicat\/","url":"https:\/\/admin.industriall-union.org\/fr\/etats-unis-les-travailleurs-d-apple-rejoignent-un-syndicat\/","name":"\u00c9tats-Unis : les travailleurs d\u2019Apple rejoignent un syndicat - industriall-union","isPartOf":{"@id":"https:\/\/admin.industriall-union.org\/#website"},"datePublished":"2022-06-21T03:46:45+00:00","dateModified":"2025-01-28T02:09:20+00:00","description":"Avec l&rsquo;aide de l&rsquo;IAM, les salari\u00e9s d&rsquo;Apple ont form\u00e9 un syndicat, CORE (Coalition des salari\u00e9s syndiqu\u00e9s du commerce de d\u00e9tail). Le","breadcrumb":{"@id":"https:\/\/admin.industriall-union.org\/fr\/etats-unis-les-travailleurs-d-apple-rejoignent-un-syndicat\/#breadcrumb"},"inLanguage":"fr-FR","potentialAction":[{"@type":"ReadAction","target":["https:\/\/admin.industriall-union.org\/fr\/etats-unis-les-travailleurs-d-apple-rejoignent-un-syndicat\/"]}]},{"@type":"BreadcrumbList","@id":"https:\/\/admin.industriall-union.org\/fr\/etats-unis-les-travailleurs-d-apple-rejoignent-un-syndicat\/#breadcrumb","itemListElement":[{"@type":"ListItem","position":1,"name":"Home","item":"https:\/\/admin.industriall-union.org\/"},{"@type":"ListItem","position":2,"name":"Articles","item":"https:\/\/admin.industriall-union.org\/article\/"},{"@type":"ListItem","position":3,"name":"\u00c9tats-Unis : les travailleurs d\u2019Apple rejoignent un syndicat"}]},{"@type":"WebSite","@id":"https:\/\/admin.industriall-union.org\/#website","url":"https:\/\/admin.industriall-union.org\/","name":"industriall-union","description":"","potentialAction":[{"@type":"SearchAction","target":{"@type":"EntryPoint","urlTemplate":"https:\/\/admin.industriall-union.org\/?s={search_term_string}"},"query-input":{"@type":"PropertyValueSpecification","valueRequired":true,"valueName":"search_term_string"}}],"inLanguage":"fr-FR"}]}},"_links":{"self":[{"href":"https:\/\/admin.industriall-union.org\/fr\/wp-json\/wp\/v2\/article\/143848","targetHints":{"allow":["GET"]}}],"collection":[{"href":"https:\/\/admin.industriall-union.org\/fr\/wp-json\/wp\/v2\/article"}],"about":[{"href":"https:\/\/admin.industriall-union.org\/fr\/wp-json\/wp\/v2\/types\/article"}],"wp:attachment":[{"href":"https:\/\/admin.industriall-union.org\/fr\/wp-json\/wp\/v2\/media?parent=143848"}],"wp:term":[{"taxonomy":"issues","embeddable":true,"href":"https:\/\/admin.industriall-union.org\/fr\/wp-json\/wp\/v2\/issues?post=143848"},{"taxonomy":"companies","embeddable":true,"href":"https:\/\/admin.industriall-union.org\/fr\/wp-json\/wp\/v2\/companies?post=143848"},{"taxonomy":"regions","embeddable":true,"href":"https:\/\/admin.industriall-union.org\/fr\/wp-json\/wp\/v2\/regions?post=143848"},{"taxonomy":"sectors","embeddable":true,"href":"https:\/\/admin.industriall-union.org\/fr\/wp-json\/wp\/v2\/sectors?post=143848"},{"taxonomy":"article_tags","embeddable":true,"href":"https:\/\/admin.industriall-union.org\/fr\/wp-json\/wp\/v2\/article_tags?post=143848"}],"curies":[{"name":"wp","href":"https:\/\/api.w.org\/{rel}","templated":true}]}}