{"id":143749,"date":"2022-06-21T14:57:42","date_gmt":"2022-06-21T14:57:42","guid":{"rendered":"https:\/\/admin.industriall-union.org\/aviation-verte-les-syndicats-revendiquent-un-engagement-international-fort-en-faveur-de-la-durabilite-sociale-et-d-une-transition-juste\/"},"modified":"2025-01-28T02:03:04","modified_gmt":"2025-01-28T02:03:04","slug":"aviation-verte-les-syndicats-revendiquent-un-engagement-international-fort-en-faveur-de-la-durabilite-sociale-et-d-une-transition-juste","status":"publish","type":"article","link":"https:\/\/admin.industriall-union.org\/fr\/aviation-verte-les-syndicats-revendiquent-un-engagement-international-fort-en-faveur-de-la-durabilite-sociale-et-d-une-transition-juste\/","title":{"rendered":"Aviation verte : les syndicats revendiquent un engagement international fort en faveur de la durabilit\u00e9 sociale et d\u2019une Transition juste"},"content":{"rendered":"<p>Cette semaine, les f\u00e9d\u00e9rations syndicales internationales et europ\u00e9ennes repr\u00e9sentant les travailleurs et travailleuses des secteurs de l&rsquo;a\u00e9rospatiale et de l&rsquo;aviation se sont r\u00e9unis pour d\u00e9battre d&rsquo;une position commune en vue de l&rsquo;assembl\u00e9e de l&rsquo;Organisation de l&rsquo;aviation civile internationale (OACI) en septembre, au cours de laquelle les gouvernements du monde entier et les principales parties prenantes du secteur devraient convenir de la future voie vers une aviation durable.<\/p><p>\u00c0 un moment aussi critique, o\u00f9 l&rsquo;industrie de l&rsquo;aviation doit relever le d\u00e9fi urgent de r\u00e9pondre aux retomb\u00e9es continues de la crise Covid, les syndicats ont identifi\u00e9 le besoin d&rsquo;une r\u00e9ponse coordonn\u00e9e \u00e0 l&rsquo;\u00e9chelle de l&rsquo;industrie de la part des compagnies a\u00e9riennes, des a\u00e9roports, des gouvernements et des syndicats afin de rem\u00e9dier aux p\u00e9nuries de capacit\u00e9, aux retards de vols et aux niveaux de service accablants qui ont frapp\u00e9 l&rsquo;industrie depuis des mois.<\/p><p>La participation des travailleurs et travailleuses est essentielle, non seulement pour r\u00e9soudre les probl\u00e8mes sous-jacents qui paralysent actuellement l&rsquo;industrie, mais aussi pour assurer la durabilit\u00e9 \u00e0 long terme et la d\u00e9carbonation de l&rsquo;industrie. La participation ouvri\u00e8re sera essentielle dans la gestion sociale d&rsquo;un changement industriel aussi important. La justice climatique ne peut exister sans justice du travail, l&rsquo;emploi d\u00e9cent \u00e9tant cr\u00e9\u00e9 par la libert\u00e9 syndicale et la n\u00e9gociation collective.<\/p><p>La r\u00e9union organis\u00e9e par IndustriALL, la F\u00e9d\u00e9ration internationale des ouvriers du transport et leurs homologues europ\u00e9ens industriAll Europe et la F\u00e9d\u00e9ration europ\u00e9enne des ouvriers du transport fait suite \u00e0 une collaboration fructueuse dans le cadre de la <a href=\"https:\/\/presidence-francaise.consilium.europa.eu\/en\/news\/european-aviation-summit\/\">D\u00e9claration de Toulouse<\/a> sur la durabilit\u00e9 et la d\u00e9carbonation futures de l&rsquo;aviation.<\/p><p>Les secteurs de l&rsquo;a\u00e9rospatiale et de l&rsquo;aviation sont intrins\u00e8quement li\u00e9s. Les f\u00e9d\u00e9rations syndicales internationales sont particuli\u00e8rement importantes dans ces processus, car elles jouent un r\u00f4le cl\u00e9 dans la mise en relation des besoins communs et sont essentielles pour les transformer en une vision et une strat\u00e9gie internationales. Les syndicats des deux secteurs consid\u00e8rent que des opportunit\u00e9s importantes sont offertes par une approche combin\u00e9e et intersectorielle, fond\u00e9e sur une vision \u00e0 l&rsquo;\u00e9chelle de la cha\u00eene d&rsquo;approvisionnement et une strat\u00e9gie industrielle internationale reposant sur des fondements de durabilit\u00e9 et de travail d\u00e9cent.<\/p>","protected":false},"featured_media":0,"template":"","issues":[393,390,425],"companies":[],"regions":[],"sectors":[488],"article_tags":[],"class_list":["post-143749","article","type-article","status-publish","hentry","issues-climate-change-just-transition","issues-future-of-work","issues-workers-rights","sectors-aerospace"],"acf":[],"yoast_head":"<!-- This site is optimized with the Yoast SEO Premium plugin v27.1 (Yoast SEO v27.1) - https:\/\/yoast.com\/product\/yoast-seo-premium-wordpress\/ -->\n<title>Aviation verte : les syndicats revendiquent un engagement international fort en faveur de la durabilit\u00e9 sociale et d\u2019une Transition juste - industriall-union<\/title>\n<meta name=\"description\" content=\"Cette semaine, les f\u00e9d\u00e9rations syndicales internationales et europ\u00e9ennes repr\u00e9sentant les travailleurs et travailleuses des secteurs de\" \/>\n<meta name=\"robots\" content=\"index, follow, max-snippet:-1, max-image-preview:large, max-video-preview:-1\" \/>\n<link rel=\"canonical\" href=\"https:\/\/admin.industriall-union.org\/fr\/aviation-verte-les-syndicats-revendiquent-un-engagement-international-fort-en-faveur-de-la-durabilite-sociale-et-d-une-transition-juste\/\" \/>\n<meta property=\"og:locale\" content=\"fr_FR\" \/>\n<meta property=\"og:type\" content=\"article\" \/>\n<meta property=\"og:title\" content=\"Aviation verte : les syndicats revendiquent un engagement international fort en faveur de la durabilit\u00e9 sociale et d\u2019une Transition juste\" \/>\n<meta property=\"og:description\" content=\"Cette semaine, les f\u00e9d\u00e9rations syndicales internationales et europ\u00e9ennes repr\u00e9sentant les travailleurs et travailleuses des secteurs de\" \/>\n<meta property=\"og:url\" content=\"https:\/\/admin.industriall-union.org\/fr\/aviation-verte-les-syndicats-revendiquent-un-engagement-international-fort-en-faveur-de-la-durabilite-sociale-et-d-une-transition-juste\/\" \/>\n<meta property=\"og:site_name\" content=\"industriall-union\" \/>\n<meta property=\"article:modified_time\" content=\"2025-01-28T02:03:04+00:00\" \/>\n<meta name=\"twitter:card\" content=\"summary_large_image\" \/>\n<meta name=\"twitter:label1\" content=\"Est. reading time\" \/>\n\t<meta name=\"twitter:data1\" content=\"2 minutes\" \/>\n<script type=\"application\/ld+json\" class=\"yoast-schema-graph\">{\"@context\":\"https:\/\/schema.org\",\"@graph\":[{\"@type\":\"WebPage\",\"@id\":\"https:\/\/admin.industriall-union.org\/fr\/aviation-verte-les-syndicats-revendiquent-un-engagement-international-fort-en-faveur-de-la-durabilite-sociale-et-d-une-transition-juste\/\",\"url\":\"https:\/\/admin.industriall-union.org\/fr\/aviation-verte-les-syndicats-revendiquent-un-engagement-international-fort-en-faveur-de-la-durabilite-sociale-et-d-une-transition-juste\/\",\"name\":\"Aviation verte : les syndicats revendiquent un engagement international fort en faveur de la durabilit\u00e9 sociale et d\u2019une Transition juste - industriall-union\",\"isPartOf\":{\"@id\":\"https:\/\/admin.industriall-union.org\/#website\"},\"datePublished\":\"2022-06-21T14:57:42+00:00\",\"dateModified\":\"2025-01-28T02:03:04+00:00\",\"description\":\"Cette semaine, les f\u00e9d\u00e9rations syndicales internationales et europ\u00e9ennes repr\u00e9sentant les travailleurs et travailleuses des secteurs de\",\"breadcrumb\":{\"@id\":\"https:\/\/admin.industriall-union.org\/fr\/aviation-verte-les-syndicats-revendiquent-un-engagement-international-fort-en-faveur-de-la-durabilite-sociale-et-d-une-transition-juste\/#breadcrumb\"},\"inLanguage\":\"fr-FR\",\"potentialAction\":[{\"@type\":\"ReadAction\",\"target\":[\"https:\/\/admin.industriall-union.org\/fr\/aviation-verte-les-syndicats-revendiquent-un-engagement-international-fort-en-faveur-de-la-durabilite-sociale-et-d-une-transition-juste\/\"]}]},{\"@type\":\"BreadcrumbList\",\"@id\":\"https:\/\/admin.industriall-union.org\/fr\/aviation-verte-les-syndicats-revendiquent-un-engagement-international-fort-en-faveur-de-la-durabilite-sociale-et-d-une-transition-juste\/#breadcrumb\",\"itemListElement\":[{\"@type\":\"ListItem\",\"position\":1,\"name\":\"Home\",\"item\":\"https:\/\/admin.industriall-union.org\/\"},{\"@type\":\"ListItem\",\"position\":2,\"name\":\"Articles\",\"item\":\"https:\/\/admin.industriall-union.org\/article\/\"},{\"@type\":\"ListItem\",\"position\":3,\"name\":\"Aviation verte : les syndicats revendiquent un engagement international fort en faveur de la durabilit\u00e9 sociale et d\u2019une Transition juste\"}]},{\"@type\":\"WebSite\",\"@id\":\"https:\/\/admin.industriall-union.org\/#website\",\"url\":\"https:\/\/admin.industriall-union.org\/\",\"name\":\"industriall-union\",\"description\":\"\",\"potentialAction\":[{\"@type\":\"SearchAction\",\"target\":{\"@type\":\"EntryPoint\",\"urlTemplate\":\"https:\/\/admin.industriall-union.org\/?s={search_term_string}\"},\"query-input\":{\"@type\":\"PropertyValueSpecification\",\"valueRequired\":true,\"valueName\":\"search_term_string\"}}],\"inLanguage\":\"fr-FR\"}]}<\/script>\n<!-- \/ Yoast SEO Premium plugin. -->","yoast_head_json":{"title":"Aviation verte : les syndicats revendiquent un engagement international fort en faveur de la durabilit\u00e9 sociale et d\u2019une Transition juste - industriall-union","description":"Cette semaine, les f\u00e9d\u00e9rations syndicales internationales et europ\u00e9ennes repr\u00e9sentant les travailleurs et travailleuses des secteurs de","robots":{"index":"index","follow":"follow","max-snippet":"max-snippet:-1","max-image-preview":"max-image-preview:large","max-video-preview":"max-video-preview:-1"},"canonical":"https:\/\/admin.industriall-union.org\/fr\/aviation-verte-les-syndicats-revendiquent-un-engagement-international-fort-en-faveur-de-la-durabilite-sociale-et-d-une-transition-juste\/","og_locale":"fr_FR","og_type":"article","og_title":"Aviation verte : les syndicats revendiquent un engagement international fort en faveur de la durabilit\u00e9 sociale et d\u2019une Transition juste","og_description":"Cette semaine, les f\u00e9d\u00e9rations syndicales internationales et europ\u00e9ennes repr\u00e9sentant les travailleurs et travailleuses des secteurs de","og_url":"https:\/\/admin.industriall-union.org\/fr\/aviation-verte-les-syndicats-revendiquent-un-engagement-international-fort-en-faveur-de-la-durabilite-sociale-et-d-une-transition-juste\/","og_site_name":"industriall-union","article_modified_time":"2025-01-28T02:03:04+00:00","twitter_card":"summary_large_image","twitter_misc":{"Est. reading time":"2 minutes"},"schema":{"@context":"https:\/\/schema.org","@graph":[{"@type":"WebPage","@id":"https:\/\/admin.industriall-union.org\/fr\/aviation-verte-les-syndicats-revendiquent-un-engagement-international-fort-en-faveur-de-la-durabilite-sociale-et-d-une-transition-juste\/","url":"https:\/\/admin.industriall-union.org\/fr\/aviation-verte-les-syndicats-revendiquent-un-engagement-international-fort-en-faveur-de-la-durabilite-sociale-et-d-une-transition-juste\/","name":"Aviation verte : les syndicats revendiquent un engagement international fort en faveur de la durabilit\u00e9 sociale et d\u2019une Transition juste - industriall-union","isPartOf":{"@id":"https:\/\/admin.industriall-union.org\/#website"},"datePublished":"2022-06-21T14:57:42+00:00","dateModified":"2025-01-28T02:03:04+00:00","description":"Cette semaine, les f\u00e9d\u00e9rations syndicales internationales et europ\u00e9ennes repr\u00e9sentant les travailleurs et travailleuses des secteurs de","breadcrumb":{"@id":"https:\/\/admin.industriall-union.org\/fr\/aviation-verte-les-syndicats-revendiquent-un-engagement-international-fort-en-faveur-de-la-durabilite-sociale-et-d-une-transition-juste\/#breadcrumb"},"inLanguage":"fr-FR","potentialAction":[{"@type":"ReadAction","target":["https:\/\/admin.industriall-union.org\/fr\/aviation-verte-les-syndicats-revendiquent-un-engagement-international-fort-en-faveur-de-la-durabilite-sociale-et-d-une-transition-juste\/"]}]},{"@type":"BreadcrumbList","@id":"https:\/\/admin.industriall-union.org\/fr\/aviation-verte-les-syndicats-revendiquent-un-engagement-international-fort-en-faveur-de-la-durabilite-sociale-et-d-une-transition-juste\/#breadcrumb","itemListElement":[{"@type":"ListItem","position":1,"name":"Home","item":"https:\/\/admin.industriall-union.org\/"},{"@type":"ListItem","position":2,"name":"Articles","item":"https:\/\/admin.industriall-union.org\/article\/"},{"@type":"ListItem","position":3,"name":"Aviation verte : les syndicats revendiquent un engagement international fort en faveur de la durabilit\u00e9 sociale et d\u2019une Transition juste"}]},{"@type":"WebSite","@id":"https:\/\/admin.industriall-union.org\/#website","url":"https:\/\/admin.industriall-union.org\/","name":"industriall-union","description":"","potentialAction":[{"@type":"SearchAction","target":{"@type":"EntryPoint","urlTemplate":"https:\/\/admin.industriall-union.org\/?s={search_term_string}"},"query-input":{"@type":"PropertyValueSpecification","valueRequired":true,"valueName":"search_term_string"}}],"inLanguage":"fr-FR"}]}},"_links":{"self":[{"href":"https:\/\/admin.industriall-union.org\/fr\/wp-json\/wp\/v2\/article\/143749","targetHints":{"allow":["GET"]}}],"collection":[{"href":"https:\/\/admin.industriall-union.org\/fr\/wp-json\/wp\/v2\/article"}],"about":[{"href":"https:\/\/admin.industriall-union.org\/fr\/wp-json\/wp\/v2\/types\/article"}],"wp:attachment":[{"href":"https:\/\/admin.industriall-union.org\/fr\/wp-json\/wp\/v2\/media?parent=143749"}],"wp:term":[{"taxonomy":"issues","embeddable":true,"href":"https:\/\/admin.industriall-union.org\/fr\/wp-json\/wp\/v2\/issues?post=143749"},{"taxonomy":"companies","embeddable":true,"href":"https:\/\/admin.industriall-union.org\/fr\/wp-json\/wp\/v2\/companies?post=143749"},{"taxonomy":"regions","embeddable":true,"href":"https:\/\/admin.industriall-union.org\/fr\/wp-json\/wp\/v2\/regions?post=143749"},{"taxonomy":"sectors","embeddable":true,"href":"https:\/\/admin.industriall-union.org\/fr\/wp-json\/wp\/v2\/sectors?post=143749"},{"taxonomy":"article_tags","embeddable":true,"href":"https:\/\/admin.industriall-union.org\/fr\/wp-json\/wp\/v2\/article_tags?post=143749"}],"curies":[{"name":"wp","href":"https:\/\/api.w.org\/{rel}","templated":true}]}}