{"id":143724,"date":"2022-07-12T13:33:46","date_gmt":"2022-07-12T13:33:46","guid":{"rendered":"https:\/\/admin.industriall-union.org\/la-securite-professionnelle-reste-une-preoccupation-majeure-dans-les-mines-pakistanaises\/"},"modified":"2025-01-28T01:51:57","modified_gmt":"2025-01-28T01:51:57","slug":"la-securite-professionnelle-reste-une-preoccupation-majeure-dans-les-mines-pakistanaises","status":"publish","type":"article","link":"https:\/\/admin.industriall-union.org\/fr\/la-securite-professionnelle-reste-une-preoccupation-majeure-dans-les-mines-pakistanaises\/","title":{"rendered":"La s\u00e9curit\u00e9 professionnelle reste une pr\u00e9occupation majeure dans les mines pakistanaises"},"content":{"rendered":"<p>Comme de nombreuses mines du pays fonctionnent sans autorisation et sont exploit\u00e9es ill\u00e9galement, peu de mineurs sont couverts par les lois nationales r\u00e9gissant la sant\u00e9, la s\u00e9curit\u00e9 et le bien-\u00eatre des salari\u00e9s des mines et des carri\u00e8res. Il est donc difficile pour les travailleurs bless\u00e9s ou les familles de ceux qui sont d\u00e9c\u00e9d\u00e9s de demander une indemnisation en cas d&rsquo;accident. Une indemnisation insuffisante et l&rsquo;absence d&rsquo;inspection des mines par les services gouvernementaux incitent les employeurs \u00e0 ne pas investir dans les infrastructures de s\u00e9curit\u00e9 des mines, comme le pr\u00e9voit la loi.<\/p><p>Sultan Khan, Secr\u00e9taire g\u00e9n\u00e9ral de la F\u00e9d\u00e9ration centrale des mines du Pakistan, affili\u00e9e \u00e0 IndustriALL, indique&nbsp;:<\/p><blockquote><p>&ldquo;Une industrie mini\u00e8re non r\u00e9glement\u00e9e et le manque d&rsquo;application des lois existantes tuent des mineurs chaque jour. Le gouvernement doit s&rsquo;engager \u00e0 appliquer strictement les politiques existantes en mati\u00e8re d&rsquo;exploitation mini\u00e8re et \u00e0 inscrire tous les mineurs dans des r\u00e9gimes de s\u00e9curit\u00e9 sociale. Nous revendiquons \u00e9galement que les propri\u00e9taires de mines tiennent un registre de pr\u00e9sence des travailleurs qui se rendent sous terre.&rdquo;<\/p><\/blockquote><p>Neuf mineurs, dont un gar\u00e7on de douze ans, ont \u00e9t\u00e9 tu\u00e9s le 6 juillet dernier apr\u00e8s que des pluies ont inond\u00e9 un charbonnage de la province pakistanaise de Sindh. L&rsquo;accumulation d&rsquo;eau de pluie avait atteint \u00e0 une hauteur de 15 \u00e0 18 m\u00e8tres \u00e0 l&rsquo;int\u00e9rieur de la mine, o\u00f9 une quarantaine de travailleurs \u00e9taient occup\u00e9s \u00e0 des travaux d&rsquo;extraction.<\/p><p>Malgr\u00e9 les fortes pluies qui ont fait des ravages dans tout le pays, l&rsquo;extraction du charbon s&rsquo;est poursuivie au Pakistan, aggravant des conditions de travail d\u00e9j\u00e0 mauvaises. La flamb\u00e9e des prix de la nourriture et du carburant oblige les mineurs \u00e0 continuer \u00e0 travailler dans des conditions aussi dangereuses. Les mineurs pakistanais sont \u00e9galement soumis \u00e0 une pression accrue pour augmenter la production, car le pays est confront\u00e9 \u00e0 une crise \u00e9nerg\u00e9tique due \u00e0 une p\u00e9nurie de devises \u00e9trang\u00e8res permettant d&rsquo;acheter du gaz naturel ou du p\u00e9trole sur le march\u00e9 international pour faire fonctionner ses centrales \u00e9lectriques. Au lieu de cela, le Pakistan doit compter sur la production nationale et les importations de charbon.<\/p><p>Apoorva Kaiwar, Secr\u00e9taire r\u00e9gionale d&rsquo;IndustriALL pour l&rsquo;Asie du Sud, a d\u00e9clar\u00e9&nbsp;:<\/p><blockquote><p>&ldquo;Les conditions de travail sur les sites miniers au Pakistan sont \u00e9pouvantables. Les employeurs doivent s&rsquo;assurer que les protocoles de s\u00e9curit\u00e9 sont mis en \u0153uvre dans leurs mines. IndustriALL appelle le gouvernement pakistanais \u00e0 ratifier la Convention 176 de l&rsquo;OIT sur la s\u00e9curit\u00e9 et la sant\u00e9 dans les mines et \u00e0 mettre fin aux h\u00e9catombes dans les mines du pays.&rdquo;<\/p><\/blockquote>","protected":false},"featured_media":0,"template":"","issues":[402,424,425],"companies":[],"regions":[182],"sectors":[494],"article_tags":[],"class_list":["post-143724","article","type-article","status-publish","hentry","issues-health-and-safety","issues-violation","issues-workers-rights","regions-pakistan","sectors-mining-and-dgojp"],"acf":[],"yoast_head":"<!-- This site is optimized with the Yoast SEO Premium plugin v27.1 (Yoast SEO v27.1) - https:\/\/yoast.com\/product\/yoast-seo-premium-wordpress\/ -->\n<title>La s\u00e9curit\u00e9 professionnelle reste une pr\u00e9occupation majeure dans les mines pakistanaises - industriall-union<\/title>\n<meta name=\"description\" content=\"Comme de nombreuses mines du pays fonctionnent sans autorisation et sont exploit\u00e9es ill\u00e9galement, peu de mineurs sont couverts par les lois nationales\" \/>\n<meta name=\"robots\" content=\"index, follow, max-snippet:-1, max-image-preview:large, max-video-preview:-1\" \/>\n<link rel=\"canonical\" href=\"https:\/\/admin.industriall-union.org\/fr\/la-securite-professionnelle-reste-une-preoccupation-majeure-dans-les-mines-pakistanaises\/\" \/>\n<meta property=\"og:locale\" content=\"fr_FR\" \/>\n<meta property=\"og:type\" content=\"article\" \/>\n<meta property=\"og:title\" content=\"La s\u00e9curit\u00e9 professionnelle reste une pr\u00e9occupation majeure dans les mines pakistanaises\" \/>\n<meta property=\"og:description\" content=\"Comme de nombreuses mines du pays fonctionnent sans autorisation et sont exploit\u00e9es ill\u00e9galement, peu de mineurs sont couverts par les lois nationales\" \/>\n<meta property=\"og:url\" content=\"https:\/\/admin.industriall-union.org\/fr\/la-securite-professionnelle-reste-une-preoccupation-majeure-dans-les-mines-pakistanaises\/\" \/>\n<meta property=\"og:site_name\" content=\"industriall-union\" \/>\n<meta property=\"article:modified_time\" content=\"2025-01-28T01:51:57+00:00\" \/>\n<meta name=\"twitter:card\" content=\"summary_large_image\" \/>\n<meta name=\"twitter:label1\" content=\"Est. reading time\" \/>\n\t<meta name=\"twitter:data1\" content=\"2 minutes\" \/>\n<script type=\"application\/ld+json\" class=\"yoast-schema-graph\">{\"@context\":\"https:\/\/schema.org\",\"@graph\":[{\"@type\":\"WebPage\",\"@id\":\"https:\/\/admin.industriall-union.org\/fr\/la-securite-professionnelle-reste-une-preoccupation-majeure-dans-les-mines-pakistanaises\/\",\"url\":\"https:\/\/admin.industriall-union.org\/fr\/la-securite-professionnelle-reste-une-preoccupation-majeure-dans-les-mines-pakistanaises\/\",\"name\":\"La s\u00e9curit\u00e9 professionnelle reste une pr\u00e9occupation majeure dans les mines pakistanaises - industriall-union\",\"isPartOf\":{\"@id\":\"https:\/\/admin.industriall-union.org\/#website\"},\"datePublished\":\"2022-07-12T13:33:46+00:00\",\"dateModified\":\"2025-01-28T01:51:57+00:00\",\"description\":\"Comme de nombreuses mines du pays fonctionnent sans autorisation et sont exploit\u00e9es ill\u00e9galement, peu de mineurs sont couverts par les lois nationales\",\"breadcrumb\":{\"@id\":\"https:\/\/admin.industriall-union.org\/fr\/la-securite-professionnelle-reste-une-preoccupation-majeure-dans-les-mines-pakistanaises\/#breadcrumb\"},\"inLanguage\":\"fr-FR\",\"potentialAction\":[{\"@type\":\"ReadAction\",\"target\":[\"https:\/\/admin.industriall-union.org\/fr\/la-securite-professionnelle-reste-une-preoccupation-majeure-dans-les-mines-pakistanaises\/\"]}]},{\"@type\":\"BreadcrumbList\",\"@id\":\"https:\/\/admin.industriall-union.org\/fr\/la-securite-professionnelle-reste-une-preoccupation-majeure-dans-les-mines-pakistanaises\/#breadcrumb\",\"itemListElement\":[{\"@type\":\"ListItem\",\"position\":1,\"name\":\"Home\",\"item\":\"https:\/\/admin.industriall-union.org\/\"},{\"@type\":\"ListItem\",\"position\":2,\"name\":\"Articles\",\"item\":\"https:\/\/admin.industriall-union.org\/article\/\"},{\"@type\":\"ListItem\",\"position\":3,\"name\":\"La s\u00e9curit\u00e9 professionnelle reste une pr\u00e9occupation majeure dans les mines pakistanaises\"}]},{\"@type\":\"WebSite\",\"@id\":\"https:\/\/admin.industriall-union.org\/#website\",\"url\":\"https:\/\/admin.industriall-union.org\/\",\"name\":\"industriall-union\",\"description\":\"\",\"potentialAction\":[{\"@type\":\"SearchAction\",\"target\":{\"@type\":\"EntryPoint\",\"urlTemplate\":\"https:\/\/admin.industriall-union.org\/?s={search_term_string}\"},\"query-input\":{\"@type\":\"PropertyValueSpecification\",\"valueRequired\":true,\"valueName\":\"search_term_string\"}}],\"inLanguage\":\"fr-FR\"}]}<\/script>\n<!-- \/ Yoast SEO Premium plugin. -->","yoast_head_json":{"title":"La s\u00e9curit\u00e9 professionnelle reste une pr\u00e9occupation majeure dans les mines pakistanaises - industriall-union","description":"Comme de nombreuses mines du pays fonctionnent sans autorisation et sont exploit\u00e9es ill\u00e9galement, peu de mineurs sont couverts par les lois nationales","robots":{"index":"index","follow":"follow","max-snippet":"max-snippet:-1","max-image-preview":"max-image-preview:large","max-video-preview":"max-video-preview:-1"},"canonical":"https:\/\/admin.industriall-union.org\/fr\/la-securite-professionnelle-reste-une-preoccupation-majeure-dans-les-mines-pakistanaises\/","og_locale":"fr_FR","og_type":"article","og_title":"La s\u00e9curit\u00e9 professionnelle reste une pr\u00e9occupation majeure dans les mines pakistanaises","og_description":"Comme de nombreuses mines du pays fonctionnent sans autorisation et sont exploit\u00e9es ill\u00e9galement, peu de mineurs sont couverts par les lois nationales","og_url":"https:\/\/admin.industriall-union.org\/fr\/la-securite-professionnelle-reste-une-preoccupation-majeure-dans-les-mines-pakistanaises\/","og_site_name":"industriall-union","article_modified_time":"2025-01-28T01:51:57+00:00","twitter_card":"summary_large_image","twitter_misc":{"Est. reading time":"2 minutes"},"schema":{"@context":"https:\/\/schema.org","@graph":[{"@type":"WebPage","@id":"https:\/\/admin.industriall-union.org\/fr\/la-securite-professionnelle-reste-une-preoccupation-majeure-dans-les-mines-pakistanaises\/","url":"https:\/\/admin.industriall-union.org\/fr\/la-securite-professionnelle-reste-une-preoccupation-majeure-dans-les-mines-pakistanaises\/","name":"La s\u00e9curit\u00e9 professionnelle reste une pr\u00e9occupation majeure dans les mines pakistanaises - industriall-union","isPartOf":{"@id":"https:\/\/admin.industriall-union.org\/#website"},"datePublished":"2022-07-12T13:33:46+00:00","dateModified":"2025-01-28T01:51:57+00:00","description":"Comme de nombreuses mines du pays fonctionnent sans autorisation et sont exploit\u00e9es ill\u00e9galement, peu de mineurs sont couverts par les lois nationales","breadcrumb":{"@id":"https:\/\/admin.industriall-union.org\/fr\/la-securite-professionnelle-reste-une-preoccupation-majeure-dans-les-mines-pakistanaises\/#breadcrumb"},"inLanguage":"fr-FR","potentialAction":[{"@type":"ReadAction","target":["https:\/\/admin.industriall-union.org\/fr\/la-securite-professionnelle-reste-une-preoccupation-majeure-dans-les-mines-pakistanaises\/"]}]},{"@type":"BreadcrumbList","@id":"https:\/\/admin.industriall-union.org\/fr\/la-securite-professionnelle-reste-une-preoccupation-majeure-dans-les-mines-pakistanaises\/#breadcrumb","itemListElement":[{"@type":"ListItem","position":1,"name":"Home","item":"https:\/\/admin.industriall-union.org\/"},{"@type":"ListItem","position":2,"name":"Articles","item":"https:\/\/admin.industriall-union.org\/article\/"},{"@type":"ListItem","position":3,"name":"La s\u00e9curit\u00e9 professionnelle reste une pr\u00e9occupation majeure dans les mines pakistanaises"}]},{"@type":"WebSite","@id":"https:\/\/admin.industriall-union.org\/#website","url":"https:\/\/admin.industriall-union.org\/","name":"industriall-union","description":"","potentialAction":[{"@type":"SearchAction","target":{"@type":"EntryPoint","urlTemplate":"https:\/\/admin.industriall-union.org\/?s={search_term_string}"},"query-input":{"@type":"PropertyValueSpecification","valueRequired":true,"valueName":"search_term_string"}}],"inLanguage":"fr-FR"}]}},"_links":{"self":[{"href":"https:\/\/admin.industriall-union.org\/fr\/wp-json\/wp\/v2\/article\/143724","targetHints":{"allow":["GET"]}}],"collection":[{"href":"https:\/\/admin.industriall-union.org\/fr\/wp-json\/wp\/v2\/article"}],"about":[{"href":"https:\/\/admin.industriall-union.org\/fr\/wp-json\/wp\/v2\/types\/article"}],"wp:attachment":[{"href":"https:\/\/admin.industriall-union.org\/fr\/wp-json\/wp\/v2\/media?parent=143724"}],"wp:term":[{"taxonomy":"issues","embeddable":true,"href":"https:\/\/admin.industriall-union.org\/fr\/wp-json\/wp\/v2\/issues?post=143724"},{"taxonomy":"companies","embeddable":true,"href":"https:\/\/admin.industriall-union.org\/fr\/wp-json\/wp\/v2\/companies?post=143724"},{"taxonomy":"regions","embeddable":true,"href":"https:\/\/admin.industriall-union.org\/fr\/wp-json\/wp\/v2\/regions?post=143724"},{"taxonomy":"sectors","embeddable":true,"href":"https:\/\/admin.industriall-union.org\/fr\/wp-json\/wp\/v2\/sectors?post=143724"},{"taxonomy":"article_tags","embeddable":true,"href":"https:\/\/admin.industriall-union.org\/fr\/wp-json\/wp\/v2\/article_tags?post=143724"}],"curies":[{"name":"wp","href":"https:\/\/api.w.org\/{rel}","templated":true}]}}