{"id":143681,"date":"2022-08-10T14:33:23","date_gmt":"2022-08-10T14:33:23","guid":{"rendered":"https:\/\/admin.industriall-union.org\/victoire-syndicale-la-justice-indienne-reintegre-150-travailleuses-du-vetement-licenciees-abusivement\/"},"modified":"2025-01-28T01:32:07","modified_gmt":"2025-01-28T01:32:07","slug":"victoire-syndicale-la-justice-indienne-reintegre-150-travailleuses-du-vetement-licenciees-abusivement","status":"publish","type":"article","link":"https:\/\/admin.industriall-union.org\/fr\/victoire-syndicale-la-justice-indienne-reintegre-150-travailleuses-du-vetement-licenciees-abusivement\/","title":{"rendered":"Victoire syndicale : la justice indienne r\u00e9int\u00e8gre 150 travailleuses du v\u00eatement licenci\u00e9es abusivement"},"content":{"rendered":"<p>Le 6 ao\u00fbt, un tribunal du travail a ordonn\u00e9 la r\u00e9int\u00e9gration des 150 travailleuses licenci\u00e9es ill\u00e9galement par la direction, avec versement des arri\u00e9r\u00e9s de salaires et primes d&#039;anciennet\u00e9.<\/p><p>La direction de SLAM Clothing, qui a une usine \u00e0 Chenna\u00ef, avait proc\u00e9d\u00e9 \u00e0 un lock-out pour emp\u00eacher le personnel d&#039;acc\u00e9der aux ateliers apr\u00e8s que le syndicat ait r\u00e9clam\u00e9 le versement d&#039;arri\u00e9r\u00e9s de salaires. Plut\u00f4t que d&#039;entamer le dialogue avec le syndicat ou de demander au gouvernement l&#039;autorisation de fermer l&#039;usine comme l&#039;exige la loi, la direction a pr\u00e9f\u00e9r\u00e9 bloquer l&#039;acc\u00e8s du personnel \u00e0 l&#039;usine. Cela veut dire que l&#039;usine a \u00e9t\u00e9 ferm\u00e9e de mani\u00e8re unilat\u00e9rale par la direction qui a aussi fabriqu\u00e9 de fausses lettres de d\u00e9mission en contrefaisant les signatures.<\/p><p>Le GAFWU a port\u00e9 l&#039;affaire du lock-out ill\u00e9gal devant le Commissaire au travail. Devant le refus de la direction de participer \u00e0 la proc\u00e9dure de conciliation, aucun accord n&#039;a pu \u00eatre trouv\u00e9. C&#039;est pourquoi le Commissaire au travail a soumis le cas \u00e0 la juridiction du travail.<\/p><p>L&#039;ordonnance du tribunal accordant le versement des arri\u00e9r\u00e9s de salaires va permettre au syndicat de les r\u00e9clamer \u00e0 SLAM Clothing.<\/p><p>Palani Bharathi, le secr\u00e9taire g\u00e9n\u00e9ral du GAFWU, a d\u00e9clar\u00e9 :<\/p><blockquote><p>&quot;D\u00e9sormais, notre combat ne peut que s&#039;intensifier. Nous avons gagn\u00e9 une bataille devant les tribunaux, mais la direction, arrogante, qui a choisi d&#039;\u00eatre absente de toute la proc\u00e9dure, doit encore rendre compte de ses graves violations des droits des travailleurs.&quot;<\/p><\/blockquote><blockquote><p>&quot;Nous saluons la victoire des travailleurs devant les tribunaux contre les tactiques antisyndicales de la direction de SLAM Clothing et nous esp\u00e9rons qu&#039;elle servira de le\u00e7on \u00e0 certains employeurs qui devraient savoir qu&#039;on peut obtenir plus par la paix sociale en \u00e9coutant les revendications des travailleurs et en leur versant leurs salaires \u00e0 temps,&quot;<\/p><\/blockquote><p>a d\u00e9clar\u00e9 Apoorva Kaiwar, la secr\u00e9taire r\u00e9gionale d&#039;IndustriALL pour l&#039;Asie du Sud.&nbsp;&nbsp;<span style=\"font-size:12pt\"><span style=\"font-family:Courier\"><span lang=\"FR\"> <\/span><\/span><\/span><\/p>","protected":false},"featured_media":0,"template":"","issues":[425],"companies":[],"regions":[166],"sectors":[464],"article_tags":[],"class_list":["post-143681","article","type-article","status-publish","hentry","issues-workers-rights","regions-india","sectors-textile-leather-garment-shoes-and-textile-services"],"acf":[],"yoast_head":"<!-- This site is optimized with the Yoast SEO Premium plugin v27.1 (Yoast SEO v27.1) - https:\/\/yoast.com\/product\/yoast-seo-premium-wordpress\/ -->\n<title>Victoire syndicale : la justice indienne r\u00e9int\u00e8gre 150 travailleuses du v\u00eatement licenci\u00e9es abusivement - industriall-union<\/title>\n<meta name=\"description\" content=\"Le 6 ao\u00fbt, un tribunal du travail a ordonn\u00e9 la r\u00e9int\u00e9gration des 150 travailleuses licenci\u00e9es ill\u00e9galement par la direction, avec versement des arri\u00e9r\u00e9s\" \/>\n<meta name=\"robots\" content=\"index, follow, max-snippet:-1, max-image-preview:large, max-video-preview:-1\" \/>\n<link rel=\"canonical\" href=\"https:\/\/admin.industriall-union.org\/fr\/victoire-syndicale-la-justice-indienne-reintegre-150-travailleuses-du-vetement-licenciees-abusivement\/\" \/>\n<meta property=\"og:locale\" content=\"fr_FR\" \/>\n<meta property=\"og:type\" content=\"article\" \/>\n<meta property=\"og:title\" content=\"Victoire syndicale : la justice indienne r\u00e9int\u00e8gre 150 travailleuses du v\u00eatement licenci\u00e9es abusivement\" \/>\n<meta property=\"og:description\" content=\"Le 6 ao\u00fbt, un tribunal du travail a ordonn\u00e9 la r\u00e9int\u00e9gration des 150 travailleuses licenci\u00e9es ill\u00e9galement par la direction, avec versement des arri\u00e9r\u00e9s\" \/>\n<meta property=\"og:url\" content=\"https:\/\/admin.industriall-union.org\/fr\/victoire-syndicale-la-justice-indienne-reintegre-150-travailleuses-du-vetement-licenciees-abusivement\/\" \/>\n<meta property=\"og:site_name\" content=\"industriall-union\" \/>\n<meta property=\"article:modified_time\" content=\"2025-01-28T01:32:07+00:00\" \/>\n<meta name=\"twitter:card\" content=\"summary_large_image\" \/>\n<meta name=\"twitter:label1\" content=\"Est. reading time\" \/>\n\t<meta name=\"twitter:data1\" content=\"2 minutes\" \/>\n<script type=\"application\/ld+json\" class=\"yoast-schema-graph\">{\"@context\":\"https:\/\/schema.org\",\"@graph\":[{\"@type\":\"WebPage\",\"@id\":\"https:\/\/admin.industriall-union.org\/fr\/victoire-syndicale-la-justice-indienne-reintegre-150-travailleuses-du-vetement-licenciees-abusivement\/\",\"url\":\"https:\/\/admin.industriall-union.org\/fr\/victoire-syndicale-la-justice-indienne-reintegre-150-travailleuses-du-vetement-licenciees-abusivement\/\",\"name\":\"Victoire syndicale : la justice indienne r\u00e9int\u00e8gre 150 travailleuses du v\u00eatement licenci\u00e9es abusivement - industriall-union\",\"isPartOf\":{\"@id\":\"https:\/\/admin.industriall-union.org\/#website\"},\"datePublished\":\"2022-08-10T14:33:23+00:00\",\"dateModified\":\"2025-01-28T01:32:07+00:00\",\"description\":\"Le 6 ao\u00fbt, un tribunal du travail a ordonn\u00e9 la r\u00e9int\u00e9gration des 150 travailleuses licenci\u00e9es ill\u00e9galement par la direction, avec versement des arri\u00e9r\u00e9s\",\"breadcrumb\":{\"@id\":\"https:\/\/admin.industriall-union.org\/fr\/victoire-syndicale-la-justice-indienne-reintegre-150-travailleuses-du-vetement-licenciees-abusivement\/#breadcrumb\"},\"inLanguage\":\"fr-FR\",\"potentialAction\":[{\"@type\":\"ReadAction\",\"target\":[\"https:\/\/admin.industriall-union.org\/fr\/victoire-syndicale-la-justice-indienne-reintegre-150-travailleuses-du-vetement-licenciees-abusivement\/\"]}]},{\"@type\":\"BreadcrumbList\",\"@id\":\"https:\/\/admin.industriall-union.org\/fr\/victoire-syndicale-la-justice-indienne-reintegre-150-travailleuses-du-vetement-licenciees-abusivement\/#breadcrumb\",\"itemListElement\":[{\"@type\":\"ListItem\",\"position\":1,\"name\":\"Home\",\"item\":\"https:\/\/admin.industriall-union.org\/\"},{\"@type\":\"ListItem\",\"position\":2,\"name\":\"Articles\",\"item\":\"https:\/\/admin.industriall-union.org\/article\/\"},{\"@type\":\"ListItem\",\"position\":3,\"name\":\"Victoire syndicale : la justice indienne r\u00e9int\u00e8gre 150 travailleuses du v\u00eatement licenci\u00e9es abusivement\"}]},{\"@type\":\"WebSite\",\"@id\":\"https:\/\/admin.industriall-union.org\/#website\",\"url\":\"https:\/\/admin.industriall-union.org\/\",\"name\":\"industriall-union\",\"description\":\"\",\"potentialAction\":[{\"@type\":\"SearchAction\",\"target\":{\"@type\":\"EntryPoint\",\"urlTemplate\":\"https:\/\/admin.industriall-union.org\/?s={search_term_string}\"},\"query-input\":{\"@type\":\"PropertyValueSpecification\",\"valueRequired\":true,\"valueName\":\"search_term_string\"}}],\"inLanguage\":\"fr-FR\"}]}<\/script>\n<!-- \/ Yoast SEO Premium plugin. -->","yoast_head_json":{"title":"Victoire syndicale : la justice indienne r\u00e9int\u00e8gre 150 travailleuses du v\u00eatement licenci\u00e9es abusivement - industriall-union","description":"Le 6 ao\u00fbt, un tribunal du travail a ordonn\u00e9 la r\u00e9int\u00e9gration des 150 travailleuses licenci\u00e9es ill\u00e9galement par la direction, avec versement des arri\u00e9r\u00e9s","robots":{"index":"index","follow":"follow","max-snippet":"max-snippet:-1","max-image-preview":"max-image-preview:large","max-video-preview":"max-video-preview:-1"},"canonical":"https:\/\/admin.industriall-union.org\/fr\/victoire-syndicale-la-justice-indienne-reintegre-150-travailleuses-du-vetement-licenciees-abusivement\/","og_locale":"fr_FR","og_type":"article","og_title":"Victoire syndicale : la justice indienne r\u00e9int\u00e8gre 150 travailleuses du v\u00eatement licenci\u00e9es abusivement","og_description":"Le 6 ao\u00fbt, un tribunal du travail a ordonn\u00e9 la r\u00e9int\u00e9gration des 150 travailleuses licenci\u00e9es ill\u00e9galement par la direction, avec versement des arri\u00e9r\u00e9s","og_url":"https:\/\/admin.industriall-union.org\/fr\/victoire-syndicale-la-justice-indienne-reintegre-150-travailleuses-du-vetement-licenciees-abusivement\/","og_site_name":"industriall-union","article_modified_time":"2025-01-28T01:32:07+00:00","twitter_card":"summary_large_image","twitter_misc":{"Est. reading time":"2 minutes"},"schema":{"@context":"https:\/\/schema.org","@graph":[{"@type":"WebPage","@id":"https:\/\/admin.industriall-union.org\/fr\/victoire-syndicale-la-justice-indienne-reintegre-150-travailleuses-du-vetement-licenciees-abusivement\/","url":"https:\/\/admin.industriall-union.org\/fr\/victoire-syndicale-la-justice-indienne-reintegre-150-travailleuses-du-vetement-licenciees-abusivement\/","name":"Victoire syndicale : la justice indienne r\u00e9int\u00e8gre 150 travailleuses du v\u00eatement licenci\u00e9es abusivement - industriall-union","isPartOf":{"@id":"https:\/\/admin.industriall-union.org\/#website"},"datePublished":"2022-08-10T14:33:23+00:00","dateModified":"2025-01-28T01:32:07+00:00","description":"Le 6 ao\u00fbt, un tribunal du travail a ordonn\u00e9 la r\u00e9int\u00e9gration des 150 travailleuses licenci\u00e9es ill\u00e9galement par la direction, avec versement des arri\u00e9r\u00e9s","breadcrumb":{"@id":"https:\/\/admin.industriall-union.org\/fr\/victoire-syndicale-la-justice-indienne-reintegre-150-travailleuses-du-vetement-licenciees-abusivement\/#breadcrumb"},"inLanguage":"fr-FR","potentialAction":[{"@type":"ReadAction","target":["https:\/\/admin.industriall-union.org\/fr\/victoire-syndicale-la-justice-indienne-reintegre-150-travailleuses-du-vetement-licenciees-abusivement\/"]}]},{"@type":"BreadcrumbList","@id":"https:\/\/admin.industriall-union.org\/fr\/victoire-syndicale-la-justice-indienne-reintegre-150-travailleuses-du-vetement-licenciees-abusivement\/#breadcrumb","itemListElement":[{"@type":"ListItem","position":1,"name":"Home","item":"https:\/\/admin.industriall-union.org\/"},{"@type":"ListItem","position":2,"name":"Articles","item":"https:\/\/admin.industriall-union.org\/article\/"},{"@type":"ListItem","position":3,"name":"Victoire syndicale : la justice indienne r\u00e9int\u00e8gre 150 travailleuses du v\u00eatement licenci\u00e9es abusivement"}]},{"@type":"WebSite","@id":"https:\/\/admin.industriall-union.org\/#website","url":"https:\/\/admin.industriall-union.org\/","name":"industriall-union","description":"","potentialAction":[{"@type":"SearchAction","target":{"@type":"EntryPoint","urlTemplate":"https:\/\/admin.industriall-union.org\/?s={search_term_string}"},"query-input":{"@type":"PropertyValueSpecification","valueRequired":true,"valueName":"search_term_string"}}],"inLanguage":"fr-FR"}]}},"_links":{"self":[{"href":"https:\/\/admin.industriall-union.org\/fr\/wp-json\/wp\/v2\/article\/143681","targetHints":{"allow":["GET"]}}],"collection":[{"href":"https:\/\/admin.industriall-union.org\/fr\/wp-json\/wp\/v2\/article"}],"about":[{"href":"https:\/\/admin.industriall-union.org\/fr\/wp-json\/wp\/v2\/types\/article"}],"wp:attachment":[{"href":"https:\/\/admin.industriall-union.org\/fr\/wp-json\/wp\/v2\/media?parent=143681"}],"wp:term":[{"taxonomy":"issues","embeddable":true,"href":"https:\/\/admin.industriall-union.org\/fr\/wp-json\/wp\/v2\/issues?post=143681"},{"taxonomy":"companies","embeddable":true,"href":"https:\/\/admin.industriall-union.org\/fr\/wp-json\/wp\/v2\/companies?post=143681"},{"taxonomy":"regions","embeddable":true,"href":"https:\/\/admin.industriall-union.org\/fr\/wp-json\/wp\/v2\/regions?post=143681"},{"taxonomy":"sectors","embeddable":true,"href":"https:\/\/admin.industriall-union.org\/fr\/wp-json\/wp\/v2\/sectors?post=143681"},{"taxonomy":"article_tags","embeddable":true,"href":"https:\/\/admin.industriall-union.org\/fr\/wp-json\/wp\/v2\/article_tags?post=143681"}],"curies":[{"name":"wp","href":"https:\/\/api.w.org\/{rel}","templated":true}]}}