{"id":143662,"date":"2022-08-17T10:36:26","date_gmt":"2022-08-17T10:36:26","guid":{"rendered":"https:\/\/admin.industriall-union.org\/syndicats-et-employeurs-exhortent-les-marques-internationales-a-soutenir-l-039-industrie-de-l-039-habillement-au-sri-lanka\/"},"modified":"2025-01-28T01:21:39","modified_gmt":"2025-01-28T01:21:39","slug":"syndicats-et-employeurs-exhortent-les-marques-internationales-a-soutenir-l-039-industrie-de-l-039-habillement-au-sri-lanka","status":"publish","type":"article","link":"https:\/\/admin.industriall-union.org\/fr\/syndicats-et-employeurs-exhortent-les-marques-internationales-a-soutenir-l-039-industrie-de-l-039-habillement-au-sri-lanka\/","title":{"rendered":"Syndicats et employeurs exhortent les marques internationales \u00e0 soutenir l&#039;industrie de l&#039;habillement au Sri Lanka"},"content":{"rendered":"<p>La crise \u00e9conomique continue de frapper le Sri Lanka alors m\u00eame qu&#039;on \u00e9t\u00e9 nomm\u00e9s un nouveau pr\u00e9sident, un premier ministre et un cabinet par int\u00e9rim. Des r\u00e9serves de devises \u00e9trang\u00e8res au plus bas ont caus\u00e9 une mont\u00e9e en fl\u00e8che de l&#039;inflation, qui a bondi de pr\u00e8s de 60 pour cent au seul mois de juillet. L&#039;augmentation du co\u00fbt de la vie a aggrav\u00e9 la situation de la population active.<\/p><p>Dans une lettre commune, les affili\u00e9s sri-lankais d&#039;IndustriALL, le Free Trade Zones and General Services Employees Union (FTZGSEU), le National Union of Metal and Migrant Workers in Sri Lanka (NUMMS), le Sri Lanka Nidahas Sewaka Sangamaya (SLNSS) et le Ceylon Industrial Workers Union (United Federation of Labour) et l&#039;organisation fa\u00eeti\u00e8re des organisations de l&#039;industrie du v\u00eatement au Sri Lanka, la Joint Apparel Association Forum (JAAF), appellent les grandes enseignes mondiales du v\u00eatement \u00e0 continuer de passer des commandes aupr\u00e8s des ateliers du Sri Lanka afin de maintenir l&#039;\u00e9conomie \u00e0 flot.<\/p><p>La confection est une source importante de devises \u00e9trang\u00e8res pour le pays. Les affili\u00e9s sri-lankais et la JAAF craignent que, si ces marques arr\u00eatent de commander ou commandent moins par crainte de la crise \u00e9conomique, l&#039;\u00e9conomie en souffre encore davantage.<\/p><p>Apoorva Kaiwar, la secr\u00e9taire r\u00e9gionale d&#039;IndustriALL pour l&#039;Asie du Sud, a d\u00e9clar\u00e9 :<\/p><blockquote><p>&quot;Il est important que les marques mondiales accordent leur soutien \u00e0 l&#039;industrie du v\u00eatement du Sri Lanka en ces temps difficiles. Elles doivent faire en sorte que les travailleurs de leurs cha\u00eenes d&#039;approvisionnement ne perdent pas leurs emplois \u00e0 cause d&#039;annulations de commandes.&quot;<\/p><\/blockquote><p>Les affili\u00e9s d&#039;IndustriALL et l&#039;organisation des employeurs ont assur\u00e9 ces marques de leur coop\u00e9ration pour r\u00e9pondre aux commandes qui sont pass\u00e9es aupr\u00e8s de fabricants au Sri Lanka. Ils ont aussi t\u00e9moign\u00e9 de leur d\u00e9termination \u00e0 assurer de bonnes relations sociales dans l&#039;industrie en \u00e9voquant le M\u00e9morandum d&#039;accord qu&#039;ont r\u00e9cemment sign\u00e9 les employeurs et trois affili\u00e9s d&#039;IndustriALL s&#039;agissant de la libert\u00e9 d&#039;association et d&#039;un m\u00e9canisme paritaire de r\u00e8glement des conflits.<\/p><p>En r\u00e9ponse \u00e0 cette lettre commune, le g\u00e9ant su\u00e9dois de la mode H&amp;M s&#039;est dit d\u00e9cid\u00e9 \u00e0 maintenir ses liens avec ses fournisseurs au Sri Lanka. Dans un autre courrier, l&#039; American Apparel and Footwear Association (AAFA) a donn\u00e9 les m\u00eames assurances.&nbsp;&nbsp;<\/p>","protected":false},"featured_media":0,"template":"","issues":[416,420],"companies":[],"regions":[189],"sectors":[464],"article_tags":[],"class_list":["post-143662","article","type-article","status-publish","hentry","issues-living-wage","issues-solidarity","regions-sri-lanka","sectors-textile-leather-garment-shoes-and-textile-services"],"acf":[],"yoast_head":"<!-- This site is optimized with the Yoast SEO Premium plugin v27.1 (Yoast SEO v27.1) - https:\/\/yoast.com\/product\/yoast-seo-premium-wordpress\/ -->\n<title>Syndicats et employeurs exhortent les marques internationales \u00e0 soutenir l&#039;industrie de l&#039;habillement au Sri Lanka - industriall-union<\/title>\n<meta name=\"description\" content=\"La crise \u00e9conomique continue de frapper le Sri Lanka alors m\u00eame qu&#039;on \u00e9t\u00e9 nomm\u00e9s un nouveau pr\u00e9sident, un premier ministre et un cabinet par int\u00e9rim.\" \/>\n<meta name=\"robots\" content=\"index, follow, max-snippet:-1, max-image-preview:large, max-video-preview:-1\" \/>\n<link rel=\"canonical\" href=\"https:\/\/admin.industriall-union.org\/fr\/syndicats-et-employeurs-exhortent-les-marques-internationales-a-soutenir-l-039-industrie-de-l-039-habillement-au-sri-lanka\/\" \/>\n<meta property=\"og:locale\" content=\"fr_FR\" \/>\n<meta property=\"og:type\" content=\"article\" \/>\n<meta property=\"og:title\" content=\"Syndicats et employeurs exhortent les marques internationales \u00e0 soutenir l&#039;industrie de l&#039;habillement au Sri Lanka\" \/>\n<meta property=\"og:description\" content=\"La crise \u00e9conomique continue de frapper le Sri Lanka alors m\u00eame qu&#039;on \u00e9t\u00e9 nomm\u00e9s un nouveau pr\u00e9sident, un premier ministre et un cabinet par int\u00e9rim.\" \/>\n<meta property=\"og:url\" content=\"https:\/\/admin.industriall-union.org\/fr\/syndicats-et-employeurs-exhortent-les-marques-internationales-a-soutenir-l-039-industrie-de-l-039-habillement-au-sri-lanka\/\" \/>\n<meta property=\"og:site_name\" content=\"industriall-union\" \/>\n<meta property=\"article:modified_time\" content=\"2025-01-28T01:21:39+00:00\" \/>\n<meta name=\"twitter:card\" content=\"summary_large_image\" \/>\n<meta name=\"twitter:label1\" content=\"Est. reading time\" \/>\n\t<meta name=\"twitter:data1\" content=\"2 minutes\" \/>\n<script type=\"application\/ld+json\" class=\"yoast-schema-graph\">{\"@context\":\"https:\/\/schema.org\",\"@graph\":[{\"@type\":\"WebPage\",\"@id\":\"https:\/\/admin.industriall-union.org\/fr\/syndicats-et-employeurs-exhortent-les-marques-internationales-a-soutenir-l-039-industrie-de-l-039-habillement-au-sri-lanka\/\",\"url\":\"https:\/\/admin.industriall-union.org\/fr\/syndicats-et-employeurs-exhortent-les-marques-internationales-a-soutenir-l-039-industrie-de-l-039-habillement-au-sri-lanka\/\",\"name\":\"Syndicats et employeurs exhortent les marques internationales \u00e0 soutenir l&#039;industrie de l&#039;habillement au Sri Lanka - industriall-union\",\"isPartOf\":{\"@id\":\"https:\/\/admin.industriall-union.org\/#website\"},\"datePublished\":\"2022-08-17T10:36:26+00:00\",\"dateModified\":\"2025-01-28T01:21:39+00:00\",\"description\":\"La crise \u00e9conomique continue de frapper le Sri Lanka alors m\u00eame qu&#039;on \u00e9t\u00e9 nomm\u00e9s un nouveau pr\u00e9sident, un premier ministre et un cabinet par int\u00e9rim.\",\"breadcrumb\":{\"@id\":\"https:\/\/admin.industriall-union.org\/fr\/syndicats-et-employeurs-exhortent-les-marques-internationales-a-soutenir-l-039-industrie-de-l-039-habillement-au-sri-lanka\/#breadcrumb\"},\"inLanguage\":\"fr-FR\",\"potentialAction\":[{\"@type\":\"ReadAction\",\"target\":[\"https:\/\/admin.industriall-union.org\/fr\/syndicats-et-employeurs-exhortent-les-marques-internationales-a-soutenir-l-039-industrie-de-l-039-habillement-au-sri-lanka\/\"]}]},{\"@type\":\"BreadcrumbList\",\"@id\":\"https:\/\/admin.industriall-union.org\/fr\/syndicats-et-employeurs-exhortent-les-marques-internationales-a-soutenir-l-039-industrie-de-l-039-habillement-au-sri-lanka\/#breadcrumb\",\"itemListElement\":[{\"@type\":\"ListItem\",\"position\":1,\"name\":\"Home\",\"item\":\"https:\/\/admin.industriall-union.org\/\"},{\"@type\":\"ListItem\",\"position\":2,\"name\":\"Articles\",\"item\":\"https:\/\/admin.industriall-union.org\/article\/\"},{\"@type\":\"ListItem\",\"position\":3,\"name\":\"Syndicats et employeurs exhortent les marques internationales \u00e0 soutenir l&#039;industrie de l&#039;habillement au Sri Lanka\"}]},{\"@type\":\"WebSite\",\"@id\":\"https:\/\/admin.industriall-union.org\/#website\",\"url\":\"https:\/\/admin.industriall-union.org\/\",\"name\":\"industriall-union\",\"description\":\"\",\"potentialAction\":[{\"@type\":\"SearchAction\",\"target\":{\"@type\":\"EntryPoint\",\"urlTemplate\":\"https:\/\/admin.industriall-union.org\/?s={search_term_string}\"},\"query-input\":{\"@type\":\"PropertyValueSpecification\",\"valueRequired\":true,\"valueName\":\"search_term_string\"}}],\"inLanguage\":\"fr-FR\"}]}<\/script>\n<!-- \/ Yoast SEO Premium plugin. -->","yoast_head_json":{"title":"Syndicats et employeurs exhortent les marques internationales \u00e0 soutenir l&#039;industrie de l&#039;habillement au Sri Lanka - industriall-union","description":"La crise \u00e9conomique continue de frapper le Sri Lanka alors m\u00eame qu&#039;on \u00e9t\u00e9 nomm\u00e9s un nouveau pr\u00e9sident, un premier ministre et un cabinet par int\u00e9rim.","robots":{"index":"index","follow":"follow","max-snippet":"max-snippet:-1","max-image-preview":"max-image-preview:large","max-video-preview":"max-video-preview:-1"},"canonical":"https:\/\/admin.industriall-union.org\/fr\/syndicats-et-employeurs-exhortent-les-marques-internationales-a-soutenir-l-039-industrie-de-l-039-habillement-au-sri-lanka\/","og_locale":"fr_FR","og_type":"article","og_title":"Syndicats et employeurs exhortent les marques internationales \u00e0 soutenir l&#039;industrie de l&#039;habillement au Sri Lanka","og_description":"La crise \u00e9conomique continue de frapper le Sri Lanka alors m\u00eame qu&#039;on \u00e9t\u00e9 nomm\u00e9s un nouveau pr\u00e9sident, un premier ministre et un cabinet par int\u00e9rim.","og_url":"https:\/\/admin.industriall-union.org\/fr\/syndicats-et-employeurs-exhortent-les-marques-internationales-a-soutenir-l-039-industrie-de-l-039-habillement-au-sri-lanka\/","og_site_name":"industriall-union","article_modified_time":"2025-01-28T01:21:39+00:00","twitter_card":"summary_large_image","twitter_misc":{"Est. reading time":"2 minutes"},"schema":{"@context":"https:\/\/schema.org","@graph":[{"@type":"WebPage","@id":"https:\/\/admin.industriall-union.org\/fr\/syndicats-et-employeurs-exhortent-les-marques-internationales-a-soutenir-l-039-industrie-de-l-039-habillement-au-sri-lanka\/","url":"https:\/\/admin.industriall-union.org\/fr\/syndicats-et-employeurs-exhortent-les-marques-internationales-a-soutenir-l-039-industrie-de-l-039-habillement-au-sri-lanka\/","name":"Syndicats et employeurs exhortent les marques internationales \u00e0 soutenir l&#039;industrie de l&#039;habillement au Sri Lanka - industriall-union","isPartOf":{"@id":"https:\/\/admin.industriall-union.org\/#website"},"datePublished":"2022-08-17T10:36:26+00:00","dateModified":"2025-01-28T01:21:39+00:00","description":"La crise \u00e9conomique continue de frapper le Sri Lanka alors m\u00eame qu&#039;on \u00e9t\u00e9 nomm\u00e9s un nouveau pr\u00e9sident, un premier ministre et un cabinet par int\u00e9rim.","breadcrumb":{"@id":"https:\/\/admin.industriall-union.org\/fr\/syndicats-et-employeurs-exhortent-les-marques-internationales-a-soutenir-l-039-industrie-de-l-039-habillement-au-sri-lanka\/#breadcrumb"},"inLanguage":"fr-FR","potentialAction":[{"@type":"ReadAction","target":["https:\/\/admin.industriall-union.org\/fr\/syndicats-et-employeurs-exhortent-les-marques-internationales-a-soutenir-l-039-industrie-de-l-039-habillement-au-sri-lanka\/"]}]},{"@type":"BreadcrumbList","@id":"https:\/\/admin.industriall-union.org\/fr\/syndicats-et-employeurs-exhortent-les-marques-internationales-a-soutenir-l-039-industrie-de-l-039-habillement-au-sri-lanka\/#breadcrumb","itemListElement":[{"@type":"ListItem","position":1,"name":"Home","item":"https:\/\/admin.industriall-union.org\/"},{"@type":"ListItem","position":2,"name":"Articles","item":"https:\/\/admin.industriall-union.org\/article\/"},{"@type":"ListItem","position":3,"name":"Syndicats et employeurs exhortent les marques internationales \u00e0 soutenir l&#039;industrie de l&#039;habillement au Sri Lanka"}]},{"@type":"WebSite","@id":"https:\/\/admin.industriall-union.org\/#website","url":"https:\/\/admin.industriall-union.org\/","name":"industriall-union","description":"","potentialAction":[{"@type":"SearchAction","target":{"@type":"EntryPoint","urlTemplate":"https:\/\/admin.industriall-union.org\/?s={search_term_string}"},"query-input":{"@type":"PropertyValueSpecification","valueRequired":true,"valueName":"search_term_string"}}],"inLanguage":"fr-FR"}]}},"_links":{"self":[{"href":"https:\/\/admin.industriall-union.org\/fr\/wp-json\/wp\/v2\/article\/143662","targetHints":{"allow":["GET"]}}],"collection":[{"href":"https:\/\/admin.industriall-union.org\/fr\/wp-json\/wp\/v2\/article"}],"about":[{"href":"https:\/\/admin.industriall-union.org\/fr\/wp-json\/wp\/v2\/types\/article"}],"wp:attachment":[{"href":"https:\/\/admin.industriall-union.org\/fr\/wp-json\/wp\/v2\/media?parent=143662"}],"wp:term":[{"taxonomy":"issues","embeddable":true,"href":"https:\/\/admin.industriall-union.org\/fr\/wp-json\/wp\/v2\/issues?post=143662"},{"taxonomy":"companies","embeddable":true,"href":"https:\/\/admin.industriall-union.org\/fr\/wp-json\/wp\/v2\/companies?post=143662"},{"taxonomy":"regions","embeddable":true,"href":"https:\/\/admin.industriall-union.org\/fr\/wp-json\/wp\/v2\/regions?post=143662"},{"taxonomy":"sectors","embeddable":true,"href":"https:\/\/admin.industriall-union.org\/fr\/wp-json\/wp\/v2\/sectors?post=143662"},{"taxonomy":"article_tags","embeddable":true,"href":"https:\/\/admin.industriall-union.org\/fr\/wp-json\/wp\/v2\/article_tags?post=143662"}],"curies":[{"name":"wp","href":"https:\/\/api.w.org\/{rel}","templated":true}]}}