{"id":143507,"date":"2022-11-01T12:17:17","date_gmt":"2022-11-01T12:17:17","guid":{"rendered":"https:\/\/admin.industriall-union.org\/l-entreprise-indonesienne-de-confection-reintegre-une-dirigeante-syndicale\/"},"modified":"2025-01-27T23:52:56","modified_gmt":"2025-01-27T23:52:56","slug":"l-entreprise-indonesienne-de-confection-reintegre-une-dirigeante-syndicale","status":"publish","type":"article","link":"https:\/\/admin.industriall-union.org\/fr\/l-entreprise-indonesienne-de-confection-reintegre-une-dirigeante-syndicale\/","title":{"rendered":"L\u2019entreprise indon\u00e9sienne de confection r\u00e9int\u00e8gre une dirigeante syndicale"},"content":{"rendered":"<p>Apr\u00e8s trois lettres d&rsquo;avertissement, Rahmawati a \u00e9t\u00e9 licenci\u00e9e le 18 mai, apr\u00e8s 16 ans de service. Garteks a critiqu\u00e9 la multinationale de la confection pour ses pratiques antisyndicales et a d\u00e9pos\u00e9 une plainte aupr\u00e8s du Bureau du Travail de Jakarta Nord.<\/p><p>En ao\u00fbt, le m\u00e9diateur des relations sociales a d\u00e9clar\u00e9 que PT Tainan avait viol\u00e9 la r\u00e9glementation sur la main-d&rsquo;\u0153uvre ainsi que la convention collective. Il a d\u00e9cid\u00e9 que l&rsquo;entreprise devait r\u00e9int\u00e9grer Rahmawati \u00e0 son poste d&rsquo;origine avec des arri\u00e9r\u00e9s de salaire.<\/p><p>\u00c0 la suite des interventions d&rsquo;IndustriALL Global Union et de l&rsquo;enseigne am\u00e9ricaine Jcrew, qui s&rsquo;approvisionne aupr\u00e8s de PT Tainan, l&rsquo;entreprise a sign\u00e9 un accord de r\u00e8glement avec Garteks en vertu duquel Rahmawati est r\u00e9int\u00e9gr\u00e9e \u00e0 son poste initial au 1er novembre.<\/p><p>En outre, l&rsquo;entreprise a promis de respecter la libert\u00e9 syndicale de ses travailleurs et travailleuses et de mettre fin \u00e0 la violence sexiste.<\/p><p>&ldquo;Nous remercions IndustriALL d&rsquo;avoir soutenu la lutte pour parvenir \u00e0 un accord. Et merci \u00e0 Jcrew et PT Tainan de s&rsquo;\u00eatre joints \u00e0 un dialogue social qui a permis d&rsquo;arriver \u00e0 un r\u00e9sultat satisfaisant,&rdquo; a d\u00e9clar\u00e9 Trisnur Priyanto, Secr\u00e9taire g\u00e9n\u00e9ral de Garteks.<\/p><p>Trois dirigeants syndicaux ont \u00e9t\u00e9 licenci\u00e9s par PT Tainan en ao\u00fbt 2021, peu apr\u00e8s la cr\u00e9ation du syndicat local. \u00c0 l&rsquo;\u00e9poque, ces personnes ont sign\u00e9 un accord de r\u00e8glement avec l&rsquo;employeur, acceptant le licenciement \u00e0 condition que l&rsquo;entreprise cesse d&rsquo;interf\u00e9rer avec le droit \u00e0 la syndicalisation des membres de Garteks.<br \/><br \/>&ldquo;Nous nous f\u00e9licitons de la r\u00e9int\u00e9gration de Rahmawati et saisissons l&rsquo;occasion pour rappeler que PT Tainan doit permettre aux travailleurs et travailleuses de se syndiquer librement. Cela concerne la r\u00e9int\u00e9gration de tous les dirigeants syndicaux licenci\u00e9s parmi ses effectifs,&rdquo; a indiqu\u00e9 Christina Hajagos-Clausen, Directrice d&rsquo;IndustriALL pour l&rsquo;industrie textile.<\/p>","protected":false},"featured_media":0,"template":"","issues":[398,425],"companies":[],"regions":[167],"sectors":[464],"article_tags":[],"class_list":["post-143507","article","type-article","status-publish","hentry","issues-union-win","issues-workers-rights","regions-indonesia","sectors-textile-leather-garment-shoes-and-textile-services"],"acf":[],"yoast_head":"<!-- This site is optimized with the Yoast SEO Premium plugin v27.1 (Yoast SEO v27.1) - https:\/\/yoast.com\/product\/yoast-seo-premium-wordpress\/ -->\n<title>L\u2019entreprise indon\u00e9sienne de confection r\u00e9int\u00e8gre une dirigeante syndicale - industriall-union<\/title>\n<meta name=\"description\" content=\"Apr\u00e8s trois lettres d&rsquo;avertissement, Rahmawati a \u00e9t\u00e9 licenci\u00e9e le 18 mai, apr\u00e8s 16 ans de service. Garteks a critiqu\u00e9 la multinationale de la\" \/>\n<meta name=\"robots\" content=\"index, follow, max-snippet:-1, max-image-preview:large, max-video-preview:-1\" \/>\n<link rel=\"canonical\" href=\"https:\/\/admin.industriall-union.org\/fr\/l-entreprise-indonesienne-de-confection-reintegre-une-dirigeante-syndicale\/\" \/>\n<meta property=\"og:locale\" content=\"fr_FR\" \/>\n<meta property=\"og:type\" content=\"article\" \/>\n<meta property=\"og:title\" content=\"L\u2019entreprise indon\u00e9sienne de confection r\u00e9int\u00e8gre une dirigeante syndicale\" \/>\n<meta property=\"og:description\" content=\"Apr\u00e8s trois lettres d&rsquo;avertissement, Rahmawati a \u00e9t\u00e9 licenci\u00e9e le 18 mai, apr\u00e8s 16 ans de service. Garteks a critiqu\u00e9 la multinationale de la\" \/>\n<meta property=\"og:url\" content=\"https:\/\/admin.industriall-union.org\/fr\/l-entreprise-indonesienne-de-confection-reintegre-une-dirigeante-syndicale\/\" \/>\n<meta property=\"og:site_name\" content=\"industriall-union\" \/>\n<meta property=\"article:modified_time\" content=\"2025-01-27T23:52:56+00:00\" \/>\n<meta name=\"twitter:card\" content=\"summary_large_image\" \/>\n<meta name=\"twitter:label1\" content=\"Est. reading time\" \/>\n\t<meta name=\"twitter:data1\" content=\"2 minutes\" \/>\n<script type=\"application\/ld+json\" class=\"yoast-schema-graph\">{\"@context\":\"https:\/\/schema.org\",\"@graph\":[{\"@type\":\"WebPage\",\"@id\":\"https:\/\/admin.industriall-union.org\/fr\/l-entreprise-indonesienne-de-confection-reintegre-une-dirigeante-syndicale\/\",\"url\":\"https:\/\/admin.industriall-union.org\/fr\/l-entreprise-indonesienne-de-confection-reintegre-une-dirigeante-syndicale\/\",\"name\":\"L\u2019entreprise indon\u00e9sienne de confection r\u00e9int\u00e8gre une dirigeante syndicale - industriall-union\",\"isPartOf\":{\"@id\":\"https:\/\/admin.industriall-union.org\/#website\"},\"datePublished\":\"2022-11-01T12:17:17+00:00\",\"dateModified\":\"2025-01-27T23:52:56+00:00\",\"description\":\"Apr\u00e8s trois lettres d&rsquo;avertissement, Rahmawati a \u00e9t\u00e9 licenci\u00e9e le 18 mai, apr\u00e8s 16 ans de service. Garteks a critiqu\u00e9 la multinationale de la\",\"breadcrumb\":{\"@id\":\"https:\/\/admin.industriall-union.org\/fr\/l-entreprise-indonesienne-de-confection-reintegre-une-dirigeante-syndicale\/#breadcrumb\"},\"inLanguage\":\"fr-FR\",\"potentialAction\":[{\"@type\":\"ReadAction\",\"target\":[\"https:\/\/admin.industriall-union.org\/fr\/l-entreprise-indonesienne-de-confection-reintegre-une-dirigeante-syndicale\/\"]}]},{\"@type\":\"BreadcrumbList\",\"@id\":\"https:\/\/admin.industriall-union.org\/fr\/l-entreprise-indonesienne-de-confection-reintegre-une-dirigeante-syndicale\/#breadcrumb\",\"itemListElement\":[{\"@type\":\"ListItem\",\"position\":1,\"name\":\"Home\",\"item\":\"https:\/\/admin.industriall-union.org\/\"},{\"@type\":\"ListItem\",\"position\":2,\"name\":\"Articles\",\"item\":\"https:\/\/admin.industriall-union.org\/article\/\"},{\"@type\":\"ListItem\",\"position\":3,\"name\":\"L\u2019entreprise indon\u00e9sienne de confection r\u00e9int\u00e8gre une dirigeante syndicale\"}]},{\"@type\":\"WebSite\",\"@id\":\"https:\/\/admin.industriall-union.org\/#website\",\"url\":\"https:\/\/admin.industriall-union.org\/\",\"name\":\"industriall-union\",\"description\":\"\",\"potentialAction\":[{\"@type\":\"SearchAction\",\"target\":{\"@type\":\"EntryPoint\",\"urlTemplate\":\"https:\/\/admin.industriall-union.org\/?s={search_term_string}\"},\"query-input\":{\"@type\":\"PropertyValueSpecification\",\"valueRequired\":true,\"valueName\":\"search_term_string\"}}],\"inLanguage\":\"fr-FR\"}]}<\/script>\n<!-- \/ Yoast SEO Premium plugin. -->","yoast_head_json":{"title":"L\u2019entreprise indon\u00e9sienne de confection r\u00e9int\u00e8gre une dirigeante syndicale - industriall-union","description":"Apr\u00e8s trois lettres d&rsquo;avertissement, Rahmawati a \u00e9t\u00e9 licenci\u00e9e le 18 mai, apr\u00e8s 16 ans de service. Garteks a critiqu\u00e9 la multinationale de la","robots":{"index":"index","follow":"follow","max-snippet":"max-snippet:-1","max-image-preview":"max-image-preview:large","max-video-preview":"max-video-preview:-1"},"canonical":"https:\/\/admin.industriall-union.org\/fr\/l-entreprise-indonesienne-de-confection-reintegre-une-dirigeante-syndicale\/","og_locale":"fr_FR","og_type":"article","og_title":"L\u2019entreprise indon\u00e9sienne de confection r\u00e9int\u00e8gre une dirigeante syndicale","og_description":"Apr\u00e8s trois lettres d&rsquo;avertissement, Rahmawati a \u00e9t\u00e9 licenci\u00e9e le 18 mai, apr\u00e8s 16 ans de service. Garteks a critiqu\u00e9 la multinationale de la","og_url":"https:\/\/admin.industriall-union.org\/fr\/l-entreprise-indonesienne-de-confection-reintegre-une-dirigeante-syndicale\/","og_site_name":"industriall-union","article_modified_time":"2025-01-27T23:52:56+00:00","twitter_card":"summary_large_image","twitter_misc":{"Est. reading time":"2 minutes"},"schema":{"@context":"https:\/\/schema.org","@graph":[{"@type":"WebPage","@id":"https:\/\/admin.industriall-union.org\/fr\/l-entreprise-indonesienne-de-confection-reintegre-une-dirigeante-syndicale\/","url":"https:\/\/admin.industriall-union.org\/fr\/l-entreprise-indonesienne-de-confection-reintegre-une-dirigeante-syndicale\/","name":"L\u2019entreprise indon\u00e9sienne de confection r\u00e9int\u00e8gre une dirigeante syndicale - industriall-union","isPartOf":{"@id":"https:\/\/admin.industriall-union.org\/#website"},"datePublished":"2022-11-01T12:17:17+00:00","dateModified":"2025-01-27T23:52:56+00:00","description":"Apr\u00e8s trois lettres d&rsquo;avertissement, Rahmawati a \u00e9t\u00e9 licenci\u00e9e le 18 mai, apr\u00e8s 16 ans de service. Garteks a critiqu\u00e9 la multinationale de la","breadcrumb":{"@id":"https:\/\/admin.industriall-union.org\/fr\/l-entreprise-indonesienne-de-confection-reintegre-une-dirigeante-syndicale\/#breadcrumb"},"inLanguage":"fr-FR","potentialAction":[{"@type":"ReadAction","target":["https:\/\/admin.industriall-union.org\/fr\/l-entreprise-indonesienne-de-confection-reintegre-une-dirigeante-syndicale\/"]}]},{"@type":"BreadcrumbList","@id":"https:\/\/admin.industriall-union.org\/fr\/l-entreprise-indonesienne-de-confection-reintegre-une-dirigeante-syndicale\/#breadcrumb","itemListElement":[{"@type":"ListItem","position":1,"name":"Home","item":"https:\/\/admin.industriall-union.org\/"},{"@type":"ListItem","position":2,"name":"Articles","item":"https:\/\/admin.industriall-union.org\/article\/"},{"@type":"ListItem","position":3,"name":"L\u2019entreprise indon\u00e9sienne de confection r\u00e9int\u00e8gre une dirigeante syndicale"}]},{"@type":"WebSite","@id":"https:\/\/admin.industriall-union.org\/#website","url":"https:\/\/admin.industriall-union.org\/","name":"industriall-union","description":"","potentialAction":[{"@type":"SearchAction","target":{"@type":"EntryPoint","urlTemplate":"https:\/\/admin.industriall-union.org\/?s={search_term_string}"},"query-input":{"@type":"PropertyValueSpecification","valueRequired":true,"valueName":"search_term_string"}}],"inLanguage":"fr-FR"}]}},"_links":{"self":[{"href":"https:\/\/admin.industriall-union.org\/fr\/wp-json\/wp\/v2\/article\/143507","targetHints":{"allow":["GET"]}}],"collection":[{"href":"https:\/\/admin.industriall-union.org\/fr\/wp-json\/wp\/v2\/article"}],"about":[{"href":"https:\/\/admin.industriall-union.org\/fr\/wp-json\/wp\/v2\/types\/article"}],"wp:attachment":[{"href":"https:\/\/admin.industriall-union.org\/fr\/wp-json\/wp\/v2\/media?parent=143507"}],"wp:term":[{"taxonomy":"issues","embeddable":true,"href":"https:\/\/admin.industriall-union.org\/fr\/wp-json\/wp\/v2\/issues?post=143507"},{"taxonomy":"companies","embeddable":true,"href":"https:\/\/admin.industriall-union.org\/fr\/wp-json\/wp\/v2\/companies?post=143507"},{"taxonomy":"regions","embeddable":true,"href":"https:\/\/admin.industriall-union.org\/fr\/wp-json\/wp\/v2\/regions?post=143507"},{"taxonomy":"sectors","embeddable":true,"href":"https:\/\/admin.industriall-union.org\/fr\/wp-json\/wp\/v2\/sectors?post=143507"},{"taxonomy":"article_tags","embeddable":true,"href":"https:\/\/admin.industriall-union.org\/fr\/wp-json\/wp\/v2\/article_tags?post=143507"}],"curies":[{"name":"wp","href":"https:\/\/api.w.org\/{rel}","templated":true}]}}