{"id":143495,"date":"2022-11-03T15:15:39","date_gmt":"2022-11-03T15:15:39","guid":{"rendered":"https:\/\/admin.industriall-union.org\/se-preparer-pour-l-industrie-4-0\/"},"modified":"2025-01-27T23:51:03","modified_gmt":"2025-01-27T23:51:03","slug":"se-preparer-pour-l-industrie-4-0","status":"publish","type":"article","link":"https:\/\/admin.industriall-union.org\/fr\/se-preparer-pour-l-industrie-4-0\/","title":{"rendered":"Se pr\u00e9parer pour l\u2019Industrie 4.0"},"content":{"rendered":"<p>Kan Matsuzaki, Secr\u00e9taire g\u00e9n\u00e9ral adjoint d&rsquo;IndustriALL, a ouvert la r\u00e9union en ces termes&nbsp;:<\/p><blockquote><p>&ldquo;Nous analysons notre situation par rapport aux tendances de l&rsquo;Industrie 4.0, pour confirmer nos progr\u00e8s et pour proposer les prochaines \u00e9tapes dans nos activit\u00e9s, y compris la cr\u00e9ation d&rsquo;un groupe d&rsquo;experts qui \u00e9laborera des outils et des technologies pour aider les affili\u00e9s dans cette transition.&rdquo;<\/p><\/blockquote><p>Les participants ont discut\u00e9 de l&rsquo;\u00e9tude pr\u00e9sent\u00e9e par Syndex, le partenaire de recherche d&rsquo;IndustriALL. L&rsquo;implication des affili\u00e9s a permis d&rsquo;\u00e9laborer un \u00e9ventail de contenus et de m\u00e9thodes.<\/p><p>Les d\u00e9l\u00e9gu\u00e9s ont exprim\u00e9 leur incertitude quant \u00e0 la mani\u00e8re de faire face aux changements et de garantir la protection des travailleurs et travailleuses. En outre, l&rsquo;avenir de l&rsquo;emploi suscite de l&rsquo;inqui\u00e9tude. Les affili\u00e9s ont exprim\u00e9 le besoin de collaboration pour d\u00e9velopper des comp\u00e9tences et des outils afin de guider les syndicats et leurs adh\u00e9rents \u00e0 travers une transition d\u00e9j\u00e0 visible, bien que la vitesse varie d&rsquo;un pays et d&rsquo;une entreprise \u00e0 l&rsquo;autre.<\/p><p>\u00c0 l&rsquo;\u00e9chelle mondiale, les d\u00e9fis sont identiques. Il est important d&rsquo;\u00e9laborer des outils et des techniques pour s&rsquo;assurer que les syndicats puissent prendre place \u00e0 la table o\u00f9 se discutent les changements sur le lieu de travail et qu&rsquo;ils soient capables de fa\u00e7onner les changements en fonction de leurs revendications et de leurs besoins ainsi que de ceux de la population active.<\/p><p>Le Directeur d&rsquo;IndustriALL pour l&rsquo;ing\u00e9nierie m\u00e9canique, Matthias Hartwich, a d\u00e9clar\u00e9&nbsp;:<\/p><blockquote><p>&ldquo;Nous devons prendre \u00e0 bras le corps les changements qui accompagnent la num\u00e9risation. Essayer simplement de s&rsquo;en tenir \u00e0 ce que nous avons ne suffira pas. Une fois que les nouvelles technologies et l&rsquo;\u00e9volution des modes de production et de service seront visibles, nous devrons essayer d&rsquo;en tirer le meilleur parti pour les travailleurs et travailleuses. La garantie de l&rsquo;emploi, la reconversion et l&rsquo;am\u00e9lioration des comp\u00e9tences seront les cl\u00e9s d&rsquo;une transition juste \u00e0 laquelle participeront les syndicats et leurs adh\u00e9rents. Les syndicats jouent un r\u00f4le central dans l&rsquo;accompagnement des travailleurs et travailleuses dans ce processus.&rdquo;<\/p><\/blockquote><p>Dans ce contexte, les participants ont \u00e9galement discut\u00e9 des outils, expos\u00e9s et \u00e9tudes existants qu&rsquo;IndustriALL met \u00e0 la disposition de ses affili\u00e9s&nbsp;; vous trouverez plus d&rsquo;informations ici&nbsp;: <a href=\"https:\/\/www.industriall-union.org\/what-we-do\/future-of-work\/industry-40\">Industry 4.0 | IndustriALL (industriall-union.org)<\/a><\/p><p>En conclusion, Kan Matsuzaki a lanc\u00e9 cet appel aux affili\u00e9s&nbsp;:<\/p><blockquote><p>&ldquo;R\u00e9unissons-nous, envoyez vos experts, puis \u00e9laborons des strat\u00e9gies et des outils dans le cadre des objectifs strat\u00e9giques d\u00e9cid\u00e9s lors de notre congr\u00e8s de 2021. Nous avons tous le devoir et l&rsquo;obligation d&rsquo;offrir des conseils aux affili\u00e9s. Je suis convaincu que nous pouvons changer les choses et prouver qu&rsquo;IndustriALL est un partenaire solide et fiable s&rsquo;agissant de r\u00e9aliser une Transition juste pour tous les travailleurs et travailleuses.&rdquo;<\/p><\/blockquote>","protected":false},"featured_media":0,"template":"","issues":[391],"companies":[],"regions":[],"sectors":[],"article_tags":[],"class_list":["post-143495","article","type-article","status-publish","hentry","issues-industry-40"],"acf":[],"yoast_head":"<!-- This site is optimized with the Yoast SEO Premium plugin v27.1 (Yoast SEO v27.1) - https:\/\/yoast.com\/product\/yoast-seo-premium-wordpress\/ -->\n<title>Se pr\u00e9parer pour l\u2019Industrie 4.0 - industriall-union<\/title>\n<meta name=\"description\" content=\"Kan Matsuzaki, Secr\u00e9taire g\u00e9n\u00e9ral adjoint d&rsquo;IndustriALL, a ouvert la r\u00e9union en ces termes&nbsp;:&ldquo;Nous analysons notre situation par rapport\" \/>\n<meta name=\"robots\" content=\"index, follow, max-snippet:-1, max-image-preview:large, max-video-preview:-1\" \/>\n<link rel=\"canonical\" href=\"https:\/\/admin.industriall-union.org\/fr\/se-preparer-pour-l-industrie-4-0\/\" \/>\n<meta property=\"og:locale\" content=\"fr_FR\" \/>\n<meta property=\"og:type\" content=\"article\" \/>\n<meta property=\"og:title\" content=\"Se pr\u00e9parer pour l\u2019Industrie 4.0\" \/>\n<meta property=\"og:description\" content=\"Kan Matsuzaki, Secr\u00e9taire g\u00e9n\u00e9ral adjoint d&rsquo;IndustriALL, a ouvert la r\u00e9union en ces termes&nbsp;:&ldquo;Nous analysons notre situation par rapport\" \/>\n<meta property=\"og:url\" content=\"https:\/\/admin.industriall-union.org\/fr\/se-preparer-pour-l-industrie-4-0\/\" \/>\n<meta property=\"og:site_name\" content=\"industriall-union\" \/>\n<meta property=\"article:modified_time\" content=\"2025-01-27T23:51:03+00:00\" \/>\n<meta name=\"twitter:card\" content=\"summary_large_image\" \/>\n<meta name=\"twitter:label1\" content=\"Est. reading time\" \/>\n\t<meta name=\"twitter:data1\" content=\"3 minutes\" \/>\n<script type=\"application\/ld+json\" class=\"yoast-schema-graph\">{\"@context\":\"https:\/\/schema.org\",\"@graph\":[{\"@type\":\"WebPage\",\"@id\":\"https:\/\/admin.industriall-union.org\/fr\/se-preparer-pour-l-industrie-4-0\/\",\"url\":\"https:\/\/admin.industriall-union.org\/fr\/se-preparer-pour-l-industrie-4-0\/\",\"name\":\"Se pr\u00e9parer pour l\u2019Industrie 4.0 - industriall-union\",\"isPartOf\":{\"@id\":\"https:\/\/admin.industriall-union.org\/#website\"},\"datePublished\":\"2022-11-03T15:15:39+00:00\",\"dateModified\":\"2025-01-27T23:51:03+00:00\",\"description\":\"Kan Matsuzaki, Secr\u00e9taire g\u00e9n\u00e9ral adjoint d&rsquo;IndustriALL, a ouvert la r\u00e9union en ces termes&nbsp;:&ldquo;Nous analysons notre situation par rapport\",\"breadcrumb\":{\"@id\":\"https:\/\/admin.industriall-union.org\/fr\/se-preparer-pour-l-industrie-4-0\/#breadcrumb\"},\"inLanguage\":\"fr-FR\",\"potentialAction\":[{\"@type\":\"ReadAction\",\"target\":[\"https:\/\/admin.industriall-union.org\/fr\/se-preparer-pour-l-industrie-4-0\/\"]}]},{\"@type\":\"BreadcrumbList\",\"@id\":\"https:\/\/admin.industriall-union.org\/fr\/se-preparer-pour-l-industrie-4-0\/#breadcrumb\",\"itemListElement\":[{\"@type\":\"ListItem\",\"position\":1,\"name\":\"Home\",\"item\":\"https:\/\/admin.industriall-union.org\/\"},{\"@type\":\"ListItem\",\"position\":2,\"name\":\"Articles\",\"item\":\"https:\/\/admin.industriall-union.org\/article\/\"},{\"@type\":\"ListItem\",\"position\":3,\"name\":\"Se pr\u00e9parer pour l\u2019Industrie 4.0\"}]},{\"@type\":\"WebSite\",\"@id\":\"https:\/\/admin.industriall-union.org\/#website\",\"url\":\"https:\/\/admin.industriall-union.org\/\",\"name\":\"industriall-union\",\"description\":\"\",\"potentialAction\":[{\"@type\":\"SearchAction\",\"target\":{\"@type\":\"EntryPoint\",\"urlTemplate\":\"https:\/\/admin.industriall-union.org\/?s={search_term_string}\"},\"query-input\":{\"@type\":\"PropertyValueSpecification\",\"valueRequired\":true,\"valueName\":\"search_term_string\"}}],\"inLanguage\":\"fr-FR\"}]}<\/script>\n<!-- \/ Yoast SEO Premium plugin. -->","yoast_head_json":{"title":"Se pr\u00e9parer pour l\u2019Industrie 4.0 - industriall-union","description":"Kan Matsuzaki, Secr\u00e9taire g\u00e9n\u00e9ral adjoint d&rsquo;IndustriALL, a ouvert la r\u00e9union en ces termes&nbsp;:&ldquo;Nous analysons notre situation par rapport","robots":{"index":"index","follow":"follow","max-snippet":"max-snippet:-1","max-image-preview":"max-image-preview:large","max-video-preview":"max-video-preview:-1"},"canonical":"https:\/\/admin.industriall-union.org\/fr\/se-preparer-pour-l-industrie-4-0\/","og_locale":"fr_FR","og_type":"article","og_title":"Se pr\u00e9parer pour l\u2019Industrie 4.0","og_description":"Kan Matsuzaki, Secr\u00e9taire g\u00e9n\u00e9ral adjoint d&rsquo;IndustriALL, a ouvert la r\u00e9union en ces termes&nbsp;:&ldquo;Nous analysons notre situation par rapport","og_url":"https:\/\/admin.industriall-union.org\/fr\/se-preparer-pour-l-industrie-4-0\/","og_site_name":"industriall-union","article_modified_time":"2025-01-27T23:51:03+00:00","twitter_card":"summary_large_image","twitter_misc":{"Est. reading time":"3 minutes"},"schema":{"@context":"https:\/\/schema.org","@graph":[{"@type":"WebPage","@id":"https:\/\/admin.industriall-union.org\/fr\/se-preparer-pour-l-industrie-4-0\/","url":"https:\/\/admin.industriall-union.org\/fr\/se-preparer-pour-l-industrie-4-0\/","name":"Se pr\u00e9parer pour l\u2019Industrie 4.0 - industriall-union","isPartOf":{"@id":"https:\/\/admin.industriall-union.org\/#website"},"datePublished":"2022-11-03T15:15:39+00:00","dateModified":"2025-01-27T23:51:03+00:00","description":"Kan Matsuzaki, Secr\u00e9taire g\u00e9n\u00e9ral adjoint d&rsquo;IndustriALL, a ouvert la r\u00e9union en ces termes&nbsp;:&ldquo;Nous analysons notre situation par rapport","breadcrumb":{"@id":"https:\/\/admin.industriall-union.org\/fr\/se-preparer-pour-l-industrie-4-0\/#breadcrumb"},"inLanguage":"fr-FR","potentialAction":[{"@type":"ReadAction","target":["https:\/\/admin.industriall-union.org\/fr\/se-preparer-pour-l-industrie-4-0\/"]}]},{"@type":"BreadcrumbList","@id":"https:\/\/admin.industriall-union.org\/fr\/se-preparer-pour-l-industrie-4-0\/#breadcrumb","itemListElement":[{"@type":"ListItem","position":1,"name":"Home","item":"https:\/\/admin.industriall-union.org\/"},{"@type":"ListItem","position":2,"name":"Articles","item":"https:\/\/admin.industriall-union.org\/article\/"},{"@type":"ListItem","position":3,"name":"Se pr\u00e9parer pour l\u2019Industrie 4.0"}]},{"@type":"WebSite","@id":"https:\/\/admin.industriall-union.org\/#website","url":"https:\/\/admin.industriall-union.org\/","name":"industriall-union","description":"","potentialAction":[{"@type":"SearchAction","target":{"@type":"EntryPoint","urlTemplate":"https:\/\/admin.industriall-union.org\/?s={search_term_string}"},"query-input":{"@type":"PropertyValueSpecification","valueRequired":true,"valueName":"search_term_string"}}],"inLanguage":"fr-FR"}]}},"_links":{"self":[{"href":"https:\/\/admin.industriall-union.org\/fr\/wp-json\/wp\/v2\/article\/143495","targetHints":{"allow":["GET"]}}],"collection":[{"href":"https:\/\/admin.industriall-union.org\/fr\/wp-json\/wp\/v2\/article"}],"about":[{"href":"https:\/\/admin.industriall-union.org\/fr\/wp-json\/wp\/v2\/types\/article"}],"wp:attachment":[{"href":"https:\/\/admin.industriall-union.org\/fr\/wp-json\/wp\/v2\/media?parent=143495"}],"wp:term":[{"taxonomy":"issues","embeddable":true,"href":"https:\/\/admin.industriall-union.org\/fr\/wp-json\/wp\/v2\/issues?post=143495"},{"taxonomy":"companies","embeddable":true,"href":"https:\/\/admin.industriall-union.org\/fr\/wp-json\/wp\/v2\/companies?post=143495"},{"taxonomy":"regions","embeddable":true,"href":"https:\/\/admin.industriall-union.org\/fr\/wp-json\/wp\/v2\/regions?post=143495"},{"taxonomy":"sectors","embeddable":true,"href":"https:\/\/admin.industriall-union.org\/fr\/wp-json\/wp\/v2\/sectors?post=143495"},{"taxonomy":"article_tags","embeddable":true,"href":"https:\/\/admin.industriall-union.org\/fr\/wp-json\/wp\/v2\/article_tags?post=143495"}],"curies":[{"name":"wp","href":"https:\/\/api.w.org\/{rel}","templated":true}]}}