{"id":143484,"date":"2022-11-17T16:13:23","date_gmt":"2022-11-17T16:13:23","guid":{"rendered":"https:\/\/admin.industriall-union.org\/aucun-accord-en-vue-alors-que-les-negociations-de-la-cop27-entrent-dans-leur-derniere-ligne-droite\/"},"modified":"2025-01-27T23:27:32","modified_gmt":"2025-01-27T23:27:32","slug":"aucun-accord-en-vue-alors-que-les-negociations-de-la-cop27-entrent-dans-leur-derniere-ligne-droite","status":"publish","type":"article","link":"https:\/\/admin.industriall-union.org\/fr\/aucun-accord-en-vue-alors-que-les-negociations-de-la-cop27-entrent-dans-leur-derniere-ligne-droite\/","title":{"rendered":"Aucun accord en vue alors que les n\u00e9gociations de la COP27 entrent dans leur derni\u00e8re ligne droite"},"content":{"rendered":"<p>Au moment de la r\u00e9daction de cet article, la <a href=\"\/wp-content\/resource\/Presidency%20non-paper2%20on%20cover%20decisions.pdf\">premi\u00e8re version des d\u00e9cisions chapeaux<\/a>, les grandes lignes d&rsquo;une d\u00e9claration politique, avait \u00e9t\u00e9 publi\u00e9e, avec de nombreuses lacunes \u00e9videntes signal\u00e9es par l&rsquo;expression &ldquo;\u00e0 compl\u00e9ter&rdquo; dans le texte.<\/p><p>La COP26, qui s&rsquo;est tenue \u00e0 Glasgow l&rsquo;ann\u00e9e derni\u00e8re, a \u00e9t\u00e9 marqu\u00e9e par un certain nombre d&rsquo;annonces importantes&nbsp;: la <a href=\"https:\/\/www.industriall-union.org\/just-transition-declaration-adopted-at-cop26\">d\u00e9claration sur la Transition juste<\/a>, le premier <a href=\"https:\/\/www.industriall-union.org\/unions-uneasy-over-south-african-just-transition-finance-deal-announced-at-cop26\">partenariat pour une transition \u00e9nerg\u00e9tique juste<\/a> et le <a href=\"https:\/\/www.industriall-union.org\/cop26-concludes-with-half-hearted-glasgow-climate-pact\">pacte de Glasgow pour le climat<\/a>, qui appelle les pays \u00e0 soumettre des objectifs am\u00e9lior\u00e9s dans l&rsquo;ann\u00e9e.<\/p><p>Annonc\u00e9e comme une COP de mise en \u0153uvre, la COP27 a vu moins d&rsquo;annonces spectaculaires et s&rsquo;est concentr\u00e9e sur la mise au point des d\u00e9tails des engagements pr\u00e9c\u00e9dents. Les principaux domaines de n\u00e9gociation ont \u00e9t\u00e9 les suivants&nbsp;:<\/p><ul><li>Att\u00e9nuation&nbsp;: r\u00e9duction des \u00e9missions de gaz \u00e0 effet de serre pour limiter le r\u00e9chauffement \u00e0 1,5 degr\u00e9.<\/li><li>Adaptation&nbsp;: adaptation au changement climatique, par exemple en finan\u00e7ant des d\u00e9fenses contre les inondations.<\/li><li>Financement&nbsp;: financer la transition vers le net z\u00e9ro.<\/li><li>Pertes et dommages&nbsp;: indemniser les pays et les communaut\u00e9s pour les pertes climatiques.<\/li><\/ul><p>Sur la plupart de ces mesures, tr\u00e8s peu de progr\u00e8s ont \u00e9t\u00e9 r\u00e9alis\u00e9s. Le monde doit r\u00e9duire ses \u00e9missions de 45 % d&rsquo;ici \u00e0 2030. Actuellement, nous sommes en passe de les augmenter de 10%, et les <a href=\"https:\/\/www.theguardian.com\/environment\/2022\/nov\/10\/carbon-emissions-from-fossil-fuels-will-hit-record-high-in-2022-climate-crisis\">\u00e9missions ont atteint un niveau record<\/a> en 2022. En ce qui concerne le financement, les 100 milliards de dollars par an promis par les pays d\u00e9velopp\u00e9s, d\u00e9j\u00e0 insuffisants, n&rsquo;ont jamais \u00e9t\u00e9 atteints et une grande partie des financements mis \u00e0 disposition l&rsquo;ont \u00e9t\u00e9 sous forme de pr\u00eats.<\/p><p>Il n&rsquo;y a pas non plus d&rsquo;accord sur les pertes et les dommages, le Secr\u00e9taire am\u00e9ricain au climat, John Kerry, ayant annonc\u00e9 que son pays, responsable de 40 % des \u00e9missions, <a href=\"https:\/\/www.eenews.net\/articles\/u-s-isolated-on-loss-and-damage\/\">n&rsquo;acceptera pas de responsabilit\u00e9<\/a>.<\/p><p>Contrairement \u00e0 la COP26, qui s&rsquo;\u00e9tait caract\u00e9ris\u00e9e par une participation dynamique de la soci\u00e9t\u00e9 civile sous la forme d&rsquo;une COP alternative en dehors de la zone verte, la COP27 s&rsquo;est d\u00e9roul\u00e9e dans un contexte de r\u00e9pression, avec de nombreux militants \u00e9gyptiens pour le climat <a href=\"https:\/\/www.hrw.org\/news\/2022\/11\/16\/egypt-detentions-repression-follow-protest-calls\">emprisonn\u00e9s<\/a> et incapables de participer aux d\u00e9bats et des d\u00e9l\u00e9gations espionn\u00e9es par des agents de s\u00e9curit\u00e9. Les syndicats ont d\u00fb faire preuve de prudence pour assurer la s\u00e9curit\u00e9 des r\u00e9unions.<\/p><p>En dehors des sessions pl\u00e9ni\u00e8res o\u00f9 les n\u00e9gociations ont eu lieu, les syndicats se sont concentr\u00e9s sur le lobbying aupr\u00e8s des d\u00e9l\u00e9gations de leurs pays afin d&rsquo;inclure des formulations pro-travailleurs dans les textes, ainsi que sur la garantie d&rsquo;une mise en \u0153uvre pratique. L&rsquo;expression &ldquo;transition juste&rdquo; a \u00e9t\u00e9 r\u00e9cup\u00e9r\u00e9e par de nombreuses parties prenantes, y compris des entreprises et des pays, et utilis\u00e9e pour faire valoir qu&rsquo;elles devraient recevoir une compensation pour la d\u00e9carbonisation.<\/p><p>Les militants syndicaux sont intervenus dans de nombreuses sessions pour insister sur la <a href=\"https:\/\/www.industriall-union.org\/what-we-do\/just-transition\">d\u00e9finition correcte de la Transition juste<\/a> comme \u00e9tant une transition r\u00e9alis\u00e9e par le biais du dialogue social avec les syndicats. La Directrice d&rsquo;IndustriALL pour l&rsquo;\u00e9nergie et la Transition juste, Diana Junquera Curiel, est intervenue dans plusieurs tables rondes pour renforcer ce point.<\/p><p>S&rsquo;exprimant lors d&rsquo;une <a href=\"https:\/\/www.german-climate-pavilion.de\/live-programm\/just-transition-on-the-ground-concrete-examples-of-how-to-shape-the-transition\">table ronde avec Revierwende et la centrale syndicale allemande DGB<\/a>, Diana Junquera a pr\u00e9sent\u00e9 l&rsquo;id\u00e9e d&rsquo;accords mondiaux de transition juste avec les entreprises, supervis\u00e9s par l&rsquo;ONU. Elle s&rsquo;est \u00e9galement exprim\u00e9e lors d&rsquo;une table ronde avec l&#039;<a href=\"https:\/\/www.irena.org\/events\/2022\/Nov\/IRENA-at-COP27\">IRENA<\/a> sur le potentiel de croissance de l&rsquo;emploi dans les \u00e9nergies renouvelables.<\/p><p><\/p><p>Les syndicats ont \u00e9galement suivi de pr\u00e8s l&rsquo;\u00e9volution du Partenariat pour une transition \u00e9nerg\u00e9tique juste sud-africain. La premi\u00e8re phase de ce projet est en cours, avec la fermeture de la centrale de Komati et son remplacement par des \u00e9nergies renouvelables sur le m\u00eame site, sans perte d&rsquo;emplois. Le projet vise \u00e0 r\u00e9duire consid\u00e9rablement les \u00e9missions de l&rsquo;Afrique du Sud en finan\u00e7ant le passage du charbon aux \u00e9nergies renouvelables. Un cadre de transition juste est en place, et IndustriALL suivra de tr\u00e8s pr\u00e8s sa mise en \u0153uvre.<\/p><p>Un Partenariat pour une transition \u00e9nerg\u00e9tique juste de 20 milliards de dollars a \u00e9t\u00e9 sign\u00e9 avec l&rsquo;Indon\u00e9sie lors du G20 \u00e0 Bali cette semaine.<\/p><p>Diana Junquera Curiel a d\u00e9clar\u00e9&nbsp;:<\/p><blockquote><p>&ldquo;Nous allons suivre de tr\u00e8s pr\u00e8s la mise en \u0153uvre de ces Partenariats pour une transition \u00e9nerg\u00e9tique juste, en particulier son premier exemple concret, \u00e0 Komati en Afrique du Sud. Si ce projet est couronn\u00e9 de succ\u00e8s, avec une v\u00e9ritable Transition juste pour tous les travailleurs et travailleuses de la cha\u00eene de valeur, il offrira une voie vers le financement climatique qui fera des \u00e9mules dans le monde entier. S&rsquo;il \u00e9choue, la confiance sera bris\u00e9e et nous serons plus loin que jamais de nos objectifs.<\/p><\/blockquote><blockquote><p>Nous souhaitons r\u00e9unir nos affili\u00e9s indon\u00e9siens et sud-africains afin de partager leurs exp\u00e9riences et leurs strat\u00e9gies pour que les travailleurs et travailleuses ne soient pas laiss\u00e9s pour compte.&rdquo;<\/p><\/blockquote>","protected":false},"featured_media":0,"template":"","issues":[393,361,425],"companies":[],"regions":[291],"sectors":[],"article_tags":[],"class_list":["post-143484","article","type-article","status-publish","hentry","issues-climate-change-just-transition","issues-cop","issues-workers-rights","regions-egypt"],"acf":[],"yoast_head":"<!-- This site is optimized with the Yoast SEO Premium plugin v27.1 (Yoast SEO v27.1) - https:\/\/yoast.com\/product\/yoast-seo-premium-wordpress\/ -->\n<title>Aucun accord en vue alors que les n\u00e9gociations de la COP27 entrent dans leur derni\u00e8re ligne droite - industriall-union<\/title>\n<meta name=\"description\" content=\"Au moment de la r\u00e9daction de cet article, la premi\u00e8re version des d\u00e9cisions chapeaux, les grandes lignes d&rsquo;une d\u00e9claration politique, avait \u00e9t\u00e9\" \/>\n<meta name=\"robots\" content=\"index, follow, max-snippet:-1, max-image-preview:large, max-video-preview:-1\" \/>\n<link rel=\"canonical\" href=\"https:\/\/admin.industriall-union.org\/fr\/aucun-accord-en-vue-alors-que-les-negociations-de-la-cop27-entrent-dans-leur-derniere-ligne-droite\/\" \/>\n<meta property=\"og:locale\" content=\"fr_FR\" \/>\n<meta property=\"og:type\" content=\"article\" \/>\n<meta property=\"og:title\" content=\"Aucun accord en vue alors que les n\u00e9gociations de la COP27 entrent dans leur derni\u00e8re ligne droite\" \/>\n<meta property=\"og:description\" content=\"Au moment de la r\u00e9daction de cet article, la premi\u00e8re version des d\u00e9cisions chapeaux, les grandes lignes d&rsquo;une d\u00e9claration politique, avait \u00e9t\u00e9\" \/>\n<meta property=\"og:url\" content=\"https:\/\/admin.industriall-union.org\/fr\/aucun-accord-en-vue-alors-que-les-negociations-de-la-cop27-entrent-dans-leur-derniere-ligne-droite\/\" \/>\n<meta property=\"og:site_name\" content=\"industriall-union\" \/>\n<meta property=\"article:modified_time\" content=\"2025-01-27T23:27:32+00:00\" \/>\n<meta name=\"twitter:card\" content=\"summary_large_image\" \/>\n<meta name=\"twitter:label1\" content=\"Est. reading time\" \/>\n\t<meta name=\"twitter:data1\" content=\"5 minutes\" \/>\n<script type=\"application\/ld+json\" class=\"yoast-schema-graph\">{\"@context\":\"https:\/\/schema.org\",\"@graph\":[{\"@type\":\"WebPage\",\"@id\":\"https:\/\/admin.industriall-union.org\/fr\/aucun-accord-en-vue-alors-que-les-negociations-de-la-cop27-entrent-dans-leur-derniere-ligne-droite\/\",\"url\":\"https:\/\/admin.industriall-union.org\/fr\/aucun-accord-en-vue-alors-que-les-negociations-de-la-cop27-entrent-dans-leur-derniere-ligne-droite\/\",\"name\":\"Aucun accord en vue alors que les n\u00e9gociations de la COP27 entrent dans leur derni\u00e8re ligne droite - industriall-union\",\"isPartOf\":{\"@id\":\"https:\/\/admin.industriall-union.org\/#website\"},\"datePublished\":\"2022-11-17T16:13:23+00:00\",\"dateModified\":\"2025-01-27T23:27:32+00:00\",\"description\":\"Au moment de la r\u00e9daction de cet article, la premi\u00e8re version des d\u00e9cisions chapeaux, les grandes lignes d&rsquo;une d\u00e9claration politique, avait \u00e9t\u00e9\",\"breadcrumb\":{\"@id\":\"https:\/\/admin.industriall-union.org\/fr\/aucun-accord-en-vue-alors-que-les-negociations-de-la-cop27-entrent-dans-leur-derniere-ligne-droite\/#breadcrumb\"},\"inLanguage\":\"fr-FR\",\"potentialAction\":[{\"@type\":\"ReadAction\",\"target\":[\"https:\/\/admin.industriall-union.org\/fr\/aucun-accord-en-vue-alors-que-les-negociations-de-la-cop27-entrent-dans-leur-derniere-ligne-droite\/\"]}]},{\"@type\":\"BreadcrumbList\",\"@id\":\"https:\/\/admin.industriall-union.org\/fr\/aucun-accord-en-vue-alors-que-les-negociations-de-la-cop27-entrent-dans-leur-derniere-ligne-droite\/#breadcrumb\",\"itemListElement\":[{\"@type\":\"ListItem\",\"position\":1,\"name\":\"Home\",\"item\":\"https:\/\/admin.industriall-union.org\/\"},{\"@type\":\"ListItem\",\"position\":2,\"name\":\"Articles\",\"item\":\"https:\/\/admin.industriall-union.org\/article\/\"},{\"@type\":\"ListItem\",\"position\":3,\"name\":\"Aucun accord en vue alors que les n\u00e9gociations de la COP27 entrent dans leur derni\u00e8re ligne droite\"}]},{\"@type\":\"WebSite\",\"@id\":\"https:\/\/admin.industriall-union.org\/#website\",\"url\":\"https:\/\/admin.industriall-union.org\/\",\"name\":\"industriall-union\",\"description\":\"\",\"potentialAction\":[{\"@type\":\"SearchAction\",\"target\":{\"@type\":\"EntryPoint\",\"urlTemplate\":\"https:\/\/admin.industriall-union.org\/?s={search_term_string}\"},\"query-input\":{\"@type\":\"PropertyValueSpecification\",\"valueRequired\":true,\"valueName\":\"search_term_string\"}}],\"inLanguage\":\"fr-FR\"}]}<\/script>\n<!-- \/ Yoast SEO Premium plugin. -->","yoast_head_json":{"title":"Aucun accord en vue alors que les n\u00e9gociations de la COP27 entrent dans leur derni\u00e8re ligne droite - industriall-union","description":"Au moment de la r\u00e9daction de cet article, la premi\u00e8re version des d\u00e9cisions chapeaux, les grandes lignes d&rsquo;une d\u00e9claration politique, avait \u00e9t\u00e9","robots":{"index":"index","follow":"follow","max-snippet":"max-snippet:-1","max-image-preview":"max-image-preview:large","max-video-preview":"max-video-preview:-1"},"canonical":"https:\/\/admin.industriall-union.org\/fr\/aucun-accord-en-vue-alors-que-les-negociations-de-la-cop27-entrent-dans-leur-derniere-ligne-droite\/","og_locale":"fr_FR","og_type":"article","og_title":"Aucun accord en vue alors que les n\u00e9gociations de la COP27 entrent dans leur derni\u00e8re ligne droite","og_description":"Au moment de la r\u00e9daction de cet article, la premi\u00e8re version des d\u00e9cisions chapeaux, les grandes lignes d&rsquo;une d\u00e9claration politique, avait \u00e9t\u00e9","og_url":"https:\/\/admin.industriall-union.org\/fr\/aucun-accord-en-vue-alors-que-les-negociations-de-la-cop27-entrent-dans-leur-derniere-ligne-droite\/","og_site_name":"industriall-union","article_modified_time":"2025-01-27T23:27:32+00:00","twitter_card":"summary_large_image","twitter_misc":{"Est. reading time":"5 minutes"},"schema":{"@context":"https:\/\/schema.org","@graph":[{"@type":"WebPage","@id":"https:\/\/admin.industriall-union.org\/fr\/aucun-accord-en-vue-alors-que-les-negociations-de-la-cop27-entrent-dans-leur-derniere-ligne-droite\/","url":"https:\/\/admin.industriall-union.org\/fr\/aucun-accord-en-vue-alors-que-les-negociations-de-la-cop27-entrent-dans-leur-derniere-ligne-droite\/","name":"Aucun accord en vue alors que les n\u00e9gociations de la COP27 entrent dans leur derni\u00e8re ligne droite - industriall-union","isPartOf":{"@id":"https:\/\/admin.industriall-union.org\/#website"},"datePublished":"2022-11-17T16:13:23+00:00","dateModified":"2025-01-27T23:27:32+00:00","description":"Au moment de la r\u00e9daction de cet article, la premi\u00e8re version des d\u00e9cisions chapeaux, les grandes lignes d&rsquo;une d\u00e9claration politique, avait \u00e9t\u00e9","breadcrumb":{"@id":"https:\/\/admin.industriall-union.org\/fr\/aucun-accord-en-vue-alors-que-les-negociations-de-la-cop27-entrent-dans-leur-derniere-ligne-droite\/#breadcrumb"},"inLanguage":"fr-FR","potentialAction":[{"@type":"ReadAction","target":["https:\/\/admin.industriall-union.org\/fr\/aucun-accord-en-vue-alors-que-les-negociations-de-la-cop27-entrent-dans-leur-derniere-ligne-droite\/"]}]},{"@type":"BreadcrumbList","@id":"https:\/\/admin.industriall-union.org\/fr\/aucun-accord-en-vue-alors-que-les-negociations-de-la-cop27-entrent-dans-leur-derniere-ligne-droite\/#breadcrumb","itemListElement":[{"@type":"ListItem","position":1,"name":"Home","item":"https:\/\/admin.industriall-union.org\/"},{"@type":"ListItem","position":2,"name":"Articles","item":"https:\/\/admin.industriall-union.org\/article\/"},{"@type":"ListItem","position":3,"name":"Aucun accord en vue alors que les n\u00e9gociations de la COP27 entrent dans leur derni\u00e8re ligne droite"}]},{"@type":"WebSite","@id":"https:\/\/admin.industriall-union.org\/#website","url":"https:\/\/admin.industriall-union.org\/","name":"industriall-union","description":"","potentialAction":[{"@type":"SearchAction","target":{"@type":"EntryPoint","urlTemplate":"https:\/\/admin.industriall-union.org\/?s={search_term_string}"},"query-input":{"@type":"PropertyValueSpecification","valueRequired":true,"valueName":"search_term_string"}}],"inLanguage":"fr-FR"}]}},"_links":{"self":[{"href":"https:\/\/admin.industriall-union.org\/fr\/wp-json\/wp\/v2\/article\/143484","targetHints":{"allow":["GET"]}}],"collection":[{"href":"https:\/\/admin.industriall-union.org\/fr\/wp-json\/wp\/v2\/article"}],"about":[{"href":"https:\/\/admin.industriall-union.org\/fr\/wp-json\/wp\/v2\/types\/article"}],"wp:attachment":[{"href":"https:\/\/admin.industriall-union.org\/fr\/wp-json\/wp\/v2\/media?parent=143484"}],"wp:term":[{"taxonomy":"issues","embeddable":true,"href":"https:\/\/admin.industriall-union.org\/fr\/wp-json\/wp\/v2\/issues?post=143484"},{"taxonomy":"companies","embeddable":true,"href":"https:\/\/admin.industriall-union.org\/fr\/wp-json\/wp\/v2\/companies?post=143484"},{"taxonomy":"regions","embeddable":true,"href":"https:\/\/admin.industriall-union.org\/fr\/wp-json\/wp\/v2\/regions?post=143484"},{"taxonomy":"sectors","embeddable":true,"href":"https:\/\/admin.industriall-union.org\/fr\/wp-json\/wp\/v2\/sectors?post=143484"},{"taxonomy":"article_tags","embeddable":true,"href":"https:\/\/admin.industriall-union.org\/fr\/wp-json\/wp\/v2\/article_tags?post=143484"}],"curies":[{"name":"wp","href":"https:\/\/api.w.org\/{rel}","templated":true}]}}