{"id":143462,"date":"2022-12-07T16:50:55","date_gmt":"2022-12-07T16:50:55","guid":{"rendered":"https:\/\/admin.industriall-union.org\/soutenez-les-syndicalistes-emprisonnes-lors-de-la-journee-des-droits-de-l-homme\/"},"modified":"2025-01-27T23:13:09","modified_gmt":"2025-01-27T23:13:09","slug":"soutenez-les-syndicalistes-emprisonnes-lors-de-la-journee-des-droits-de-l-homme","status":"publish","type":"article","link":"https:\/\/admin.industriall-union.org\/fr\/soutenez-les-syndicalistes-emprisonnes-lors-de-la-journee-des-droits-de-l-homme\/","title":{"rendered":"Soutenez les syndicalistes emprisonn\u00e9s lors de la Journ\u00e9e des droits de l\u2019homme"},"content":{"rendered":"<p><img decoding=\"async\" alt=\"\" src=\"\" style=\"width: 700px;height: 350px\" \/><\/p><p>Le 10 d\u00e9cembre est la Journ\u00e9e des droits de l&rsquo;homme, qui comm\u00e9more l&rsquo;adoption de la D\u00e9claration universelle des droits de l&rsquo;homme des Nations unies. \u00c0 cette occasion, nous tenons \u00e0 rappeler au monde entier que les droits des travailleurs sont des droits de l&rsquo;homme et nous renouvelons notre appel \u00e0 la lib\u00e9ration de tous les militants syndicaux emprisonn\u00e9s.<\/p><p>Les poursuites judiciaires, pouvant aller jusqu&rsquo;\u00e0 l&rsquo;arrestation et l&rsquo;emprisonnement, sont une pr\u00e9occupation majeure des militants syndicaux dans de nombreux pays. Les syndicalistes sont des d\u00e9fenseurs de premi\u00e8re ligne de la d\u00e9mocratie. Parce qu&rsquo;ils sont organis\u00e9s et enracin\u00e9s dans les lieux de travail et les communaut\u00e9s ouvri\u00e8res, ils sont souvent les premiers \u00e0 r\u00e9sister lorsque la d\u00e9mocratie est attaqu\u00e9e et, de ce fait, les premiers \u00e0 \u00eatre pers\u00e9cut\u00e9s.<\/p><p>Aujourd&rsquo;hui, les gouvernements oppresseurs et les employeurs exploiteurs travaillent ensemble \u00e0 la r\u00e9pression des syndicats et les militants sont accus\u00e9s de terrorisme, de s\u00e9dition, d&rsquo;\u00eatre des agents \u00e0 la solde de l&rsquo;\u00e9tranger, de rassemblement ill\u00e9gal, de cr\u00e9er des troubles, ou de d\u00e9truire la propri\u00e9t\u00e9 d&rsquo;une entreprise ainsi que de saper les activit\u00e9s commerciales.<\/p><p>Le probl\u00e8me est particuli\u00e8rement aigu dans certains pays&nbsp;: au <a href=\"https:\/\/www.industriall-union.org\/free-myanmars-jailed-trade-unionists-recognise-the-nug\">Myanmar<\/a>, les syndicats sont interdits et plus de 60 syndicalistes sont emprisonn\u00e9s sur base d&rsquo;accusations mont\u00e9es de toutes pi\u00e8ces depuis le violent coup d&rsquo;\u00c9tat militaire de f\u00e9vrier 2021.<\/p><blockquote><p>&ldquo;Nous exigeons l&rsquo;abandon imm\u00e9diat des accusations mont\u00e9es de toutes pi\u00e8ces port\u00e9es contre tous les militants pro-d\u00e9mocratie emprisonn\u00e9s, des garanties fermes que leur sant\u00e9 et leur s\u00e9curit\u00e9 \u00e0 l&rsquo;int\u00e9rieur des prisons sont assur\u00e9es et leur retour rapide et s\u00fbr aupr\u00e8s de leurs proches.&rdquo;<\/p><\/blockquote><p style=\"text-align: center\"><span style=\"color:#dddddd\"><em>D\u00e9claration de Global Union, octobre 2022<\/em><\/span><\/p><p>Les syndicats libres et ind\u00e9pendants de Bi\u00e9lorussie ont \u00e9t\u00e9 dissous par la Cour supr\u00eame du pays. Seize dirigeants et militants syndicaux ont \u00e9t\u00e9 arr\u00eat\u00e9s, certains sont en attente de jugement, d&rsquo;autres ont \u00e9t\u00e9 condamn\u00e9s \u00e0 des restrictions de libert\u00e9 et au moins trois ont \u00e9t\u00e9 condamn\u00e9s \u00e0 des peines de prison pour des gr\u00e8ves d&rsquo;avertissement ainsi que pour diffamation envers le Pr\u00e9sident. Les syndicats se sont \u00e9galement vu confisquer leurs biens et les donn\u00e9es relatives \u00e0 leurs membres.<\/p><p>En novembre, le Comit\u00e9 ex\u00e9cutif d&rsquo;IndustriALL a adopt\u00e9 une <a href=\"\/wp-content\/uploads\/images\/2022\/Switzerland\/EXCO\/draft_exco_resolution_on_belarus_english.pdf\">r\u00e9solution<\/a>, condamnant la dissolution de ces syndicats ind\u00e9pendants et <a href=\"https:\/\/www.labourstartcampaigns.net\/show_campaign.cgi?c=5229\">exigeant la lib\u00e9ration imm\u00e9diate<\/a> de tous les syndicalistes en Bi\u00e9lorussie.<\/p><p>\u00c0 Madagascar, un <a href=\"https:\/\/www.industriall-union.org\/madagascar-unions-demand-justice-for-jailed-trade-unionist\">syndicaliste est en prison<\/a> pour avoir attir\u00e9 l&rsquo;attention sur les abus commis \u00e0 l&rsquo;encontre des travailleurs de l&rsquo;usine o\u00f9 il travaillait.<\/p><p>En Iran, pays actuellement en proie \u00e0 des manifestations pro-d\u00e9mocratie, les travailleurs et travailleuses qui tentent de former des syndicats libres et ind\u00e9pendants se retrouvent fr\u00e9quemment en prison.<\/p><p>L&rsquo;arrestation et l&rsquo;emprisonnement de militants syndicaux sont \u00e9galement une caract\u00e9ristique r\u00e9guli\u00e8re des relations sociales en Turquie, en \u00c9gypte, en Colombie et dans de nombreux autres pays.<\/p><p>L&rsquo;oppression exerc\u00e9e par les autorit\u00e9s cr\u00e9e un climat propice \u00e0 d&rsquo;autres crimes, dont le meurtre. Aux <a href=\"https:\/\/www.industriall-union.org\/madagascar-unions-demand-justice-for-jailed-trade-unionist\">Philippines<\/a>, o\u00f9 travailleurs et travailleuses risquent d&rsquo;\u00eatre arr\u00eat\u00e9s pour avoir particip\u00e9 \u00e0 une action de gr\u00e8ve, le gouvernement et d&rsquo;autres acteurs pratiquent le &ldquo;red-tagging&rdquo; (litt\u00e9ralement&nbsp;: \u00e9tiquetage rouge) \u00e0 l&rsquo;\u00e9gard de syndicalistes, les qualifiant de terroristes et faisant d&rsquo;eux la cible d&rsquo;attaques, ce qui a conduit au meurtre de plusieurs d&rsquo;entre eux.<\/p><p>Malheureusement, la liste des syndicalistes pers\u00e9cut\u00e9s est trop longue, comme le souligne l&rsquo;<a href=\"https:\/\/www.globalrightsindex.org\/en\/2022\">Indice CSI des droits dans le monde<\/a> sur les violations des droits des travailleurs, le dernier en date d\u00e9montrant que ces violations n&rsquo;ont jamais \u00e9t\u00e9 aussi nombreuses.<\/p><p>Ce que nous savons, en revanche, c&rsquo;est que les campagnes de solidarit\u00e9 internationale visant \u00e0 lib\u00e9rer les syndicalistes emprisonn\u00e9s fonctionnent. En 2017, par exemple, 35 syndicalistes bangladais ont \u00e9t\u00e9 emprisonn\u00e9s dans le cadre d&rsquo;une r\u00e9pression gouvernementale, encourag\u00e9e par les propri\u00e9taires d&rsquo;entreprises locales, contre la syndicalisation. En faisant pression sur le gouvernement, ainsi que sur les enseignes qui s&rsquo;approvisionnent dans le pays, <a href=\"https:\/\/www.industriall-union.org\/bangladeshi-unionists-and-garment-workers-freed-following-international-pressure\">une campagne mondiale a r\u00e9ussi \u00e0 faire lib\u00e9rer<\/a> tous les syndicalistes emprisonn\u00e9s.<\/p><p>Atle H\u00f8ie, Secr\u00e9taire g\u00e9n\u00e9ral d&rsquo;IndustriALL a d\u00e9clar\u00e9&nbsp;:<\/p><blockquote><p>&ldquo;Nous devons \u00eatre aux c\u00f4t\u00e9s de nos camarades emprisonn\u00e9s et maintenir la pression, \u00e0 la fois sur les gouvernements r\u00e9pressifs et sur les multinationales qui s&rsquo;approvisionnent dans des pays o\u00f9 les droits des travailleurs et travailleuses sont viol\u00e9s. Nous devons veiller \u00e0 ce que la diligence raisonnable en mati\u00e8re de droits de l&rsquo;homme inclue les droits des travailleurs et que les entreprises soient tenues responsables des abus commis au sein de leurs cha\u00eenes d&rsquo;approvisionnement.&rdquo;<\/p><\/blockquote><figure class=\"imageArticle imageMedium\">&nbsp;<figcaption class=\"imageContent\">&nbsp;<\/figcaption><\/figure>","protected":false},"featured_media":0,"template":"","issues":[422,424,425],"companies":[],"regions":[207,264,291,292,336,177,184,250],"sectors":[],"article_tags":[],"class_list":["post-143462","article","type-article","status-publish","hentry","issues-human-trade-union-rights","issues-violation","issues-workers-rights","regions-belarus","regions-colombia","regions-egypt","regions-iran","regions-madagascar","regions-myanmar","regions-philippines","regions-turkiye"],"acf":[],"yoast_head":"<!-- This site is optimized with the Yoast SEO Premium plugin v27.1 (Yoast SEO v27.1) - https:\/\/yoast.com\/product\/yoast-seo-premium-wordpress\/ -->\n<title>Soutenez les syndicalistes emprisonn\u00e9s lors de la Journ\u00e9e des droits de l\u2019homme - industriall-union<\/title>\n<meta name=\"description\" content=\"Le 10 d\u00e9cembre est la Journ\u00e9e des droits de l&rsquo;homme, qui comm\u00e9more l&rsquo;adoption de la D\u00e9claration universelle des droits de l&rsquo;homme des\" \/>\n<meta name=\"robots\" content=\"index, follow, max-snippet:-1, max-image-preview:large, max-video-preview:-1\" \/>\n<link rel=\"canonical\" href=\"https:\/\/admin.industriall-union.org\/fr\/soutenez-les-syndicalistes-emprisonnes-lors-de-la-journee-des-droits-de-l-homme\/\" \/>\n<meta property=\"og:locale\" content=\"fr_FR\" \/>\n<meta property=\"og:type\" content=\"article\" \/>\n<meta property=\"og:title\" content=\"Soutenez les syndicalistes emprisonn\u00e9s lors de la Journ\u00e9e des droits de l\u2019homme\" \/>\n<meta property=\"og:description\" content=\"Le 10 d\u00e9cembre est la Journ\u00e9e des droits de l&rsquo;homme, qui comm\u00e9more l&rsquo;adoption de la D\u00e9claration universelle des droits de l&rsquo;homme des\" \/>\n<meta property=\"og:url\" content=\"https:\/\/admin.industriall-union.org\/fr\/soutenez-les-syndicalistes-emprisonnes-lors-de-la-journee-des-droits-de-l-homme\/\" \/>\n<meta property=\"og:site_name\" content=\"industriall-union\" \/>\n<meta property=\"article:modified_time\" content=\"2025-01-27T23:13:09+00:00\" \/>\n<meta name=\"twitter:card\" content=\"summary_large_image\" \/>\n<meta name=\"twitter:label1\" content=\"Est. reading time\" \/>\n\t<meta name=\"twitter:data1\" content=\"4 minutes\" \/>\n<script type=\"application\/ld+json\" class=\"yoast-schema-graph\">{\"@context\":\"https:\/\/schema.org\",\"@graph\":[{\"@type\":\"WebPage\",\"@id\":\"https:\/\/admin.industriall-union.org\/fr\/soutenez-les-syndicalistes-emprisonnes-lors-de-la-journee-des-droits-de-l-homme\/\",\"url\":\"https:\/\/admin.industriall-union.org\/fr\/soutenez-les-syndicalistes-emprisonnes-lors-de-la-journee-des-droits-de-l-homme\/\",\"name\":\"Soutenez les syndicalistes emprisonn\u00e9s lors de la Journ\u00e9e des droits de l\u2019homme - industriall-union\",\"isPartOf\":{\"@id\":\"https:\/\/admin.industriall-union.org\/#website\"},\"datePublished\":\"2022-12-07T16:50:55+00:00\",\"dateModified\":\"2025-01-27T23:13:09+00:00\",\"description\":\"Le 10 d\u00e9cembre est la Journ\u00e9e des droits de l&rsquo;homme, qui comm\u00e9more l&rsquo;adoption de la D\u00e9claration universelle des droits de l&rsquo;homme des\",\"breadcrumb\":{\"@id\":\"https:\/\/admin.industriall-union.org\/fr\/soutenez-les-syndicalistes-emprisonnes-lors-de-la-journee-des-droits-de-l-homme\/#breadcrumb\"},\"inLanguage\":\"fr-FR\",\"potentialAction\":[{\"@type\":\"ReadAction\",\"target\":[\"https:\/\/admin.industriall-union.org\/fr\/soutenez-les-syndicalistes-emprisonnes-lors-de-la-journee-des-droits-de-l-homme\/\"]}]},{\"@type\":\"BreadcrumbList\",\"@id\":\"https:\/\/admin.industriall-union.org\/fr\/soutenez-les-syndicalistes-emprisonnes-lors-de-la-journee-des-droits-de-l-homme\/#breadcrumb\",\"itemListElement\":[{\"@type\":\"ListItem\",\"position\":1,\"name\":\"Home\",\"item\":\"https:\/\/admin.industriall-union.org\/\"},{\"@type\":\"ListItem\",\"position\":2,\"name\":\"Articles\",\"item\":\"https:\/\/admin.industriall-union.org\/article\/\"},{\"@type\":\"ListItem\",\"position\":3,\"name\":\"Soutenez les syndicalistes emprisonn\u00e9s lors de la Journ\u00e9e des droits de l\u2019homme\"}]},{\"@type\":\"WebSite\",\"@id\":\"https:\/\/admin.industriall-union.org\/#website\",\"url\":\"https:\/\/admin.industriall-union.org\/\",\"name\":\"industriall-union\",\"description\":\"\",\"potentialAction\":[{\"@type\":\"SearchAction\",\"target\":{\"@type\":\"EntryPoint\",\"urlTemplate\":\"https:\/\/admin.industriall-union.org\/?s={search_term_string}\"},\"query-input\":{\"@type\":\"PropertyValueSpecification\",\"valueRequired\":true,\"valueName\":\"search_term_string\"}}],\"inLanguage\":\"fr-FR\"}]}<\/script>\n<!-- \/ Yoast SEO Premium plugin. -->","yoast_head_json":{"title":"Soutenez les syndicalistes emprisonn\u00e9s lors de la Journ\u00e9e des droits de l\u2019homme - industriall-union","description":"Le 10 d\u00e9cembre est la Journ\u00e9e des droits de l&rsquo;homme, qui comm\u00e9more l&rsquo;adoption de la D\u00e9claration universelle des droits de l&rsquo;homme des","robots":{"index":"index","follow":"follow","max-snippet":"max-snippet:-1","max-image-preview":"max-image-preview:large","max-video-preview":"max-video-preview:-1"},"canonical":"https:\/\/admin.industriall-union.org\/fr\/soutenez-les-syndicalistes-emprisonnes-lors-de-la-journee-des-droits-de-l-homme\/","og_locale":"fr_FR","og_type":"article","og_title":"Soutenez les syndicalistes emprisonn\u00e9s lors de la Journ\u00e9e des droits de l\u2019homme","og_description":"Le 10 d\u00e9cembre est la Journ\u00e9e des droits de l&rsquo;homme, qui comm\u00e9more l&rsquo;adoption de la D\u00e9claration universelle des droits de l&rsquo;homme des","og_url":"https:\/\/admin.industriall-union.org\/fr\/soutenez-les-syndicalistes-emprisonnes-lors-de-la-journee-des-droits-de-l-homme\/","og_site_name":"industriall-union","article_modified_time":"2025-01-27T23:13:09+00:00","twitter_card":"summary_large_image","twitter_misc":{"Est. reading time":"4 minutes"},"schema":{"@context":"https:\/\/schema.org","@graph":[{"@type":"WebPage","@id":"https:\/\/admin.industriall-union.org\/fr\/soutenez-les-syndicalistes-emprisonnes-lors-de-la-journee-des-droits-de-l-homme\/","url":"https:\/\/admin.industriall-union.org\/fr\/soutenez-les-syndicalistes-emprisonnes-lors-de-la-journee-des-droits-de-l-homme\/","name":"Soutenez les syndicalistes emprisonn\u00e9s lors de la Journ\u00e9e des droits de l\u2019homme - industriall-union","isPartOf":{"@id":"https:\/\/admin.industriall-union.org\/#website"},"datePublished":"2022-12-07T16:50:55+00:00","dateModified":"2025-01-27T23:13:09+00:00","description":"Le 10 d\u00e9cembre est la Journ\u00e9e des droits de l&rsquo;homme, qui comm\u00e9more l&rsquo;adoption de la D\u00e9claration universelle des droits de l&rsquo;homme des","breadcrumb":{"@id":"https:\/\/admin.industriall-union.org\/fr\/soutenez-les-syndicalistes-emprisonnes-lors-de-la-journee-des-droits-de-l-homme\/#breadcrumb"},"inLanguage":"fr-FR","potentialAction":[{"@type":"ReadAction","target":["https:\/\/admin.industriall-union.org\/fr\/soutenez-les-syndicalistes-emprisonnes-lors-de-la-journee-des-droits-de-l-homme\/"]}]},{"@type":"BreadcrumbList","@id":"https:\/\/admin.industriall-union.org\/fr\/soutenez-les-syndicalistes-emprisonnes-lors-de-la-journee-des-droits-de-l-homme\/#breadcrumb","itemListElement":[{"@type":"ListItem","position":1,"name":"Home","item":"https:\/\/admin.industriall-union.org\/"},{"@type":"ListItem","position":2,"name":"Articles","item":"https:\/\/admin.industriall-union.org\/article\/"},{"@type":"ListItem","position":3,"name":"Soutenez les syndicalistes emprisonn\u00e9s lors de la Journ\u00e9e des droits de l\u2019homme"}]},{"@type":"WebSite","@id":"https:\/\/admin.industriall-union.org\/#website","url":"https:\/\/admin.industriall-union.org\/","name":"industriall-union","description":"","potentialAction":[{"@type":"SearchAction","target":{"@type":"EntryPoint","urlTemplate":"https:\/\/admin.industriall-union.org\/?s={search_term_string}"},"query-input":{"@type":"PropertyValueSpecification","valueRequired":true,"valueName":"search_term_string"}}],"inLanguage":"fr-FR"}]}},"_links":{"self":[{"href":"https:\/\/admin.industriall-union.org\/fr\/wp-json\/wp\/v2\/article\/143462","targetHints":{"allow":["GET"]}}],"collection":[{"href":"https:\/\/admin.industriall-union.org\/fr\/wp-json\/wp\/v2\/article"}],"about":[{"href":"https:\/\/admin.industriall-union.org\/fr\/wp-json\/wp\/v2\/types\/article"}],"wp:attachment":[{"href":"https:\/\/admin.industriall-union.org\/fr\/wp-json\/wp\/v2\/media?parent=143462"}],"wp:term":[{"taxonomy":"issues","embeddable":true,"href":"https:\/\/admin.industriall-union.org\/fr\/wp-json\/wp\/v2\/issues?post=143462"},{"taxonomy":"companies","embeddable":true,"href":"https:\/\/admin.industriall-union.org\/fr\/wp-json\/wp\/v2\/companies?post=143462"},{"taxonomy":"regions","embeddable":true,"href":"https:\/\/admin.industriall-union.org\/fr\/wp-json\/wp\/v2\/regions?post=143462"},{"taxonomy":"sectors","embeddable":true,"href":"https:\/\/admin.industriall-union.org\/fr\/wp-json\/wp\/v2\/sectors?post=143462"},{"taxonomy":"article_tags","embeddable":true,"href":"https:\/\/admin.industriall-union.org\/fr\/wp-json\/wp\/v2\/article_tags?post=143462"}],"curies":[{"name":"wp","href":"https:\/\/api.w.org\/{rel}","templated":true}]}}