{"id":143377,"date":"2023-01-27T14:57:03","date_gmt":"2023-01-27T14:57:03","guid":{"rendered":"https:\/\/admin.industriall-union.org\/la-democratie-doit-etre-retablie-au-myanmar\/"},"modified":"2025-01-27T22:35:05","modified_gmt":"2025-01-27T22:35:05","slug":"la-democratie-doit-etre-retablie-au-myanmar","status":"publish","type":"article","link":"https:\/\/admin.industriall-union.org\/fr\/la-democratie-doit-etre-retablie-au-myanmar\/","title":{"rendered":"La d\u00e9mocratie doit \u00eatre r\u00e9tablie au Myanmar"},"content":{"rendered":"<p>La situation des travailleurs et travailleuses au Myanmar s&rsquo;est consid\u00e9rablement d\u00e9t\u00e9rior\u00e9e apr\u00e8s le coup d&rsquo;\u00c9tat militaire de f\u00e9vrier 2021. La plupart des syndicats sont d\u00e9sormais interdits et de nombreux salari\u00e9s qui \u00e9taient autrefois prot\u00e9g\u00e9s par des conventions collectives ont \u00e9t\u00e9 licenci\u00e9s et remplac\u00e9s par des travailleurs et travailleuses occasionnels sans droits.<\/p><p>Apr\u00e8s le coup d&rsquo;\u00c9tat, les militaires ont commenc\u00e9 \u00e0 r\u00e9primer les syndicats et leurs membres, par des <a href=\"https:\/\/www.industriall-union.org\/violent-attack-against-myanmar-unionists\">attaques et des arrestations violentes<\/a>.<\/p><p>Actuellement, plus de 60 syndicalistes sont emprisonn\u00e9s sur la base d&rsquo;accusations forg\u00e9es de toutes pi\u00e8ces et <a href=\"https:\/\/www.industriall-union.org\/stand-with-imprisoned-trade-unionists-on-human-rights-day\">doivent \u00eatre imm\u00e9diatement lib\u00e9r\u00e9s<\/a>.<\/p><p>Les investissements ont un impact \u00e0 long terme sur les droits des travailleurs. En septembre 2021, IndustriALL a lanc\u00e9 une campagne de d\u00e9sinvestissement, appelant toutes les entreprises pr\u00e9sentes sur place \u00e0 cesser leurs activit\u00e9s et \u00e0 ne pas passer de nouvelles commandes.<\/p><p>Nous avons \u00e9crit \u00e0 toutes les entreprises des secteurs que nous repr\u00e9sentons et qui sont actives au Myanmar, en insistant sur le fait que la diligence raisonnable n&rsquo;est pas possible dans un pays dirig\u00e9 par un r\u00e9gime militaire et o\u00f9 les syndicats ne peuvent pas fonctionner. Certaines entreprises se sont retir\u00e9es rapidement, parmi lesquelles Total, Chevron, Woodside, Telenor, Tesco, Benetton, Aldi Sud ainsi que C&amp;A.<\/p><p>Vers la fin de l&rsquo;ann\u00e9e derni\u00e8re, des discussions sur une sortie responsable du pays ont \u00e9t\u00e9 entam\u00e9es avec un certain nombre de marques de v\u00eatements et plusieurs d&rsquo;entre elles, dont Primark et New Look, ont cess\u00e9 de passer de nouvelles commandes au Myanmar.<\/p><blockquote><p>&ldquo;Dans un certain sens, il y a des progr\u00e8s&rdquo;, commente Atle H\u00f8ie, Secr\u00e9taire g\u00e9n\u00e9ral d&rsquo;IndustriALL. &ldquo;Mais les militaires sont toujours ill\u00e9galement au pouvoir au Myanmar et continuent de violer les droits de l&rsquo;homme et des travailleurs, nous devons donc maintenir la pression.&rdquo;<\/p><\/blockquote><p>Le mouvement syndical international appelle \u00e0 une reconnaissance sans \u00e9quivoque des pouvoirs du gouvernement d&rsquo;unit\u00e9 nationale (GUN) du Myanmar aux niveaux international et national, en tant que seul et v\u00e9ritable gouvernement d\u00e9mocratique du peuple du Myanmar.<\/p><blockquote><p>&ldquo;En reconnaissant le GUN, nous sauvegardons les droits humains et syndicaux des travailleurs et travailleuses du Myanmar et, une fois pour toutes, nous mettons fin \u00e0 la dictature brutale de la junte militaire et \u00e0 sa fausse repr\u00e9sentation du pays devant la communaut\u00e9 internationale.&rdquo;<\/p><\/blockquote><p>(<a href=\"https:\/\/www.industriall-union.org\/free-myanmars-jailed-trade-unionists-recognise-the-nug\">D\u00e9claration du Global Unions<\/a>, octobre 2022)<\/p><p>Un an apr\u00e8s le coup d&rsquo;\u00c9tat militaire, le mouvement syndical international s&rsquo;est engag\u00e9 \u00e0 ne pas rel\u00e2cher la pression tant que le pouvoir ne sera pas rendu au peuple.<\/p><p>Atle H\u00f8ie a d\u00e9clar\u00e9&nbsp;:<\/p><p>&ldquo;Une ann\u00e9e de plus s&rsquo;est \u00e9coul\u00e9e au cours de laquelle le peuple du Myanmar a continu\u00e9 de payer un prix \u00e9lev\u00e9 en \u00e9tant \u00e0 la merci d&rsquo;une junte militaire violente. En cet anniversaire, joignez-vous \u00e0 nous pour r\u00e9it\u00e9rer l&rsquo;appel au retour de la d\u00e9mocratie au Myanmar.&rdquo;<\/p><figure class=\"imageArticle imageMedium\"><img decoding=\"async\" alt=\"\" src=\"\/wp-content\/uploads\/images\/2023\/MYANMAR\/social_media_reminder.png\" style=\"width: 600px;height: 601px\" \/><figcaption class=\"imageContent\">&nbsp;<\/figcaption><\/figure>","protected":false},"featured_media":0,"template":"","issues":[406,422,424,425],"companies":[],"regions":[177],"sectors":[],"article_tags":[],"class_list":["post-143377","article","type-article","status-publish","hentry","issues-confronting-global-capital","issues-human-trade-union-rights","issues-violation","issues-workers-rights","regions-myanmar"],"acf":[],"yoast_head":"<!-- This site is optimized with the Yoast SEO Premium plugin v27.1 (Yoast SEO v27.1) - https:\/\/yoast.com\/product\/yoast-seo-premium-wordpress\/ -->\n<title>La d\u00e9mocratie doit \u00eatre r\u00e9tablie au Myanmar - industriall-union<\/title>\n<meta name=\"description\" content=\"La situation des travailleurs et travailleuses au Myanmar s&rsquo;est consid\u00e9rablement d\u00e9t\u00e9rior\u00e9e apr\u00e8s le coup d&rsquo;\u00c9tat militaire de f\u00e9vrier 2021. La\" \/>\n<meta name=\"robots\" content=\"index, follow, max-snippet:-1, max-image-preview:large, max-video-preview:-1\" \/>\n<link rel=\"canonical\" href=\"https:\/\/admin.industriall-union.org\/fr\/la-democratie-doit-etre-retablie-au-myanmar\/\" \/>\n<meta property=\"og:locale\" content=\"fr_FR\" \/>\n<meta property=\"og:type\" content=\"article\" \/>\n<meta property=\"og:title\" content=\"La d\u00e9mocratie doit \u00eatre r\u00e9tablie au Myanmar\" \/>\n<meta property=\"og:description\" content=\"La situation des travailleurs et travailleuses au Myanmar s&rsquo;est consid\u00e9rablement d\u00e9t\u00e9rior\u00e9e apr\u00e8s le coup d&rsquo;\u00c9tat militaire de f\u00e9vrier 2021. La\" \/>\n<meta property=\"og:url\" content=\"https:\/\/admin.industriall-union.org\/fr\/la-democratie-doit-etre-retablie-au-myanmar\/\" \/>\n<meta property=\"og:site_name\" content=\"industriall-union\" \/>\n<meta property=\"article:modified_time\" content=\"2025-01-27T22:35:05+00:00\" \/>\n<meta name=\"twitter:card\" content=\"summary_large_image\" \/>\n<meta name=\"twitter:label1\" content=\"Est. reading time\" \/>\n\t<meta name=\"twitter:data1\" content=\"3 minutes\" \/>\n<script type=\"application\/ld+json\" class=\"yoast-schema-graph\">{\"@context\":\"https:\/\/schema.org\",\"@graph\":[{\"@type\":\"WebPage\",\"@id\":\"https:\/\/admin.industriall-union.org\/fr\/la-democratie-doit-etre-retablie-au-myanmar\/\",\"url\":\"https:\/\/admin.industriall-union.org\/fr\/la-democratie-doit-etre-retablie-au-myanmar\/\",\"name\":\"La d\u00e9mocratie doit \u00eatre r\u00e9tablie au Myanmar - industriall-union\",\"isPartOf\":{\"@id\":\"https:\/\/admin.industriall-union.org\/#website\"},\"datePublished\":\"2023-01-27T14:57:03+00:00\",\"dateModified\":\"2025-01-27T22:35:05+00:00\",\"description\":\"La situation des travailleurs et travailleuses au Myanmar s&rsquo;est consid\u00e9rablement d\u00e9t\u00e9rior\u00e9e apr\u00e8s le coup d&rsquo;\u00c9tat militaire de f\u00e9vrier 2021. La\",\"breadcrumb\":{\"@id\":\"https:\/\/admin.industriall-union.org\/fr\/la-democratie-doit-etre-retablie-au-myanmar\/#breadcrumb\"},\"inLanguage\":\"fr-FR\",\"potentialAction\":[{\"@type\":\"ReadAction\",\"target\":[\"https:\/\/admin.industriall-union.org\/fr\/la-democratie-doit-etre-retablie-au-myanmar\/\"]}]},{\"@type\":\"BreadcrumbList\",\"@id\":\"https:\/\/admin.industriall-union.org\/fr\/la-democratie-doit-etre-retablie-au-myanmar\/#breadcrumb\",\"itemListElement\":[{\"@type\":\"ListItem\",\"position\":1,\"name\":\"Home\",\"item\":\"https:\/\/admin.industriall-union.org\/\"},{\"@type\":\"ListItem\",\"position\":2,\"name\":\"Articles\",\"item\":\"https:\/\/admin.industriall-union.org\/article\/\"},{\"@type\":\"ListItem\",\"position\":3,\"name\":\"La d\u00e9mocratie doit \u00eatre r\u00e9tablie au Myanmar\"}]},{\"@type\":\"WebSite\",\"@id\":\"https:\/\/admin.industriall-union.org\/#website\",\"url\":\"https:\/\/admin.industriall-union.org\/\",\"name\":\"industriall-union\",\"description\":\"\",\"potentialAction\":[{\"@type\":\"SearchAction\",\"target\":{\"@type\":\"EntryPoint\",\"urlTemplate\":\"https:\/\/admin.industriall-union.org\/?s={search_term_string}\"},\"query-input\":{\"@type\":\"PropertyValueSpecification\",\"valueRequired\":true,\"valueName\":\"search_term_string\"}}],\"inLanguage\":\"fr-FR\"}]}<\/script>\n<!-- \/ Yoast SEO Premium plugin. -->","yoast_head_json":{"title":"La d\u00e9mocratie doit \u00eatre r\u00e9tablie au Myanmar - industriall-union","description":"La situation des travailleurs et travailleuses au Myanmar s&rsquo;est consid\u00e9rablement d\u00e9t\u00e9rior\u00e9e apr\u00e8s le coup d&rsquo;\u00c9tat militaire de f\u00e9vrier 2021. La","robots":{"index":"index","follow":"follow","max-snippet":"max-snippet:-1","max-image-preview":"max-image-preview:large","max-video-preview":"max-video-preview:-1"},"canonical":"https:\/\/admin.industriall-union.org\/fr\/la-democratie-doit-etre-retablie-au-myanmar\/","og_locale":"fr_FR","og_type":"article","og_title":"La d\u00e9mocratie doit \u00eatre r\u00e9tablie au Myanmar","og_description":"La situation des travailleurs et travailleuses au Myanmar s&rsquo;est consid\u00e9rablement d\u00e9t\u00e9rior\u00e9e apr\u00e8s le coup d&rsquo;\u00c9tat militaire de f\u00e9vrier 2021. La","og_url":"https:\/\/admin.industriall-union.org\/fr\/la-democratie-doit-etre-retablie-au-myanmar\/","og_site_name":"industriall-union","article_modified_time":"2025-01-27T22:35:05+00:00","twitter_card":"summary_large_image","twitter_misc":{"Est. reading time":"3 minutes"},"schema":{"@context":"https:\/\/schema.org","@graph":[{"@type":"WebPage","@id":"https:\/\/admin.industriall-union.org\/fr\/la-democratie-doit-etre-retablie-au-myanmar\/","url":"https:\/\/admin.industriall-union.org\/fr\/la-democratie-doit-etre-retablie-au-myanmar\/","name":"La d\u00e9mocratie doit \u00eatre r\u00e9tablie au Myanmar - industriall-union","isPartOf":{"@id":"https:\/\/admin.industriall-union.org\/#website"},"datePublished":"2023-01-27T14:57:03+00:00","dateModified":"2025-01-27T22:35:05+00:00","description":"La situation des travailleurs et travailleuses au Myanmar s&rsquo;est consid\u00e9rablement d\u00e9t\u00e9rior\u00e9e apr\u00e8s le coup d&rsquo;\u00c9tat militaire de f\u00e9vrier 2021. La","breadcrumb":{"@id":"https:\/\/admin.industriall-union.org\/fr\/la-democratie-doit-etre-retablie-au-myanmar\/#breadcrumb"},"inLanguage":"fr-FR","potentialAction":[{"@type":"ReadAction","target":["https:\/\/admin.industriall-union.org\/fr\/la-democratie-doit-etre-retablie-au-myanmar\/"]}]},{"@type":"BreadcrumbList","@id":"https:\/\/admin.industriall-union.org\/fr\/la-democratie-doit-etre-retablie-au-myanmar\/#breadcrumb","itemListElement":[{"@type":"ListItem","position":1,"name":"Home","item":"https:\/\/admin.industriall-union.org\/"},{"@type":"ListItem","position":2,"name":"Articles","item":"https:\/\/admin.industriall-union.org\/article\/"},{"@type":"ListItem","position":3,"name":"La d\u00e9mocratie doit \u00eatre r\u00e9tablie au Myanmar"}]},{"@type":"WebSite","@id":"https:\/\/admin.industriall-union.org\/#website","url":"https:\/\/admin.industriall-union.org\/","name":"industriall-union","description":"","potentialAction":[{"@type":"SearchAction","target":{"@type":"EntryPoint","urlTemplate":"https:\/\/admin.industriall-union.org\/?s={search_term_string}"},"query-input":{"@type":"PropertyValueSpecification","valueRequired":true,"valueName":"search_term_string"}}],"inLanguage":"fr-FR"}]}},"_links":{"self":[{"href":"https:\/\/admin.industriall-union.org\/fr\/wp-json\/wp\/v2\/article\/143377","targetHints":{"allow":["GET"]}}],"collection":[{"href":"https:\/\/admin.industriall-union.org\/fr\/wp-json\/wp\/v2\/article"}],"about":[{"href":"https:\/\/admin.industriall-union.org\/fr\/wp-json\/wp\/v2\/types\/article"}],"wp:attachment":[{"href":"https:\/\/admin.industriall-union.org\/fr\/wp-json\/wp\/v2\/media?parent=143377"}],"wp:term":[{"taxonomy":"issues","embeddable":true,"href":"https:\/\/admin.industriall-union.org\/fr\/wp-json\/wp\/v2\/issues?post=143377"},{"taxonomy":"companies","embeddable":true,"href":"https:\/\/admin.industriall-union.org\/fr\/wp-json\/wp\/v2\/companies?post=143377"},{"taxonomy":"regions","embeddable":true,"href":"https:\/\/admin.industriall-union.org\/fr\/wp-json\/wp\/v2\/regions?post=143377"},{"taxonomy":"sectors","embeddable":true,"href":"https:\/\/admin.industriall-union.org\/fr\/wp-json\/wp\/v2\/sectors?post=143377"},{"taxonomy":"article_tags","embeddable":true,"href":"https:\/\/admin.industriall-union.org\/fr\/wp-json\/wp\/v2\/article_tags?post=143377"}],"curies":[{"name":"wp","href":"https:\/\/api.w.org\/{rel}","templated":true}]}}