{"id":143305,"date":"2023-02-23T12:33:18","date_gmt":"2023-02-23T12:33:18","guid":{"rendered":"https:\/\/admin.industriall-union.org\/le-deficit-des-normes-internationales-du-travail-de-la-zleca-doit-etre-comble\/"},"modified":"2025-01-27T22:10:27","modified_gmt":"2025-01-27T22:10:27","slug":"le-deficit-des-normes-internationales-du-travail-de-la-zleca-doit-etre-comble","status":"publish","type":"article","link":"https:\/\/admin.industriall-union.org\/fr\/le-deficit-des-normes-internationales-du-travail-de-la-zleca-doit-etre-comble\/","title":{"rendered":"Le d\u00e9ficit des normes internationales du travail de la ZLECA doit \u00eatre combl\u00e9"},"content":{"rendered":"<p>Zone de libre-\u00e9change continentale africaine (ZLECA) et migration&nbsp;: probl\u00e8mes et d\u00e9fis en \u00e9tait le th\u00e8me. Dans le pass\u00e9, le forum a couvert des sujets tels que l&rsquo;int\u00e9gration r\u00e9gionale, le d\u00e9veloppement durable ainsi que le renouveau et l&rsquo;unit\u00e9 des syndicats.<\/p><p>Les syndicats veulent des normes qui incluent la notion de travail d\u00e9cent&nbsp;: cr\u00e9ation d&rsquo;emplois d\u00e9cents, respect des droits fondamentaux au travail, dialogue social et protection sociale. Ils ont clairement indiqu\u00e9 qu&rsquo;ils souhaitaient que la notion de travail d\u00e9cent et les normes internationales sur la migration de la main-d&rsquo;\u0153uvre soient int\u00e9gr\u00e9es en tant que clauses au sein des protocoles d\u00e8s lors que l&rsquo;accord devra \u00eatre r\u00e9vis\u00e9.<\/p><p>Selon l&rsquo;accord, la ZLECA, dont les \u00e9changes ont d\u00e9but\u00e9 en 2021, sera r\u00e9examin\u00e9e au bout de cinq ans. Les chercheurs du forum ont recommand\u00e9 aux syndicats d&rsquo;interpeller les d\u00e9cideurs politiques par le biais du dialogue social au niveau national.<\/p><p>En 2022, la ZLECA a lanc\u00e9 l&rsquo;Initiative de commerce guid\u00e9 \u00e0 titre de projet pilote sur la mani\u00e8re dont le commerce peut \u00eatre men\u00e9 dans huit pays&nbsp;: Cameroun, \u00c9gypte, Ghana, Kenya, Maurice, Rwanda, Tanzanie et Tunisie. Certains biens tels que des batteries, du caoutchouc, des carreaux de c\u00e9ramique ainsi que certains produits alimentaires ont ainsi \u00e9t\u00e9 \u00e9chang\u00e9s.<\/p><p>En outre, l&rsquo;Union africaine a d\u00e9clar\u00e9 l&rsquo;ann\u00e9e 2023 &ldquo;Ann\u00e9e de la ZLECA&rdquo;, en mettant l&rsquo;accent sur la mise en \u0153uvre de l&rsquo;accord dans les domaines du tourisme, des transports, de la communication, des services financiers et autres.<\/p><p>Toutefois, les syndicats souhaitent \u00e9galement que l&rsquo;accord commercial facilite la transition des \u00e9conomies informelles vers des \u00e9conomies formelles et contribue au d\u00e9veloppement \u00e9conomique, \u00e0 l&rsquo;int\u00e9gration r\u00e9gionale et \u00e0 l&rsquo;industrialisation du continent. En outre, ils souhaitent que l&rsquo;accord favorise l&rsquo;emploi des jeunes et des femmes afin de mettre fin \u00e0 leur marginalisation et \u00e0 leur exclusion des activit\u00e9s \u00e9conomiques.<\/p><p>Seuls le Mali, le Rwanda, le Niger et Sao Tom\u00e9-et-Principe ont ratifi\u00e9 le protocole de libre circulation de l&rsquo;Union africaine, alors que le seuil n\u00e9cessaire attendu est de 15 pays pour que la mise en \u0153uvre puisse commencer. Les syndicats affirment que cela entravera la mobilit\u00e9 de la main-d&rsquo;\u0153uvre. Ce chiffre est d\u00e9risoire par rapport aux 48 des 54 pays africains, \u00e0 l&rsquo;exception de l&rsquo;\u00c9rythr\u00e9e, qui ont ratifi\u00e9 la ZLECA. Les syndicats mettent en question la notion de commerce sans circulation de main-d&rsquo;\u0153uvre.<\/p><p>Kwasi Adu-Amankwah, Secr\u00e9taire g\u00e9n\u00e9ral de la CSI Afrique, a r\u00e9p\u00e9t\u00e9 que&nbsp;:<\/p><blockquote><p>&ldquo;les \u00c9tats doivent s&rsquo;engager \u00e0 modifier les protocoles pour prot\u00e9ger les droits des travailleurs, et le mouvement syndical doit exiger des dispositions compl\u00e8tes sur le travail comme devant faire partie des protocoles. Cela doit se faire par le biais de n\u00e9gociations et du dialogue social.&rdquo;<\/p><\/blockquote><p>S&rsquo;exprimant lors du forum, Rose Omamo, Vice-pr\u00e9sidente d&rsquo;IndustriALL, a expliqu\u00e9 que&nbsp;:<\/p><blockquote><p>&ldquo;lorsque nous d\u00e9battons de la ZLECA et de la mobilit\u00e9 de la main-d&rsquo;\u0153uvre, nous devons toujours tenir compte du sort des travailleuses migrantes qui sont employ\u00e9es dans des conditions pr\u00e9caires. Elles sont confront\u00e9es \u00e0 la violence et au harc\u00e8lement fond\u00e9s sur le genre, qui sont dus \u00e0 des relations de pouvoir in\u00e9gales. Ces femmes sont vuln\u00e9rables, car elles cherchent des moyens de sortir de la pauvret\u00e9 en travaillant dans les pays voisins ou plus g\u00e9n\u00e9ralement \u00e0 l&rsquo;\u00e9tranger. Nous avons besoin de r\u00e9formes l\u00e9gislatives, de politiques de migration du travail et de processus de recrutement \u00e9quitables qui prot\u00e8gent les travailleuses migrantes.&rdquo;<\/p><\/blockquote><blockquote>&nbsp;<\/blockquote>","protected":false},"featured_media":0,"template":"","issues":[413],"companies":[],"regions":[151,355],"sectors":[],"article_tags":[],"class_list":["post-143305","article","type-article","status-publish","hentry","issues-trade","regions-africa-subsahariana","regions-togo"],"acf":[],"yoast_head":"<!-- This site is optimized with the Yoast SEO Premium plugin v27.1 (Yoast SEO v27.1) - https:\/\/yoast.com\/product\/yoast-seo-premium-wordpress\/ -->\n<title>Le d\u00e9ficit des normes internationales du travail de la ZLECA doit \u00eatre combl\u00e9 - industriall-union<\/title>\n<meta name=\"description\" content=\"Zone de libre-\u00e9change continentale africaine (ZLECA) et migration&nbsp;: probl\u00e8mes et d\u00e9fis en \u00e9tait le th\u00e8me. Dans le pass\u00e9, le forum a couvert des\" \/>\n<meta name=\"robots\" content=\"index, follow, max-snippet:-1, max-image-preview:large, max-video-preview:-1\" \/>\n<link rel=\"canonical\" href=\"https:\/\/admin.industriall-union.org\/fr\/le-deficit-des-normes-internationales-du-travail-de-la-zleca-doit-etre-comble\/\" \/>\n<meta property=\"og:locale\" content=\"fr_FR\" \/>\n<meta property=\"og:type\" content=\"article\" \/>\n<meta property=\"og:title\" content=\"Le d\u00e9ficit des normes internationales du travail de la ZLECA doit \u00eatre combl\u00e9\" \/>\n<meta property=\"og:description\" content=\"Zone de libre-\u00e9change continentale africaine (ZLECA) et migration&nbsp;: probl\u00e8mes et d\u00e9fis en \u00e9tait le th\u00e8me. Dans le pass\u00e9, le forum a couvert des\" \/>\n<meta property=\"og:url\" content=\"https:\/\/admin.industriall-union.org\/fr\/le-deficit-des-normes-internationales-du-travail-de-la-zleca-doit-etre-comble\/\" \/>\n<meta property=\"og:site_name\" content=\"industriall-union\" \/>\n<meta property=\"article:modified_time\" content=\"2025-01-27T22:10:27+00:00\" \/>\n<meta name=\"twitter:card\" content=\"summary_large_image\" \/>\n<meta name=\"twitter:label1\" content=\"Est. reading time\" \/>\n\t<meta name=\"twitter:data1\" content=\"3 minutes\" \/>\n<script type=\"application\/ld+json\" class=\"yoast-schema-graph\">{\"@context\":\"https:\/\/schema.org\",\"@graph\":[{\"@type\":\"WebPage\",\"@id\":\"https:\/\/admin.industriall-union.org\/fr\/le-deficit-des-normes-internationales-du-travail-de-la-zleca-doit-etre-comble\/\",\"url\":\"https:\/\/admin.industriall-union.org\/fr\/le-deficit-des-normes-internationales-du-travail-de-la-zleca-doit-etre-comble\/\",\"name\":\"Le d\u00e9ficit des normes internationales du travail de la ZLECA doit \u00eatre combl\u00e9 - industriall-union\",\"isPartOf\":{\"@id\":\"https:\/\/admin.industriall-union.org\/#website\"},\"datePublished\":\"2023-02-23T12:33:18+00:00\",\"dateModified\":\"2025-01-27T22:10:27+00:00\",\"description\":\"Zone de libre-\u00e9change continentale africaine (ZLECA) et migration&nbsp;: probl\u00e8mes et d\u00e9fis en \u00e9tait le th\u00e8me. Dans le pass\u00e9, le forum a couvert des\",\"breadcrumb\":{\"@id\":\"https:\/\/admin.industriall-union.org\/fr\/le-deficit-des-normes-internationales-du-travail-de-la-zleca-doit-etre-comble\/#breadcrumb\"},\"inLanguage\":\"fr-FR\",\"potentialAction\":[{\"@type\":\"ReadAction\",\"target\":[\"https:\/\/admin.industriall-union.org\/fr\/le-deficit-des-normes-internationales-du-travail-de-la-zleca-doit-etre-comble\/\"]}]},{\"@type\":\"BreadcrumbList\",\"@id\":\"https:\/\/admin.industriall-union.org\/fr\/le-deficit-des-normes-internationales-du-travail-de-la-zleca-doit-etre-comble\/#breadcrumb\",\"itemListElement\":[{\"@type\":\"ListItem\",\"position\":1,\"name\":\"Home\",\"item\":\"https:\/\/admin.industriall-union.org\/\"},{\"@type\":\"ListItem\",\"position\":2,\"name\":\"Articles\",\"item\":\"https:\/\/admin.industriall-union.org\/article\/\"},{\"@type\":\"ListItem\",\"position\":3,\"name\":\"Le d\u00e9ficit des normes internationales du travail de la ZLECA doit \u00eatre combl\u00e9\"}]},{\"@type\":\"WebSite\",\"@id\":\"https:\/\/admin.industriall-union.org\/#website\",\"url\":\"https:\/\/admin.industriall-union.org\/\",\"name\":\"industriall-union\",\"description\":\"\",\"potentialAction\":[{\"@type\":\"SearchAction\",\"target\":{\"@type\":\"EntryPoint\",\"urlTemplate\":\"https:\/\/admin.industriall-union.org\/?s={search_term_string}\"},\"query-input\":{\"@type\":\"PropertyValueSpecification\",\"valueRequired\":true,\"valueName\":\"search_term_string\"}}],\"inLanguage\":\"fr-FR\"}]}<\/script>\n<!-- \/ Yoast SEO Premium plugin. -->","yoast_head_json":{"title":"Le d\u00e9ficit des normes internationales du travail de la ZLECA doit \u00eatre combl\u00e9 - industriall-union","description":"Zone de libre-\u00e9change continentale africaine (ZLECA) et migration&nbsp;: probl\u00e8mes et d\u00e9fis en \u00e9tait le th\u00e8me. Dans le pass\u00e9, le forum a couvert des","robots":{"index":"index","follow":"follow","max-snippet":"max-snippet:-1","max-image-preview":"max-image-preview:large","max-video-preview":"max-video-preview:-1"},"canonical":"https:\/\/admin.industriall-union.org\/fr\/le-deficit-des-normes-internationales-du-travail-de-la-zleca-doit-etre-comble\/","og_locale":"fr_FR","og_type":"article","og_title":"Le d\u00e9ficit des normes internationales du travail de la ZLECA doit \u00eatre combl\u00e9","og_description":"Zone de libre-\u00e9change continentale africaine (ZLECA) et migration&nbsp;: probl\u00e8mes et d\u00e9fis en \u00e9tait le th\u00e8me. Dans le pass\u00e9, le forum a couvert des","og_url":"https:\/\/admin.industriall-union.org\/fr\/le-deficit-des-normes-internationales-du-travail-de-la-zleca-doit-etre-comble\/","og_site_name":"industriall-union","article_modified_time":"2025-01-27T22:10:27+00:00","twitter_card":"summary_large_image","twitter_misc":{"Est. reading time":"3 minutes"},"schema":{"@context":"https:\/\/schema.org","@graph":[{"@type":"WebPage","@id":"https:\/\/admin.industriall-union.org\/fr\/le-deficit-des-normes-internationales-du-travail-de-la-zleca-doit-etre-comble\/","url":"https:\/\/admin.industriall-union.org\/fr\/le-deficit-des-normes-internationales-du-travail-de-la-zleca-doit-etre-comble\/","name":"Le d\u00e9ficit des normes internationales du travail de la ZLECA doit \u00eatre combl\u00e9 - industriall-union","isPartOf":{"@id":"https:\/\/admin.industriall-union.org\/#website"},"datePublished":"2023-02-23T12:33:18+00:00","dateModified":"2025-01-27T22:10:27+00:00","description":"Zone de libre-\u00e9change continentale africaine (ZLECA) et migration&nbsp;: probl\u00e8mes et d\u00e9fis en \u00e9tait le th\u00e8me. Dans le pass\u00e9, le forum a couvert des","breadcrumb":{"@id":"https:\/\/admin.industriall-union.org\/fr\/le-deficit-des-normes-internationales-du-travail-de-la-zleca-doit-etre-comble\/#breadcrumb"},"inLanguage":"fr-FR","potentialAction":[{"@type":"ReadAction","target":["https:\/\/admin.industriall-union.org\/fr\/le-deficit-des-normes-internationales-du-travail-de-la-zleca-doit-etre-comble\/"]}]},{"@type":"BreadcrumbList","@id":"https:\/\/admin.industriall-union.org\/fr\/le-deficit-des-normes-internationales-du-travail-de-la-zleca-doit-etre-comble\/#breadcrumb","itemListElement":[{"@type":"ListItem","position":1,"name":"Home","item":"https:\/\/admin.industriall-union.org\/"},{"@type":"ListItem","position":2,"name":"Articles","item":"https:\/\/admin.industriall-union.org\/article\/"},{"@type":"ListItem","position":3,"name":"Le d\u00e9ficit des normes internationales du travail de la ZLECA doit \u00eatre combl\u00e9"}]},{"@type":"WebSite","@id":"https:\/\/admin.industriall-union.org\/#website","url":"https:\/\/admin.industriall-union.org\/","name":"industriall-union","description":"","potentialAction":[{"@type":"SearchAction","target":{"@type":"EntryPoint","urlTemplate":"https:\/\/admin.industriall-union.org\/?s={search_term_string}"},"query-input":{"@type":"PropertyValueSpecification","valueRequired":true,"valueName":"search_term_string"}}],"inLanguage":"fr-FR"}]}},"_links":{"self":[{"href":"https:\/\/admin.industriall-union.org\/fr\/wp-json\/wp\/v2\/article\/143305","targetHints":{"allow":["GET"]}}],"collection":[{"href":"https:\/\/admin.industriall-union.org\/fr\/wp-json\/wp\/v2\/article"}],"about":[{"href":"https:\/\/admin.industriall-union.org\/fr\/wp-json\/wp\/v2\/types\/article"}],"wp:attachment":[{"href":"https:\/\/admin.industriall-union.org\/fr\/wp-json\/wp\/v2\/media?parent=143305"}],"wp:term":[{"taxonomy":"issues","embeddable":true,"href":"https:\/\/admin.industriall-union.org\/fr\/wp-json\/wp\/v2\/issues?post=143305"},{"taxonomy":"companies","embeddable":true,"href":"https:\/\/admin.industriall-union.org\/fr\/wp-json\/wp\/v2\/companies?post=143305"},{"taxonomy":"regions","embeddable":true,"href":"https:\/\/admin.industriall-union.org\/fr\/wp-json\/wp\/v2\/regions?post=143305"},{"taxonomy":"sectors","embeddable":true,"href":"https:\/\/admin.industriall-union.org\/fr\/wp-json\/wp\/v2\/sectors?post=143305"},{"taxonomy":"article_tags","embeddable":true,"href":"https:\/\/admin.industriall-union.org\/fr\/wp-json\/wp\/v2\/article_tags?post=143305"}],"curies":[{"name":"wp","href":"https:\/\/api.w.org\/{rel}","templated":true}]}}