{"id":143228,"date":"2023-04-18T13:04:44","date_gmt":"2023-04-18T13:04:44","guid":{"rendered":"https:\/\/admin.industriall-union.org\/les-syndicats-du-myanmar-condamnent-l-039-initiative-de-l-039-ue-dans-le-secteur-de-l-039-habillement\/"},"modified":"2025-01-27T21:32:09","modified_gmt":"2025-01-27T21:32:09","slug":"les-syndicats-du-myanmar-condamnent-l-039-initiative-de-l-039-ue-dans-le-secteur-de-l-039-habillement","status":"publish","type":"article","link":"https:\/\/admin.industriall-union.org\/fr\/les-syndicats-du-myanmar-condamnent-l-039-initiative-de-l-039-ue-dans-le-secteur-de-l-039-habillement\/","title":{"rendered":"Les syndicats du Myanmar condamnent l&#039;initiative de l&#039;UE dans le secteur de l&#039;habillement"},"content":{"rendered":"<p>L&#039;Alliance multipartite pour l&#039;emploi d\u00e9cent dans l&#039;industrie du v\u00eatement au Myanmar (MADE in Myanmar) affirme promouvoir les m\u00e9canismes de dialogue social et de n\u00e9gociation collective.<\/p><p>Elle affirme soutenir la mise en place de comit\u00e9s paritaires et l&#039;\u00e9laboration de programmes de formation et de renforcement des capacit\u00e9s pour les travailleurs et la direction dans un but d&#039;am\u00e9lioration de la communication et de la collaboration. Or, une telle initiative est impossible dans un pays o\u00f9 les militaires au pouvoir depuis le coup d&#039;\u00c9tat de f\u00e9vrier 2021 r\u00e9priment f\u00e9rocement les syndicats.<\/p><p>Dans une <a href=\"\/wp-content\/uploads\/images\/2023\/MYANMAR\/2023_april_12_myanmar_labour_alliance_open_letter_to_meps.pdf\">lettre \u00e0 l&#039;Union europ\u00e9enne<\/a>, l&#039;Alliance du travail du Myanmar explique, avec d&#039;autres, que l&#039;interdiction des syndicats ind\u00e9pendants au Myanmar est une insulte \u00e0 la libert\u00e9 d&#039;association et que MADE in Myanmar aide la junte militaire dans sa qu\u00eate de l\u00e9gitimit\u00e9.<\/p><p><a href=\"\/wp-content\/uploads\/images\/2023\/MYANMAR\/joint_igu-iaetu_letter_to_eu_on_made_in_myanmar_project_18-04-2023.pdf\">IndustriALL Global Union et IndustriALL Europe ont aussi envoy\u00e9 une lettre<\/a> \u00e0 l&#039;Union europ\u00e9enne pour exprimer leurs pr\u00e9occupations devant cette initiative europ\u00e9enne :<\/p><blockquote><p>&quot;Les employeurs profitent de la situation politique pour priver les travailleurs de leurs droits. Les violations graves des droits de l&#039;homme et des travailleurs continuent au Myanmar.&quot;<\/p><\/blockquote><p>La libert\u00e9 d&#039;association est un droit humain fondamental et un principe fondamental de l&#039;Union europ\u00e9enne; les restrictions impos\u00e9es aux syndicats et \u00e0 la n\u00e9gociation collective dans un Myanmar sous r\u00e9gime militaire sont tr\u00e8s pr\u00e9occupantes et mettent en question la l\u00e9gitimit\u00e9 de cette initiative europ\u00e9enne.<\/p><p>La lettre adress\u00e9e \u00e0 l&#039;Union europ\u00e9enne souligne aussi que :<\/p><blockquote><p>&quot;Gr\u00e2ce au soutien de MADE in Myanmar, des organisations non-repr\u00e9sentatives sont homologu\u00e9es par le m\u00e9canisme d&#039;enregistrement des syndicats du Conseil administratif de l&#039;\u00c9tat (CAE). Par la mise en place de comit\u00e9s de coordination du lieu de travail &#8211; avec des repr\u00e9sentants des travailleurs tri\u00e9s sur le volet par l&#039;employeur &#8211; MADE in Myanmar offre aux employeurs et au CAE un outil de propagande faisant croire \u00e0 l&#039;existence d&#039;un dialogue social. Cela suscite l&#039;illusion que le Myanmar autorise la libert\u00e9 d&#039;association, que les syndicats sont reconnus, enregistr\u00e9s, qu&#039;ils peuvent fonctionner librement et que les droits au travail sont respect\u00e9s.&quot;<\/p><\/blockquote><p>Un <a href=\"https:\/\/www.ethicaltrade.org\/resources\/myanmar-enhanced-due-diligence-sectoral-assessment\" title=\"https:\/\/www.ethicaltrade.org\/resources\/myanmar-enhanced-due-diligence-sectoral-assessment\">rapport<\/a> command\u00e9 par la Ethical Trading Initative (ETI) en septembre 2022 d\u00e9montre l&#039;impossibilit\u00e9 pour les marques de s&#039;acquitter de leur devoir de diligence au Myanmar et d&#039;adh\u00e9rer \u00e0 des normes d&#039;activit\u00e9 responsable mondialement reconnues.<\/p><p>Le message est tr\u00e8s clair : le mouvement syndical international appelle l&#039;Union europ\u00e9enne \u00e0 ne plus soutenir le programme SMART Myanmar \/ MADE in Myanmar.<\/p><blockquote><p>&quot;IndustriALL Global Union et IndustriALL European Trade Union contestent l&#039;imposture de MADE in Myanmar qui pr\u00e9tend prot\u00e9ger les droits des travailleurs et ses activit\u00e9s qui soutiennent et l\u00e9gitiment le CAE,&quot;<\/p><\/blockquote><p>a d\u00e9clar\u00e9 le secr\u00e9taire g\u00e9n\u00e9ral d&#039;IndustriALL, Atle H\u00f8ie.<\/p>","protected":false},"featured_media":0,"template":"","issues":[],"companies":[],"regions":[177],"sectors":[],"article_tags":[],"class_list":["post-143228","article","type-article","status-publish","hentry","regions-myanmar"],"acf":[],"yoast_head":"<!-- This site is optimized with the Yoast SEO Premium plugin v27.1 (Yoast SEO v27.1) - https:\/\/yoast.com\/product\/yoast-seo-premium-wordpress\/ -->\n<title>Les syndicats du Myanmar condamnent l&#039;initiative de l&#039;UE dans le secteur de l&#039;habillement - industriall-union<\/title>\n<meta name=\"description\" content=\"L&#039;Alliance multipartite pour l&#039;emploi d\u00e9cent dans l&#039;industrie du v\u00eatement au Myanmar (MADE in Myanmar) affirme promouvoir les m\u00e9canismes de\" \/>\n<meta name=\"robots\" content=\"index, follow, max-snippet:-1, max-image-preview:large, max-video-preview:-1\" \/>\n<link rel=\"canonical\" href=\"https:\/\/admin.industriall-union.org\/fr\/les-syndicats-du-myanmar-condamnent-l-039-initiative-de-l-039-ue-dans-le-secteur-de-l-039-habillement\/\" \/>\n<meta property=\"og:locale\" content=\"fr_FR\" \/>\n<meta property=\"og:type\" content=\"article\" \/>\n<meta property=\"og:title\" content=\"Les syndicats du Myanmar condamnent l&#039;initiative de l&#039;UE dans le secteur de l&#039;habillement\" \/>\n<meta property=\"og:description\" content=\"L&#039;Alliance multipartite pour l&#039;emploi d\u00e9cent dans l&#039;industrie du v\u00eatement au Myanmar (MADE in Myanmar) affirme promouvoir les m\u00e9canismes de\" \/>\n<meta property=\"og:url\" content=\"https:\/\/admin.industriall-union.org\/fr\/les-syndicats-du-myanmar-condamnent-l-039-initiative-de-l-039-ue-dans-le-secteur-de-l-039-habillement\/\" \/>\n<meta property=\"og:site_name\" content=\"industriall-union\" \/>\n<meta property=\"article:modified_time\" content=\"2025-01-27T21:32:09+00:00\" \/>\n<meta name=\"twitter:card\" content=\"summary_large_image\" \/>\n<meta name=\"twitter:label1\" content=\"Est. reading time\" \/>\n\t<meta name=\"twitter:data1\" content=\"3 minutes\" \/>\n<script type=\"application\/ld+json\" class=\"yoast-schema-graph\">{\"@context\":\"https:\/\/schema.org\",\"@graph\":[{\"@type\":\"WebPage\",\"@id\":\"https:\/\/admin.industriall-union.org\/fr\/les-syndicats-du-myanmar-condamnent-l-039-initiative-de-l-039-ue-dans-le-secteur-de-l-039-habillement\/\",\"url\":\"https:\/\/admin.industriall-union.org\/fr\/les-syndicats-du-myanmar-condamnent-l-039-initiative-de-l-039-ue-dans-le-secteur-de-l-039-habillement\/\",\"name\":\"Les syndicats du Myanmar condamnent l&#039;initiative de l&#039;UE dans le secteur de l&#039;habillement - industriall-union\",\"isPartOf\":{\"@id\":\"https:\/\/admin.industriall-union.org\/#website\"},\"datePublished\":\"2023-04-18T13:04:44+00:00\",\"dateModified\":\"2025-01-27T21:32:09+00:00\",\"description\":\"L&#039;Alliance multipartite pour l&#039;emploi d\u00e9cent dans l&#039;industrie du v\u00eatement au Myanmar (MADE in Myanmar) affirme promouvoir les m\u00e9canismes de\",\"breadcrumb\":{\"@id\":\"https:\/\/admin.industriall-union.org\/fr\/les-syndicats-du-myanmar-condamnent-l-039-initiative-de-l-039-ue-dans-le-secteur-de-l-039-habillement\/#breadcrumb\"},\"inLanguage\":\"fr-FR\",\"potentialAction\":[{\"@type\":\"ReadAction\",\"target\":[\"https:\/\/admin.industriall-union.org\/fr\/les-syndicats-du-myanmar-condamnent-l-039-initiative-de-l-039-ue-dans-le-secteur-de-l-039-habillement\/\"]}]},{\"@type\":\"BreadcrumbList\",\"@id\":\"https:\/\/admin.industriall-union.org\/fr\/les-syndicats-du-myanmar-condamnent-l-039-initiative-de-l-039-ue-dans-le-secteur-de-l-039-habillement\/#breadcrumb\",\"itemListElement\":[{\"@type\":\"ListItem\",\"position\":1,\"name\":\"Home\",\"item\":\"https:\/\/admin.industriall-union.org\/\"},{\"@type\":\"ListItem\",\"position\":2,\"name\":\"Articles\",\"item\":\"https:\/\/admin.industriall-union.org\/article\/\"},{\"@type\":\"ListItem\",\"position\":3,\"name\":\"Les syndicats du Myanmar condamnent l&#039;initiative de l&#039;UE dans le secteur de l&#039;habillement\"}]},{\"@type\":\"WebSite\",\"@id\":\"https:\/\/admin.industriall-union.org\/#website\",\"url\":\"https:\/\/admin.industriall-union.org\/\",\"name\":\"industriall-union\",\"description\":\"\",\"potentialAction\":[{\"@type\":\"SearchAction\",\"target\":{\"@type\":\"EntryPoint\",\"urlTemplate\":\"https:\/\/admin.industriall-union.org\/?s={search_term_string}\"},\"query-input\":{\"@type\":\"PropertyValueSpecification\",\"valueRequired\":true,\"valueName\":\"search_term_string\"}}],\"inLanguage\":\"fr-FR\"}]}<\/script>\n<!-- \/ Yoast SEO Premium plugin. -->","yoast_head_json":{"title":"Les syndicats du Myanmar condamnent l&#039;initiative de l&#039;UE dans le secteur de l&#039;habillement - industriall-union","description":"L&#039;Alliance multipartite pour l&#039;emploi d\u00e9cent dans l&#039;industrie du v\u00eatement au Myanmar (MADE in Myanmar) affirme promouvoir les m\u00e9canismes de","robots":{"index":"index","follow":"follow","max-snippet":"max-snippet:-1","max-image-preview":"max-image-preview:large","max-video-preview":"max-video-preview:-1"},"canonical":"https:\/\/admin.industriall-union.org\/fr\/les-syndicats-du-myanmar-condamnent-l-039-initiative-de-l-039-ue-dans-le-secteur-de-l-039-habillement\/","og_locale":"fr_FR","og_type":"article","og_title":"Les syndicats du Myanmar condamnent l&#039;initiative de l&#039;UE dans le secteur de l&#039;habillement","og_description":"L&#039;Alliance multipartite pour l&#039;emploi d\u00e9cent dans l&#039;industrie du v\u00eatement au Myanmar (MADE in Myanmar) affirme promouvoir les m\u00e9canismes de","og_url":"https:\/\/admin.industriall-union.org\/fr\/les-syndicats-du-myanmar-condamnent-l-039-initiative-de-l-039-ue-dans-le-secteur-de-l-039-habillement\/","og_site_name":"industriall-union","article_modified_time":"2025-01-27T21:32:09+00:00","twitter_card":"summary_large_image","twitter_misc":{"Est. reading time":"3 minutes"},"schema":{"@context":"https:\/\/schema.org","@graph":[{"@type":"WebPage","@id":"https:\/\/admin.industriall-union.org\/fr\/les-syndicats-du-myanmar-condamnent-l-039-initiative-de-l-039-ue-dans-le-secteur-de-l-039-habillement\/","url":"https:\/\/admin.industriall-union.org\/fr\/les-syndicats-du-myanmar-condamnent-l-039-initiative-de-l-039-ue-dans-le-secteur-de-l-039-habillement\/","name":"Les syndicats du Myanmar condamnent l&#039;initiative de l&#039;UE dans le secteur de l&#039;habillement - industriall-union","isPartOf":{"@id":"https:\/\/admin.industriall-union.org\/#website"},"datePublished":"2023-04-18T13:04:44+00:00","dateModified":"2025-01-27T21:32:09+00:00","description":"L&#039;Alliance multipartite pour l&#039;emploi d\u00e9cent dans l&#039;industrie du v\u00eatement au Myanmar (MADE in Myanmar) affirme promouvoir les m\u00e9canismes de","breadcrumb":{"@id":"https:\/\/admin.industriall-union.org\/fr\/les-syndicats-du-myanmar-condamnent-l-039-initiative-de-l-039-ue-dans-le-secteur-de-l-039-habillement\/#breadcrumb"},"inLanguage":"fr-FR","potentialAction":[{"@type":"ReadAction","target":["https:\/\/admin.industriall-union.org\/fr\/les-syndicats-du-myanmar-condamnent-l-039-initiative-de-l-039-ue-dans-le-secteur-de-l-039-habillement\/"]}]},{"@type":"BreadcrumbList","@id":"https:\/\/admin.industriall-union.org\/fr\/les-syndicats-du-myanmar-condamnent-l-039-initiative-de-l-039-ue-dans-le-secteur-de-l-039-habillement\/#breadcrumb","itemListElement":[{"@type":"ListItem","position":1,"name":"Home","item":"https:\/\/admin.industriall-union.org\/"},{"@type":"ListItem","position":2,"name":"Articles","item":"https:\/\/admin.industriall-union.org\/article\/"},{"@type":"ListItem","position":3,"name":"Les syndicats du Myanmar condamnent l&#039;initiative de l&#039;UE dans le secteur de l&#039;habillement"}]},{"@type":"WebSite","@id":"https:\/\/admin.industriall-union.org\/#website","url":"https:\/\/admin.industriall-union.org\/","name":"industriall-union","description":"","potentialAction":[{"@type":"SearchAction","target":{"@type":"EntryPoint","urlTemplate":"https:\/\/admin.industriall-union.org\/?s={search_term_string}"},"query-input":{"@type":"PropertyValueSpecification","valueRequired":true,"valueName":"search_term_string"}}],"inLanguage":"fr-FR"}]}},"_links":{"self":[{"href":"https:\/\/admin.industriall-union.org\/fr\/wp-json\/wp\/v2\/article\/143228","targetHints":{"allow":["GET"]}}],"collection":[{"href":"https:\/\/admin.industriall-union.org\/fr\/wp-json\/wp\/v2\/article"}],"about":[{"href":"https:\/\/admin.industriall-union.org\/fr\/wp-json\/wp\/v2\/types\/article"}],"wp:attachment":[{"href":"https:\/\/admin.industriall-union.org\/fr\/wp-json\/wp\/v2\/media?parent=143228"}],"wp:term":[{"taxonomy":"issues","embeddable":true,"href":"https:\/\/admin.industriall-union.org\/fr\/wp-json\/wp\/v2\/issues?post=143228"},{"taxonomy":"companies","embeddable":true,"href":"https:\/\/admin.industriall-union.org\/fr\/wp-json\/wp\/v2\/companies?post=143228"},{"taxonomy":"regions","embeddable":true,"href":"https:\/\/admin.industriall-union.org\/fr\/wp-json\/wp\/v2\/regions?post=143228"},{"taxonomy":"sectors","embeddable":true,"href":"https:\/\/admin.industriall-union.org\/fr\/wp-json\/wp\/v2\/sectors?post=143228"},{"taxonomy":"article_tags","embeddable":true,"href":"https:\/\/admin.industriall-union.org\/fr\/wp-json\/wp\/v2\/article_tags?post=143228"}],"curies":[{"name":"wp","href":"https:\/\/api.w.org\/{rel}","templated":true}]}}