{"id":143220,"date":"2023-04-21T11:49:26","date_gmt":"2023-04-21T11:49:26","guid":{"rendered":"https:\/\/admin.industriall-union.org\/le-kmwu-annonce-des-greves-nationales-contre-des-politiques-anti-travailleurs\/"},"modified":"2025-01-27T21:25:05","modified_gmt":"2025-01-27T21:25:05","slug":"le-kmwu-annonce-des-greves-nationales-contre-des-politiques-anti-travailleurs","status":"publish","type":"article","link":"https:\/\/admin.industriall-union.org\/fr\/le-kmwu-annonce-des-greves-nationales-contre-des-politiques-anti-travailleurs\/","title":{"rendered":"Le KMWU annonce des gr\u00e8ves nationales contre des politiques anti-travailleurs"},"content":{"rendered":"<blockquote><p>&quot;C&rsquo;est une d\u00e9claration de guerre contre les syndicats. Pour les institutions gouvernementales, les syndicats sont des organisations corrompues et violentes et les syndicalistes sont des rouges,&quot;<\/p><\/blockquote><p>a d\u00e9clar\u00e9 Yoon Jang Hyeok en s&#039;adressant aux travailleurs pendant la manifestation.<\/p><figure class=\"imageArticle imageFull\"><img decoding=\"async\" alt=\"\" src=\"\" style=\"width: 1432px;height: 910px\" \/><figcaption class=\"imageContent\"><div class=\"imageCaption\"><p>Les membres du KMWU \u00e0 la manifestation du 19 avril \u00e0 S\u00e9oul<\/p><\/div><\/figcaption><\/figure><p>Plus de 10.000 adh\u00e9rents du KMWU \u00e9taient rassembl\u00e9s dans le centre de S\u00e9oul o\u00f9 son pr\u00e9sident, Yoon Jang Hyeok, a invit\u00e9 les activistes et militants \u00e0 organiser, le 31 mai, une gr\u00e8ve d&#039;avertissement suivie d&#039;une gr\u00e8ve nationale en juillet, pour protester contre les politiques hostiles aux travailleurs vot\u00e9es par le r\u00e9gime de Yoon Seok-youl.<\/p><blockquote><p>&quot;Le gouvernement veut faire adopter une loi qui instaurerait une semaine de travail de 69 heures et permettrait de d\u00e9roger \u00e0 la structure salariale, y compris au salaire minimum, tout en d\u00e9r\u00e9glementant les chaebols (conglom\u00e9rats d&#039;entreprises familiaux) et leur accordant des exon\u00e9rations fiscales. Le pr\u00e9sident bloque la r\u00e9forme de la l\u00e9gislation du travail pourtant n\u00e9cessaire pour prot\u00e9ger les droits au travail inscrits dans la constitution,&quot;<\/p><\/blockquote><p>poursuit Yoon Jang Hyeok.<\/p><p>Le KMWU appelle aussi le gouvernement \u00e0 r\u00e9former les articles 2 et 3 de la Loi d&#039;adaptation sur les syndicats et les relations de travail (TULRAA), comme l&#039;y oblige le fait que la Cor\u00e9e ait ratifi\u00e9 les conventions 87 et 98 de l&#039;OIT en avril 2021.<\/p><p>Le syndicat insiste sur le fait que ces amendements sont essentiels pour \u00e9largir la d\u00e9finition de la notion de travailleur et pour prot\u00e9ger les droits des travailleurs en sous-traitance de n\u00e9gocier avec l&#039;employeur principal. Les dispositions actuelles, qui n&#039;offrent qu&#039;une protection limit\u00e9e aux gr\u00e9vistes, doivent aussi \u00eatre soumises \u00e0 r\u00e9vision.<\/p><p>Les d\u00e9put\u00e9s ont pr\u00e9par\u00e9 leur proposition de loi \u00e0 partir d&#039;une version \u00e9dulcor\u00e9e des articles 2 et 3 r\u00e9vis\u00e9s de la TULRAA. Le texte est maintenant devant une commission de l&#039;Assembl\u00e9e nationale compos\u00e9e en majorit\u00e9 de membres du parti au pouvoir. M\u00eame si la commission adoptait la proposition de loi, le pr\u00e9sident cor\u00e9en Yoon Seok-youl a annonc\u00e9 qu&#039;il opposerait son v\u00e9to.<\/p><p>Pour le KMWU, bien que la proposition de loi \u00e9largisse la d\u00e9finition du terme employeur, elle reste muette sur d&#039;importants aspects, comme la perturbation du droit de gr\u00e8ve. Il affirme que les droits fondamentaux des travailleurs ne sont pas pleinement pris en consid\u00e9ration, mais que cette proposition de loi est un pas dans la bonne direction et que le combat pour la r\u00e9vision de la TULRAA continuera.<\/p><blockquote><p>&quot;IndustriALL Global Union est solidaire des syndicats cor\u00e9ens dans leur lutte contre des politiques hostiles aux travailleurs et soutient inconditionnellement la gr\u00e8ve g\u00e9n\u00e9rale. Nous exhortons le gouvernement \u00e0 honorer ses obligations internationales en rapport avec le droit de gr\u00e8ve et la n\u00e9gociation collective, apr\u00e8s la ratification des deux conventions de l&#039;OIT,&quot;<\/p><\/blockquote><p>a d\u00e9clar\u00e9 Kemal \u00d6zkan, secr\u00e9taire g\u00e9n\u00e9ral d&#039;IndustriALL.<\/p>","protected":false},"featured_media":0,"template":"","issues":[],"companies":[],"regions":[170],"sectors":[],"article_tags":[],"class_list":["post-143220","article","type-article","status-publish","hentry","regions-korea"],"acf":[],"yoast_head":"<!-- This site is optimized with the Yoast SEO Premium plugin v27.1 (Yoast SEO v27.1) - https:\/\/yoast.com\/product\/yoast-seo-premium-wordpress\/ -->\n<title>Le KMWU annonce des gr\u00e8ves nationales contre des politiques anti-travailleurs - industriall-union<\/title>\n<meta name=\"description\" content=\"&quot;C&rsquo;est une d\u00e9claration de guerre contre les syndicats. Pour les institutions gouvernementales, les syndicats sont des organisations corrompues\" \/>\n<meta name=\"robots\" content=\"index, follow, max-snippet:-1, max-image-preview:large, max-video-preview:-1\" \/>\n<link rel=\"canonical\" href=\"https:\/\/admin.industriall-union.org\/fr\/le-kmwu-annonce-des-greves-nationales-contre-des-politiques-anti-travailleurs\/\" \/>\n<meta property=\"og:locale\" content=\"fr_FR\" \/>\n<meta property=\"og:type\" content=\"article\" \/>\n<meta property=\"og:title\" content=\"Le KMWU annonce des gr\u00e8ves nationales contre des politiques anti-travailleurs\" \/>\n<meta property=\"og:description\" content=\"&quot;C&rsquo;est une d\u00e9claration de guerre contre les syndicats. Pour les institutions gouvernementales, les syndicats sont des organisations corrompues\" \/>\n<meta property=\"og:url\" content=\"https:\/\/admin.industriall-union.org\/fr\/le-kmwu-annonce-des-greves-nationales-contre-des-politiques-anti-travailleurs\/\" \/>\n<meta property=\"og:site_name\" content=\"industriall-union\" \/>\n<meta property=\"article:modified_time\" content=\"2025-01-27T21:25:05+00:00\" \/>\n<meta name=\"twitter:card\" content=\"summary_large_image\" \/>\n<meta name=\"twitter:label1\" content=\"Est. reading time\" \/>\n\t<meta name=\"twitter:data1\" content=\"3 minutes\" \/>\n<script type=\"application\/ld+json\" class=\"yoast-schema-graph\">{\"@context\":\"https:\/\/schema.org\",\"@graph\":[{\"@type\":\"WebPage\",\"@id\":\"https:\/\/admin.industriall-union.org\/fr\/le-kmwu-annonce-des-greves-nationales-contre-des-politiques-anti-travailleurs\/\",\"url\":\"https:\/\/admin.industriall-union.org\/fr\/le-kmwu-annonce-des-greves-nationales-contre-des-politiques-anti-travailleurs\/\",\"name\":\"Le KMWU annonce des gr\u00e8ves nationales contre des politiques anti-travailleurs - industriall-union\",\"isPartOf\":{\"@id\":\"https:\/\/admin.industriall-union.org\/#website\"},\"datePublished\":\"2023-04-21T11:49:26+00:00\",\"dateModified\":\"2025-01-27T21:25:05+00:00\",\"description\":\"&quot;C&rsquo;est une d\u00e9claration de guerre contre les syndicats. Pour les institutions gouvernementales, les syndicats sont des organisations corrompues\",\"breadcrumb\":{\"@id\":\"https:\/\/admin.industriall-union.org\/fr\/le-kmwu-annonce-des-greves-nationales-contre-des-politiques-anti-travailleurs\/#breadcrumb\"},\"inLanguage\":\"fr-FR\",\"potentialAction\":[{\"@type\":\"ReadAction\",\"target\":[\"https:\/\/admin.industriall-union.org\/fr\/le-kmwu-annonce-des-greves-nationales-contre-des-politiques-anti-travailleurs\/\"]}]},{\"@type\":\"BreadcrumbList\",\"@id\":\"https:\/\/admin.industriall-union.org\/fr\/le-kmwu-annonce-des-greves-nationales-contre-des-politiques-anti-travailleurs\/#breadcrumb\",\"itemListElement\":[{\"@type\":\"ListItem\",\"position\":1,\"name\":\"Home\",\"item\":\"https:\/\/admin.industriall-union.org\/\"},{\"@type\":\"ListItem\",\"position\":2,\"name\":\"Articles\",\"item\":\"https:\/\/admin.industriall-union.org\/article\/\"},{\"@type\":\"ListItem\",\"position\":3,\"name\":\"Le KMWU annonce des gr\u00e8ves nationales contre des politiques anti-travailleurs\"}]},{\"@type\":\"WebSite\",\"@id\":\"https:\/\/admin.industriall-union.org\/#website\",\"url\":\"https:\/\/admin.industriall-union.org\/\",\"name\":\"industriall-union\",\"description\":\"\",\"potentialAction\":[{\"@type\":\"SearchAction\",\"target\":{\"@type\":\"EntryPoint\",\"urlTemplate\":\"https:\/\/admin.industriall-union.org\/?s={search_term_string}\"},\"query-input\":{\"@type\":\"PropertyValueSpecification\",\"valueRequired\":true,\"valueName\":\"search_term_string\"}}],\"inLanguage\":\"fr-FR\"}]}<\/script>\n<!-- \/ Yoast SEO Premium plugin. -->","yoast_head_json":{"title":"Le KMWU annonce des gr\u00e8ves nationales contre des politiques anti-travailleurs - industriall-union","description":"&quot;C&rsquo;est une d\u00e9claration de guerre contre les syndicats. Pour les institutions gouvernementales, les syndicats sont des organisations corrompues","robots":{"index":"index","follow":"follow","max-snippet":"max-snippet:-1","max-image-preview":"max-image-preview:large","max-video-preview":"max-video-preview:-1"},"canonical":"https:\/\/admin.industriall-union.org\/fr\/le-kmwu-annonce-des-greves-nationales-contre-des-politiques-anti-travailleurs\/","og_locale":"fr_FR","og_type":"article","og_title":"Le KMWU annonce des gr\u00e8ves nationales contre des politiques anti-travailleurs","og_description":"&quot;C&rsquo;est une d\u00e9claration de guerre contre les syndicats. Pour les institutions gouvernementales, les syndicats sont des organisations corrompues","og_url":"https:\/\/admin.industriall-union.org\/fr\/le-kmwu-annonce-des-greves-nationales-contre-des-politiques-anti-travailleurs\/","og_site_name":"industriall-union","article_modified_time":"2025-01-27T21:25:05+00:00","twitter_card":"summary_large_image","twitter_misc":{"Est. reading time":"3 minutes"},"schema":{"@context":"https:\/\/schema.org","@graph":[{"@type":"WebPage","@id":"https:\/\/admin.industriall-union.org\/fr\/le-kmwu-annonce-des-greves-nationales-contre-des-politiques-anti-travailleurs\/","url":"https:\/\/admin.industriall-union.org\/fr\/le-kmwu-annonce-des-greves-nationales-contre-des-politiques-anti-travailleurs\/","name":"Le KMWU annonce des gr\u00e8ves nationales contre des politiques anti-travailleurs - industriall-union","isPartOf":{"@id":"https:\/\/admin.industriall-union.org\/#website"},"datePublished":"2023-04-21T11:49:26+00:00","dateModified":"2025-01-27T21:25:05+00:00","description":"&quot;C&rsquo;est une d\u00e9claration de guerre contre les syndicats. Pour les institutions gouvernementales, les syndicats sont des organisations corrompues","breadcrumb":{"@id":"https:\/\/admin.industriall-union.org\/fr\/le-kmwu-annonce-des-greves-nationales-contre-des-politiques-anti-travailleurs\/#breadcrumb"},"inLanguage":"fr-FR","potentialAction":[{"@type":"ReadAction","target":["https:\/\/admin.industriall-union.org\/fr\/le-kmwu-annonce-des-greves-nationales-contre-des-politiques-anti-travailleurs\/"]}]},{"@type":"BreadcrumbList","@id":"https:\/\/admin.industriall-union.org\/fr\/le-kmwu-annonce-des-greves-nationales-contre-des-politiques-anti-travailleurs\/#breadcrumb","itemListElement":[{"@type":"ListItem","position":1,"name":"Home","item":"https:\/\/admin.industriall-union.org\/"},{"@type":"ListItem","position":2,"name":"Articles","item":"https:\/\/admin.industriall-union.org\/article\/"},{"@type":"ListItem","position":3,"name":"Le KMWU annonce des gr\u00e8ves nationales contre des politiques anti-travailleurs"}]},{"@type":"WebSite","@id":"https:\/\/admin.industriall-union.org\/#website","url":"https:\/\/admin.industriall-union.org\/","name":"industriall-union","description":"","potentialAction":[{"@type":"SearchAction","target":{"@type":"EntryPoint","urlTemplate":"https:\/\/admin.industriall-union.org\/?s={search_term_string}"},"query-input":{"@type":"PropertyValueSpecification","valueRequired":true,"valueName":"search_term_string"}}],"inLanguage":"fr-FR"}]}},"_links":{"self":[{"href":"https:\/\/admin.industriall-union.org\/fr\/wp-json\/wp\/v2\/article\/143220","targetHints":{"allow":["GET"]}}],"collection":[{"href":"https:\/\/admin.industriall-union.org\/fr\/wp-json\/wp\/v2\/article"}],"about":[{"href":"https:\/\/admin.industriall-union.org\/fr\/wp-json\/wp\/v2\/types\/article"}],"wp:attachment":[{"href":"https:\/\/admin.industriall-union.org\/fr\/wp-json\/wp\/v2\/media?parent=143220"}],"wp:term":[{"taxonomy":"issues","embeddable":true,"href":"https:\/\/admin.industriall-union.org\/fr\/wp-json\/wp\/v2\/issues?post=143220"},{"taxonomy":"companies","embeddable":true,"href":"https:\/\/admin.industriall-union.org\/fr\/wp-json\/wp\/v2\/companies?post=143220"},{"taxonomy":"regions","embeddable":true,"href":"https:\/\/admin.industriall-union.org\/fr\/wp-json\/wp\/v2\/regions?post=143220"},{"taxonomy":"sectors","embeddable":true,"href":"https:\/\/admin.industriall-union.org\/fr\/wp-json\/wp\/v2\/sectors?post=143220"},{"taxonomy":"article_tags","embeddable":true,"href":"https:\/\/admin.industriall-union.org\/fr\/wp-json\/wp\/v2\/article_tags?post=143220"}],"curies":[{"name":"wp","href":"https:\/\/api.w.org\/{rel}","templated":true}]}}