{"id":143191,"date":"2023-05-18T12:23:20","date_gmt":"2023-05-18T12:23:20","guid":{"rendered":"https:\/\/admin.industriall-union.org\/les-syndicats-coreens-ont-besoin-de-votre-solidarite\/"},"modified":"2025-01-27T20:58:59","modified_gmt":"2025-01-27T20:58:59","slug":"les-syndicats-coreens-ont-besoin-de-votre-solidarite","status":"publish","type":"article","link":"https:\/\/admin.industriall-union.org\/fr\/les-syndicats-coreens-ont-besoin-de-votre-solidarite\/","title":{"rendered":"Les syndicats cor\u00e9ens ont besoin de votre solidarit\u00e9"},"content":{"rendered":"<p>La rh\u00e9torique antisyndicale du pr\u00e9sident Yoon Suk-yeol et le recours ill\u00e9gitime aux procureurs et \u00e0 la police pour attaquer les syndicats ont donn\u00e9 au plan national une tonalit\u00e9 qui se r\u00e9percute sur les lieux de travail dans tout le pays, avec des attaques de plus en plus violentes \u00e0 l&rsquo;encontre des syndicalistes.<\/p><p>Le 4 mai, un directeur d&rsquo;ILJIN Hysolus, fournisseur de Hyundai Motor et de BMW, a fonc\u00e9 avec sa voiture sur des dirigeants syndicaux locaux, tuant trois d&rsquo;entre eux et blessant gri\u00e8vement le vice-pr\u00e9sident du syndicat.<\/p><p>Le 1er mai, Yang Hoe-Dong, chef de district du Syndicat cor\u00e9en des travailleurs de la construction (KCWU), s&rsquo;est tragiquement immol\u00e9 par le feu pour protester contre le harc\u00e8lement des syndicalistes par les autorit\u00e9s gouvernementales. Yang, l&rsquo;une des victimes de ce harc\u00e8lement, est malheureusement d\u00e9c\u00e9d\u00e9 des suites de graves br\u00fblures.<\/p><p>Le 17 mai, quelque 40.000 syndicalistes se sont mobilis\u00e9s \u00e0 S\u00e9oul pour protester contre l&rsquo;administration du pr\u00e9sident Yoon.<\/p><p>Le Conseil de Global Unions a <a href=\"https:\/\/www.industriall-union.org\/the-council-of-global-unions-cgu-condemns-flagrant-worker-rights-violations-in-south-korea-that-led\">condamn\u00e9 les r\u00e9centes attaques<\/a>, le harc\u00e8lement judiciaire et l&rsquo;ing\u00e9rence dans les activit\u00e9s l\u00e9gitimes des syndicats et les droits des travailleurs en Cor\u00e9e du Sud.<\/p><p>En r\u00e9ponse \u00e0 la campagne orchestr\u00e9e contre les syndicats, l&rsquo;affili\u00e9 d&rsquo;IndustriALL KMWU appelle \u00e0 une gr\u00e8ve d&rsquo;avertissement de 4 heures le 31 mai. Les adh\u00e9rents sont invit\u00e9s \u00e0 se croiser les bras pendant quatre heures et \u00e0 descendre dans les rues de S\u00e9oul et d&rsquo;autres r\u00e9gions pour appeler le gouvernement \u00e0 cesser les attaques actuelles contre les droits du travail et les syndicats.<\/p><p>Le KMWU demande au gouvernement de cesser imm\u00e9diatement de harceler les syndicats et d&rsquo;\u00e9tablir des relations sociales constructives et stables dans lesquelles les droits des travailleurs sont prot\u00e9g\u00e9s.<\/p><blockquote><p>&ldquo;Le gouvernement cor\u00e9en cherche \u00e0 donner une image n\u00e9gative des syndicats, ce qui a des cons\u00e9quences n\u00e9fastes pour les travailleurs. La syndicalisation est un droit et non un crime&rdquo;.<\/p><\/blockquote><p>a d\u00e9clar\u00e9 le Secr\u00e9taire g\u00e9n\u00e9ral d&rsquo;IndustriALL, Atle H\u00f8ie.<\/p><p>IndustriALL soutient le KMWU dans sa lutte pour mettre fin au climat de peur et d&rsquo;intimidation auquel les syndicats cor\u00e9ens sont actuellement soumis et appelle ses affili\u00e9s du monde entier \u00e0 se joindre \u00e0 la campagne de solidarit\u00e9.<\/p>","protected":false},"featured_media":0,"template":"","issues":[422,424,425],"companies":[],"regions":[170],"sectors":[481],"article_tags":[],"class_list":["post-143191","article","type-article","status-publish","hentry","issues-human-trade-union-rights","issues-violation","issues-workers-rights","regions-korea","sectors-base-metals"],"acf":[],"yoast_head":"<!-- This site is optimized with the Yoast SEO Premium plugin v27.1 (Yoast SEO v27.1) - https:\/\/yoast.com\/product\/yoast-seo-premium-wordpress\/ -->\n<title>Les syndicats cor\u00e9ens ont besoin de votre solidarit\u00e9 - industriall-union<\/title>\n<meta name=\"description\" content=\"La rh\u00e9torique antisyndicale du pr\u00e9sident Yoon Suk-yeol et le recours ill\u00e9gitime aux procureurs et \u00e0 la police pour attaquer les syndicats ont donn\u00e9 au\" \/>\n<meta name=\"robots\" content=\"index, follow, max-snippet:-1, max-image-preview:large, max-video-preview:-1\" \/>\n<link rel=\"canonical\" href=\"https:\/\/admin.industriall-union.org\/fr\/les-syndicats-coreens-ont-besoin-de-votre-solidarite\/\" \/>\n<meta property=\"og:locale\" content=\"fr_FR\" \/>\n<meta property=\"og:type\" content=\"article\" \/>\n<meta property=\"og:title\" content=\"Les syndicats cor\u00e9ens ont besoin de votre solidarit\u00e9\" \/>\n<meta property=\"og:description\" content=\"La rh\u00e9torique antisyndicale du pr\u00e9sident Yoon Suk-yeol et le recours ill\u00e9gitime aux procureurs et \u00e0 la police pour attaquer les syndicats ont donn\u00e9 au\" \/>\n<meta property=\"og:url\" content=\"https:\/\/admin.industriall-union.org\/fr\/les-syndicats-coreens-ont-besoin-de-votre-solidarite\/\" \/>\n<meta property=\"og:site_name\" content=\"industriall-union\" \/>\n<meta property=\"article:modified_time\" content=\"2025-01-27T20:58:59+00:00\" \/>\n<meta name=\"twitter:card\" content=\"summary_large_image\" \/>\n<meta name=\"twitter:label1\" content=\"Est. reading time\" \/>\n\t<meta name=\"twitter:data1\" content=\"2 minutes\" \/>\n<script type=\"application\/ld+json\" class=\"yoast-schema-graph\">{\"@context\":\"https:\/\/schema.org\",\"@graph\":[{\"@type\":\"WebPage\",\"@id\":\"https:\/\/admin.industriall-union.org\/fr\/les-syndicats-coreens-ont-besoin-de-votre-solidarite\/\",\"url\":\"https:\/\/admin.industriall-union.org\/fr\/les-syndicats-coreens-ont-besoin-de-votre-solidarite\/\",\"name\":\"Les syndicats cor\u00e9ens ont besoin de votre solidarit\u00e9 - industriall-union\",\"isPartOf\":{\"@id\":\"https:\/\/admin.industriall-union.org\/#website\"},\"datePublished\":\"2023-05-18T12:23:20+00:00\",\"dateModified\":\"2025-01-27T20:58:59+00:00\",\"description\":\"La rh\u00e9torique antisyndicale du pr\u00e9sident Yoon Suk-yeol et le recours ill\u00e9gitime aux procureurs et \u00e0 la police pour attaquer les syndicats ont donn\u00e9 au\",\"breadcrumb\":{\"@id\":\"https:\/\/admin.industriall-union.org\/fr\/les-syndicats-coreens-ont-besoin-de-votre-solidarite\/#breadcrumb\"},\"inLanguage\":\"fr-FR\",\"potentialAction\":[{\"@type\":\"ReadAction\",\"target\":[\"https:\/\/admin.industriall-union.org\/fr\/les-syndicats-coreens-ont-besoin-de-votre-solidarite\/\"]}]},{\"@type\":\"BreadcrumbList\",\"@id\":\"https:\/\/admin.industriall-union.org\/fr\/les-syndicats-coreens-ont-besoin-de-votre-solidarite\/#breadcrumb\",\"itemListElement\":[{\"@type\":\"ListItem\",\"position\":1,\"name\":\"Home\",\"item\":\"https:\/\/admin.industriall-union.org\/\"},{\"@type\":\"ListItem\",\"position\":2,\"name\":\"Articles\",\"item\":\"https:\/\/admin.industriall-union.org\/article\/\"},{\"@type\":\"ListItem\",\"position\":3,\"name\":\"Les syndicats cor\u00e9ens ont besoin de votre solidarit\u00e9\"}]},{\"@type\":\"WebSite\",\"@id\":\"https:\/\/admin.industriall-union.org\/#website\",\"url\":\"https:\/\/admin.industriall-union.org\/\",\"name\":\"industriall-union\",\"description\":\"\",\"potentialAction\":[{\"@type\":\"SearchAction\",\"target\":{\"@type\":\"EntryPoint\",\"urlTemplate\":\"https:\/\/admin.industriall-union.org\/?s={search_term_string}\"},\"query-input\":{\"@type\":\"PropertyValueSpecification\",\"valueRequired\":true,\"valueName\":\"search_term_string\"}}],\"inLanguage\":\"fr-FR\"}]}<\/script>\n<!-- \/ Yoast SEO Premium plugin. -->","yoast_head_json":{"title":"Les syndicats cor\u00e9ens ont besoin de votre solidarit\u00e9 - industriall-union","description":"La rh\u00e9torique antisyndicale du pr\u00e9sident Yoon Suk-yeol et le recours ill\u00e9gitime aux procureurs et \u00e0 la police pour attaquer les syndicats ont donn\u00e9 au","robots":{"index":"index","follow":"follow","max-snippet":"max-snippet:-1","max-image-preview":"max-image-preview:large","max-video-preview":"max-video-preview:-1"},"canonical":"https:\/\/admin.industriall-union.org\/fr\/les-syndicats-coreens-ont-besoin-de-votre-solidarite\/","og_locale":"fr_FR","og_type":"article","og_title":"Les syndicats cor\u00e9ens ont besoin de votre solidarit\u00e9","og_description":"La rh\u00e9torique antisyndicale du pr\u00e9sident Yoon Suk-yeol et le recours ill\u00e9gitime aux procureurs et \u00e0 la police pour attaquer les syndicats ont donn\u00e9 au","og_url":"https:\/\/admin.industriall-union.org\/fr\/les-syndicats-coreens-ont-besoin-de-votre-solidarite\/","og_site_name":"industriall-union","article_modified_time":"2025-01-27T20:58:59+00:00","twitter_card":"summary_large_image","twitter_misc":{"Est. reading time":"2 minutes"},"schema":{"@context":"https:\/\/schema.org","@graph":[{"@type":"WebPage","@id":"https:\/\/admin.industriall-union.org\/fr\/les-syndicats-coreens-ont-besoin-de-votre-solidarite\/","url":"https:\/\/admin.industriall-union.org\/fr\/les-syndicats-coreens-ont-besoin-de-votre-solidarite\/","name":"Les syndicats cor\u00e9ens ont besoin de votre solidarit\u00e9 - industriall-union","isPartOf":{"@id":"https:\/\/admin.industriall-union.org\/#website"},"datePublished":"2023-05-18T12:23:20+00:00","dateModified":"2025-01-27T20:58:59+00:00","description":"La rh\u00e9torique antisyndicale du pr\u00e9sident Yoon Suk-yeol et le recours ill\u00e9gitime aux procureurs et \u00e0 la police pour attaquer les syndicats ont donn\u00e9 au","breadcrumb":{"@id":"https:\/\/admin.industriall-union.org\/fr\/les-syndicats-coreens-ont-besoin-de-votre-solidarite\/#breadcrumb"},"inLanguage":"fr-FR","potentialAction":[{"@type":"ReadAction","target":["https:\/\/admin.industriall-union.org\/fr\/les-syndicats-coreens-ont-besoin-de-votre-solidarite\/"]}]},{"@type":"BreadcrumbList","@id":"https:\/\/admin.industriall-union.org\/fr\/les-syndicats-coreens-ont-besoin-de-votre-solidarite\/#breadcrumb","itemListElement":[{"@type":"ListItem","position":1,"name":"Home","item":"https:\/\/admin.industriall-union.org\/"},{"@type":"ListItem","position":2,"name":"Articles","item":"https:\/\/admin.industriall-union.org\/article\/"},{"@type":"ListItem","position":3,"name":"Les syndicats cor\u00e9ens ont besoin de votre solidarit\u00e9"}]},{"@type":"WebSite","@id":"https:\/\/admin.industriall-union.org\/#website","url":"https:\/\/admin.industriall-union.org\/","name":"industriall-union","description":"","potentialAction":[{"@type":"SearchAction","target":{"@type":"EntryPoint","urlTemplate":"https:\/\/admin.industriall-union.org\/?s={search_term_string}"},"query-input":{"@type":"PropertyValueSpecification","valueRequired":true,"valueName":"search_term_string"}}],"inLanguage":"fr-FR"}]}},"_links":{"self":[{"href":"https:\/\/admin.industriall-union.org\/fr\/wp-json\/wp\/v2\/article\/143191","targetHints":{"allow":["GET"]}}],"collection":[{"href":"https:\/\/admin.industriall-union.org\/fr\/wp-json\/wp\/v2\/article"}],"about":[{"href":"https:\/\/admin.industriall-union.org\/fr\/wp-json\/wp\/v2\/types\/article"}],"wp:attachment":[{"href":"https:\/\/admin.industriall-union.org\/fr\/wp-json\/wp\/v2\/media?parent=143191"}],"wp:term":[{"taxonomy":"issues","embeddable":true,"href":"https:\/\/admin.industriall-union.org\/fr\/wp-json\/wp\/v2\/issues?post=143191"},{"taxonomy":"companies","embeddable":true,"href":"https:\/\/admin.industriall-union.org\/fr\/wp-json\/wp\/v2\/companies?post=143191"},{"taxonomy":"regions","embeddable":true,"href":"https:\/\/admin.industriall-union.org\/fr\/wp-json\/wp\/v2\/regions?post=143191"},{"taxonomy":"sectors","embeddable":true,"href":"https:\/\/admin.industriall-union.org\/fr\/wp-json\/wp\/v2\/sectors?post=143191"},{"taxonomy":"article_tags","embeddable":true,"href":"https:\/\/admin.industriall-union.org\/fr\/wp-json\/wp\/v2\/article_tags?post=143191"}],"curies":[{"name":"wp","href":"https:\/\/api.w.org\/{rel}","templated":true}]}}