{"id":143144,"date":"2023-06-15T15:30:53","date_gmt":"2023-06-15T15:30:53","guid":{"rendered":"https:\/\/admin.industriall-union.org\/l-armee-casse-la-greve-dans-une-usine-du-myanmar-soutenue-par-l-ue\/"},"modified":"2025-01-27T20:35:15","modified_gmt":"2025-01-27T20:35:15","slug":"l-armee-casse-la-greve-dans-une-usine-du-myanmar-soutenue-par-l-ue","status":"publish","type":"article","link":"https:\/\/admin.industriall-union.org\/fr\/l-armee-casse-la-greve-dans-une-usine-du-myanmar-soutenue-par-l-ue\/","title":{"rendered":"L\u2019arm\u00e9e casse la gr\u00e8ve dans une usine du Myanmar soutenue par l\u2019UE"},"content":{"rendered":"<p>Au d\u00e9but du mois de juin, sept travailleurs et travailleuses de l&rsquo;usine de confection Hosheng Myanmar \u00e0 Rangoun ont \u00e9t\u00e9 licenci\u00e9s pour avoir r\u00e9clam\u00e9 une augmentation de salaire de 1,68 $ \u00e0 1,96 $. Six cents travailleurs et travailleuses de l&rsquo;usine, qui produisent pour l&rsquo;une des plus grandes marques mondiales, Zara, ont entam\u00e9 une gr\u00e8ve, qui a \u00e9t\u00e9 brusquement interrompue apr\u00e8s que l&rsquo;employeur a fait appel \u00e0 l&rsquo;arm\u00e9e pour menacer sa main-d&rsquo;\u0153uvre.<\/p><p>Ce 14 juin, les sept travailleurs et travailleuses qui ont men\u00e9 la revendication salariale, Ma Aye Thandar HTay, MA Thandar Htay, Ma May Thu Min, Ko Aung Aung, Ko Ye Naing, Ko Ye Thwe Hlaing, ont \u00e9t\u00e9 licenci\u00e9s et une dirigeante, Ma Thu Thu San, a \u00e9t\u00e9 arr\u00eat\u00e9e. Il n&rsquo;y a eu aucun contact avec Ma Thu Thu San depuis son arrestation et l&rsquo;inqui\u00e9tude concernant sa s\u00e9curit\u00e9 va croissant.<\/p><p>Plus de 300 syndicalistes et militants ont \u00e9t\u00e9 arr\u00eat\u00e9s au cours des deux ann\u00e9es qui ont suivi le coup d&rsquo;\u00c9tat militaire. La junte militaire du Myanmar a interdit la quasi-totalit\u00e9 des syndicats, r\u00e9duisant ainsi \u00e0 n\u00e9ant le droit fondamental \u00e0 la libert\u00e9 syndicale.<\/p><p>Toutefois, pour contrer cette image, la junte a enregistr\u00e9 certaines organisations de travailleurs en tant que syndicats, un processus soutenu par le projet MADE in Myanmar de l&rsquo;UE.<\/p><p>Ce projet, financ\u00e9 par l&rsquo;UE et des marques de v\u00eatements bas\u00e9es en Europe, pr\u00e9tend \u00e9tablir un dialogue social au niveau de l&rsquo;usine dans l&rsquo;industrie de la confection, mais il a \u00e9t\u00e9 <a href=\"https:\/\/www.industriall-union.org\/european-parliament-must-do-everything-in-its-power-to-end-the-military-rule-in-myanmar\">condamn\u00e9<\/a> par des syndicats ind\u00e9pendants et des organisations de travailleurs au Myanmar <a href=\"https:\/\/www.industriall-union.org\/european-parliament-must-do-everything-in-its-power-to-end-the-military-rule-in-myanmar\">comme relevant du blanchiment d&rsquo;argent.<\/a><\/p><blockquote><p>&ldquo;L&rsquo;intervention de l&rsquo;arm\u00e9e dans une gr\u00e8ve et l&rsquo;arrestation de travailleurs et travailleuses montrent une fois de plus que la libert\u00e9 syndicale est une chose impossible au Myanmar. L&rsquo;UE devrait sans h\u00e9siter mettre un terme au projet MADE in Myanmar, qui ne fait que donner au gouvernement de ce pays une l\u00e9gitimit\u00e9 qu&rsquo;il n&rsquo;a pas&rdquo;,<\/p><\/blockquote><p>a d\u00e9clar\u00e9 Atle H\u00f8ie, Secr\u00e9taire g\u00e9n\u00e9ral d&rsquo;IndustriALL.<\/p><blockquote><p>&ldquo;Les travailleurs et travailleuses licenci\u00e9s doivent \u00eatre imm\u00e9diatement r\u00e9int\u00e9gr\u00e9s et ne doivent pas faire l&rsquo;objet de menaces ou d&rsquo;attaques de la part de l&rsquo;employeur, de la police ou des forces arm\u00e9es. Ma Thu Thu San doit pouvoir rentrer chez elle en toute s\u00e9curit\u00e9, avec effet imm\u00e9diat&rdquo;.<\/p><\/blockquote>","protected":false},"featured_media":0,"template":"","issues":[424,425],"companies":[],"regions":[177],"sectors":[464],"article_tags":[],"class_list":["post-143144","article","type-article","status-publish","hentry","issues-violation","issues-workers-rights","regions-myanmar","sectors-textile-leather-garment-shoes-and-textile-services"],"acf":[],"yoast_head":"<!-- This site is optimized with the Yoast SEO Premium plugin v27.1 (Yoast SEO v27.1) - https:\/\/yoast.com\/product\/yoast-seo-premium-wordpress\/ -->\n<title>L\u2019arm\u00e9e casse la gr\u00e8ve dans une usine du Myanmar soutenue par l\u2019UE - industriall-union<\/title>\n<meta name=\"description\" content=\"Au d\u00e9but du mois de juin, sept travailleurs et travailleuses de l&rsquo;usine de confection Hosheng Myanmar \u00e0 Rangoun ont \u00e9t\u00e9 licenci\u00e9s pour avoir r\u00e9clam\u00e9\" \/>\n<meta name=\"robots\" content=\"index, follow, max-snippet:-1, max-image-preview:large, max-video-preview:-1\" \/>\n<link rel=\"canonical\" href=\"https:\/\/admin.industriall-union.org\/fr\/l-armee-casse-la-greve-dans-une-usine-du-myanmar-soutenue-par-l-ue\/\" \/>\n<meta property=\"og:locale\" content=\"fr_FR\" \/>\n<meta property=\"og:type\" content=\"article\" \/>\n<meta property=\"og:title\" content=\"L\u2019arm\u00e9e casse la gr\u00e8ve dans une usine du Myanmar soutenue par l\u2019UE\" \/>\n<meta property=\"og:description\" content=\"Au d\u00e9but du mois de juin, sept travailleurs et travailleuses de l&rsquo;usine de confection Hosheng Myanmar \u00e0 Rangoun ont \u00e9t\u00e9 licenci\u00e9s pour avoir r\u00e9clam\u00e9\" \/>\n<meta property=\"og:url\" content=\"https:\/\/admin.industriall-union.org\/fr\/l-armee-casse-la-greve-dans-une-usine-du-myanmar-soutenue-par-l-ue\/\" \/>\n<meta property=\"og:site_name\" content=\"industriall-union\" \/>\n<meta property=\"article:modified_time\" content=\"2025-01-27T20:35:15+00:00\" \/>\n<meta name=\"twitter:card\" content=\"summary_large_image\" \/>\n<meta name=\"twitter:label1\" content=\"Est. reading time\" \/>\n\t<meta name=\"twitter:data1\" content=\"2 minutes\" \/>\n<script type=\"application\/ld+json\" class=\"yoast-schema-graph\">{\"@context\":\"https:\/\/schema.org\",\"@graph\":[{\"@type\":\"WebPage\",\"@id\":\"https:\/\/admin.industriall-union.org\/fr\/l-armee-casse-la-greve-dans-une-usine-du-myanmar-soutenue-par-l-ue\/\",\"url\":\"https:\/\/admin.industriall-union.org\/fr\/l-armee-casse-la-greve-dans-une-usine-du-myanmar-soutenue-par-l-ue\/\",\"name\":\"L\u2019arm\u00e9e casse la gr\u00e8ve dans une usine du Myanmar soutenue par l\u2019UE - industriall-union\",\"isPartOf\":{\"@id\":\"https:\/\/admin.industriall-union.org\/#website\"},\"datePublished\":\"2023-06-15T15:30:53+00:00\",\"dateModified\":\"2025-01-27T20:35:15+00:00\",\"description\":\"Au d\u00e9but du mois de juin, sept travailleurs et travailleuses de l&rsquo;usine de confection Hosheng Myanmar \u00e0 Rangoun ont \u00e9t\u00e9 licenci\u00e9s pour avoir r\u00e9clam\u00e9\",\"breadcrumb\":{\"@id\":\"https:\/\/admin.industriall-union.org\/fr\/l-armee-casse-la-greve-dans-une-usine-du-myanmar-soutenue-par-l-ue\/#breadcrumb\"},\"inLanguage\":\"fr-FR\",\"potentialAction\":[{\"@type\":\"ReadAction\",\"target\":[\"https:\/\/admin.industriall-union.org\/fr\/l-armee-casse-la-greve-dans-une-usine-du-myanmar-soutenue-par-l-ue\/\"]}]},{\"@type\":\"BreadcrumbList\",\"@id\":\"https:\/\/admin.industriall-union.org\/fr\/l-armee-casse-la-greve-dans-une-usine-du-myanmar-soutenue-par-l-ue\/#breadcrumb\",\"itemListElement\":[{\"@type\":\"ListItem\",\"position\":1,\"name\":\"Home\",\"item\":\"https:\/\/admin.industriall-union.org\/\"},{\"@type\":\"ListItem\",\"position\":2,\"name\":\"Articles\",\"item\":\"https:\/\/admin.industriall-union.org\/article\/\"},{\"@type\":\"ListItem\",\"position\":3,\"name\":\"L\u2019arm\u00e9e casse la gr\u00e8ve dans une usine du Myanmar soutenue par l\u2019UE\"}]},{\"@type\":\"WebSite\",\"@id\":\"https:\/\/admin.industriall-union.org\/#website\",\"url\":\"https:\/\/admin.industriall-union.org\/\",\"name\":\"industriall-union\",\"description\":\"\",\"potentialAction\":[{\"@type\":\"SearchAction\",\"target\":{\"@type\":\"EntryPoint\",\"urlTemplate\":\"https:\/\/admin.industriall-union.org\/?s={search_term_string}\"},\"query-input\":{\"@type\":\"PropertyValueSpecification\",\"valueRequired\":true,\"valueName\":\"search_term_string\"}}],\"inLanguage\":\"fr-FR\"}]}<\/script>\n<!-- \/ Yoast SEO Premium plugin. -->","yoast_head_json":{"title":"L\u2019arm\u00e9e casse la gr\u00e8ve dans une usine du Myanmar soutenue par l\u2019UE - industriall-union","description":"Au d\u00e9but du mois de juin, sept travailleurs et travailleuses de l&rsquo;usine de confection Hosheng Myanmar \u00e0 Rangoun ont \u00e9t\u00e9 licenci\u00e9s pour avoir r\u00e9clam\u00e9","robots":{"index":"index","follow":"follow","max-snippet":"max-snippet:-1","max-image-preview":"max-image-preview:large","max-video-preview":"max-video-preview:-1"},"canonical":"https:\/\/admin.industriall-union.org\/fr\/l-armee-casse-la-greve-dans-une-usine-du-myanmar-soutenue-par-l-ue\/","og_locale":"fr_FR","og_type":"article","og_title":"L\u2019arm\u00e9e casse la gr\u00e8ve dans une usine du Myanmar soutenue par l\u2019UE","og_description":"Au d\u00e9but du mois de juin, sept travailleurs et travailleuses de l&rsquo;usine de confection Hosheng Myanmar \u00e0 Rangoun ont \u00e9t\u00e9 licenci\u00e9s pour avoir r\u00e9clam\u00e9","og_url":"https:\/\/admin.industriall-union.org\/fr\/l-armee-casse-la-greve-dans-une-usine-du-myanmar-soutenue-par-l-ue\/","og_site_name":"industriall-union","article_modified_time":"2025-01-27T20:35:15+00:00","twitter_card":"summary_large_image","twitter_misc":{"Est. reading time":"2 minutes"},"schema":{"@context":"https:\/\/schema.org","@graph":[{"@type":"WebPage","@id":"https:\/\/admin.industriall-union.org\/fr\/l-armee-casse-la-greve-dans-une-usine-du-myanmar-soutenue-par-l-ue\/","url":"https:\/\/admin.industriall-union.org\/fr\/l-armee-casse-la-greve-dans-une-usine-du-myanmar-soutenue-par-l-ue\/","name":"L\u2019arm\u00e9e casse la gr\u00e8ve dans une usine du Myanmar soutenue par l\u2019UE - industriall-union","isPartOf":{"@id":"https:\/\/admin.industriall-union.org\/#website"},"datePublished":"2023-06-15T15:30:53+00:00","dateModified":"2025-01-27T20:35:15+00:00","description":"Au d\u00e9but du mois de juin, sept travailleurs et travailleuses de l&rsquo;usine de confection Hosheng Myanmar \u00e0 Rangoun ont \u00e9t\u00e9 licenci\u00e9s pour avoir r\u00e9clam\u00e9","breadcrumb":{"@id":"https:\/\/admin.industriall-union.org\/fr\/l-armee-casse-la-greve-dans-une-usine-du-myanmar-soutenue-par-l-ue\/#breadcrumb"},"inLanguage":"fr-FR","potentialAction":[{"@type":"ReadAction","target":["https:\/\/admin.industriall-union.org\/fr\/l-armee-casse-la-greve-dans-une-usine-du-myanmar-soutenue-par-l-ue\/"]}]},{"@type":"BreadcrumbList","@id":"https:\/\/admin.industriall-union.org\/fr\/l-armee-casse-la-greve-dans-une-usine-du-myanmar-soutenue-par-l-ue\/#breadcrumb","itemListElement":[{"@type":"ListItem","position":1,"name":"Home","item":"https:\/\/admin.industriall-union.org\/"},{"@type":"ListItem","position":2,"name":"Articles","item":"https:\/\/admin.industriall-union.org\/article\/"},{"@type":"ListItem","position":3,"name":"L\u2019arm\u00e9e casse la gr\u00e8ve dans une usine du Myanmar soutenue par l\u2019UE"}]},{"@type":"WebSite","@id":"https:\/\/admin.industriall-union.org\/#website","url":"https:\/\/admin.industriall-union.org\/","name":"industriall-union","description":"","potentialAction":[{"@type":"SearchAction","target":{"@type":"EntryPoint","urlTemplate":"https:\/\/admin.industriall-union.org\/?s={search_term_string}"},"query-input":{"@type":"PropertyValueSpecification","valueRequired":true,"valueName":"search_term_string"}}],"inLanguage":"fr-FR"}]}},"_links":{"self":[{"href":"https:\/\/admin.industriall-union.org\/fr\/wp-json\/wp\/v2\/article\/143144","targetHints":{"allow":["GET"]}}],"collection":[{"href":"https:\/\/admin.industriall-union.org\/fr\/wp-json\/wp\/v2\/article"}],"about":[{"href":"https:\/\/admin.industriall-union.org\/fr\/wp-json\/wp\/v2\/types\/article"}],"wp:attachment":[{"href":"https:\/\/admin.industriall-union.org\/fr\/wp-json\/wp\/v2\/media?parent=143144"}],"wp:term":[{"taxonomy":"issues","embeddable":true,"href":"https:\/\/admin.industriall-union.org\/fr\/wp-json\/wp\/v2\/issues?post=143144"},{"taxonomy":"companies","embeddable":true,"href":"https:\/\/admin.industriall-union.org\/fr\/wp-json\/wp\/v2\/companies?post=143144"},{"taxonomy":"regions","embeddable":true,"href":"https:\/\/admin.industriall-union.org\/fr\/wp-json\/wp\/v2\/regions?post=143144"},{"taxonomy":"sectors","embeddable":true,"href":"https:\/\/admin.industriall-union.org\/fr\/wp-json\/wp\/v2\/sectors?post=143144"},{"taxonomy":"article_tags","embeddable":true,"href":"https:\/\/admin.industriall-union.org\/fr\/wp-json\/wp\/v2\/article_tags?post=143144"}],"curies":[{"name":"wp","href":"https:\/\/api.w.org\/{rel}","templated":true}]}}