{"id":143100,"date":"2023-07-17T10:44:38","date_gmt":"2023-07-17T10:44:38","guid":{"rendered":"https:\/\/admin.industriall-union.org\/les-syndicats-deposent-plainte-contre-les-marques-italiennes-qui-restent-au-myanmar\/"},"modified":"2025-01-27T20:01:18","modified_gmt":"2025-01-27T20:01:18","slug":"les-syndicats-deposent-plainte-contre-les-marques-italiennes-qui-restent-au-myanmar","status":"publish","type":"article","link":"https:\/\/admin.industriall-union.org\/fr\/les-syndicats-deposent-plainte-contre-les-marques-italiennes-qui-restent-au-myanmar\/","title":{"rendered":"Les syndicats d\u00e9posent plainte contre les marques italiennes qui restent au Myanmar"},"content":{"rendered":"<p>Depuis le coup d&rsquo;\u00c9tat militaire de f\u00e9vrier 2021, les syndicats sont interdits et les militants syndicaux sont traqu\u00e9s. Les droits des travailleurs et travailleuses sont viol\u00e9s et il est impossible de faire preuve de diligence raisonnable dans le pays.<\/p><p>La CGIL, la CISL, l&rsquo;UIL et Italia-Birmania Insieme, qui soutiennent toutes l&rsquo;appel en faveur de sanctions \u00e9conomiques globales et d&rsquo;une sortie responsable du Myanmar, ont d\u00e9pos\u00e9 plainte aupr\u00e8s du Point de contact national (PCN) italien. Les PCN ont la responsabilit\u00e9 d&rsquo;aider \u00e0 r\u00e9soudre les plaintes concernant des violations pr\u00e9sum\u00e9es des <a href=\"https:\/\/www.oecd.org\/daf\/inv\/mne\/48004323.pdf\">Principes directeurs de l&rsquo;OCDE \u00e0 l&rsquo;intention des entreprises multinationales<\/a>.<\/p><p>Khaing Zar, Pr\u00e9sidente de l&rsquo;affili\u00e9 d&rsquo;IndustriALL IWFM, pr\u00e9cise&nbsp;:<\/p><blockquote><p>&ldquo;Les droits fondamentaux au travail ont \u00e9t\u00e9 viol\u00e9s depuis le d\u00e9but du coup d&rsquo;\u00c9tat et nous prenons des mesures pour contrer le manque de coop\u00e9ration des marques qui insistent pour rester au Myanmar. De nombreuses enseignes se cachent derri\u00e8re le soutien de l&rsquo;Union europ\u00e9enne par le biais du programme MADE in Myanmar, qui est en fait du maquillage de la part de l&rsquo;UE, ouvrant la porte \u00e0 de faux syndicats et un faux dialogue social&rdquo;.<\/p><\/blockquote><p>Le troisi\u00e8me congr\u00e8s d&rsquo;IndustriALL, qui s&rsquo;est tenu en septembre 2021, a adopt\u00e9 une r\u00e9solution en faveur de la d\u00e9mocratie au Myanmar, <a href=\"\/wp-content\/uploads\/images\/2021\/CONGRESS2021\/Resolutions\/resolution_on_myanmar_english.pdf\">appelant \u00e0 des sanctions \u00e9conomiques globales.<\/a><\/p><blockquote><p>&ldquo;La plainte d\u00e9pos\u00e9e par nos affili\u00e9s italiens aupr\u00e8s du PCN est l&rsquo;une des nombreuses voies que nous empruntons \u00e0 la suite de la r\u00e9solution du Congr\u00e8s&rdquo;,<\/p><\/blockquote><p>a d\u00e9clar\u00e9 le Secr\u00e9taire g\u00e9n\u00e9ral d&rsquo;IndustriALL, Atle H\u00f8ie.<\/p><blockquote><p>&ldquo;Dans d&rsquo;autres pays et contre d&rsquo;autres enseignes, nous utilisons des m\u00e9canismes diff\u00e9rents pour obtenir les m\u00eames r\u00e9sultats. Il n&rsquo;y a pas de libert\u00e9 syndicale au Myanmar et le fait d&rsquo;y \u00eatre actif remplit les poches de la junte militaire&rdquo;.<\/p><\/blockquote><p><br \/>&nbsp;<\/p>","protected":false},"featured_media":0,"template":"","issues":[],"companies":[],"regions":[],"sectors":[],"article_tags":[],"class_list":["post-143100","article","type-article","status-publish","hentry"],"acf":[],"yoast_head":"<!-- This site is optimized with the Yoast SEO Premium plugin v27.1 (Yoast SEO v27.1) - https:\/\/yoast.com\/product\/yoast-seo-premium-wordpress\/ -->\n<title>Les syndicats d\u00e9posent plainte contre les marques italiennes qui restent au Myanmar - industriall-union<\/title>\n<meta name=\"description\" content=\"Depuis le coup d&rsquo;\u00c9tat militaire de f\u00e9vrier 2021, les syndicats sont interdits et les militants syndicaux sont traqu\u00e9s. Les droits des travailleurs\" \/>\n<meta name=\"robots\" content=\"index, follow, max-snippet:-1, max-image-preview:large, max-video-preview:-1\" \/>\n<link rel=\"canonical\" href=\"https:\/\/admin.industriall-union.org\/fr\/les-syndicats-deposent-plainte-contre-les-marques-italiennes-qui-restent-au-myanmar\/\" \/>\n<meta property=\"og:locale\" content=\"fr_FR\" \/>\n<meta property=\"og:type\" content=\"article\" \/>\n<meta property=\"og:title\" content=\"Les syndicats d\u00e9posent plainte contre les marques italiennes qui restent au Myanmar\" \/>\n<meta property=\"og:description\" content=\"Depuis le coup d&rsquo;\u00c9tat militaire de f\u00e9vrier 2021, les syndicats sont interdits et les militants syndicaux sont traqu\u00e9s. Les droits des travailleurs\" \/>\n<meta property=\"og:url\" content=\"https:\/\/admin.industriall-union.org\/fr\/les-syndicats-deposent-plainte-contre-les-marques-italiennes-qui-restent-au-myanmar\/\" \/>\n<meta property=\"og:site_name\" content=\"industriall-union\" \/>\n<meta property=\"article:modified_time\" content=\"2025-01-27T20:01:18+00:00\" \/>\n<meta name=\"twitter:card\" content=\"summary_large_image\" \/>\n<meta name=\"twitter:label1\" content=\"Est. reading time\" \/>\n\t<meta name=\"twitter:data1\" content=\"2 minutes\" \/>\n<script type=\"application\/ld+json\" class=\"yoast-schema-graph\">{\"@context\":\"https:\/\/schema.org\",\"@graph\":[{\"@type\":\"WebPage\",\"@id\":\"https:\/\/admin.industriall-union.org\/fr\/les-syndicats-deposent-plainte-contre-les-marques-italiennes-qui-restent-au-myanmar\/\",\"url\":\"https:\/\/admin.industriall-union.org\/fr\/les-syndicats-deposent-plainte-contre-les-marques-italiennes-qui-restent-au-myanmar\/\",\"name\":\"Les syndicats d\u00e9posent plainte contre les marques italiennes qui restent au Myanmar - industriall-union\",\"isPartOf\":{\"@id\":\"https:\/\/admin.industriall-union.org\/#website\"},\"datePublished\":\"2023-07-17T10:44:38+00:00\",\"dateModified\":\"2025-01-27T20:01:18+00:00\",\"description\":\"Depuis le coup d&rsquo;\u00c9tat militaire de f\u00e9vrier 2021, les syndicats sont interdits et les militants syndicaux sont traqu\u00e9s. Les droits des travailleurs\",\"breadcrumb\":{\"@id\":\"https:\/\/admin.industriall-union.org\/fr\/les-syndicats-deposent-plainte-contre-les-marques-italiennes-qui-restent-au-myanmar\/#breadcrumb\"},\"inLanguage\":\"fr-FR\",\"potentialAction\":[{\"@type\":\"ReadAction\",\"target\":[\"https:\/\/admin.industriall-union.org\/fr\/les-syndicats-deposent-plainte-contre-les-marques-italiennes-qui-restent-au-myanmar\/\"]}]},{\"@type\":\"BreadcrumbList\",\"@id\":\"https:\/\/admin.industriall-union.org\/fr\/les-syndicats-deposent-plainte-contre-les-marques-italiennes-qui-restent-au-myanmar\/#breadcrumb\",\"itemListElement\":[{\"@type\":\"ListItem\",\"position\":1,\"name\":\"Home\",\"item\":\"https:\/\/admin.industriall-union.org\/\"},{\"@type\":\"ListItem\",\"position\":2,\"name\":\"Articles\",\"item\":\"https:\/\/admin.industriall-union.org\/article\/\"},{\"@type\":\"ListItem\",\"position\":3,\"name\":\"Les syndicats d\u00e9posent plainte contre les marques italiennes qui restent au Myanmar\"}]},{\"@type\":\"WebSite\",\"@id\":\"https:\/\/admin.industriall-union.org\/#website\",\"url\":\"https:\/\/admin.industriall-union.org\/\",\"name\":\"industriall-union\",\"description\":\"\",\"potentialAction\":[{\"@type\":\"SearchAction\",\"target\":{\"@type\":\"EntryPoint\",\"urlTemplate\":\"https:\/\/admin.industriall-union.org\/?s={search_term_string}\"},\"query-input\":{\"@type\":\"PropertyValueSpecification\",\"valueRequired\":true,\"valueName\":\"search_term_string\"}}],\"inLanguage\":\"fr-FR\"}]}<\/script>\n<!-- \/ Yoast SEO Premium plugin. -->","yoast_head_json":{"title":"Les syndicats d\u00e9posent plainte contre les marques italiennes qui restent au Myanmar - industriall-union","description":"Depuis le coup d&rsquo;\u00c9tat militaire de f\u00e9vrier 2021, les syndicats sont interdits et les militants syndicaux sont traqu\u00e9s. Les droits des travailleurs","robots":{"index":"index","follow":"follow","max-snippet":"max-snippet:-1","max-image-preview":"max-image-preview:large","max-video-preview":"max-video-preview:-1"},"canonical":"https:\/\/admin.industriall-union.org\/fr\/les-syndicats-deposent-plainte-contre-les-marques-italiennes-qui-restent-au-myanmar\/","og_locale":"fr_FR","og_type":"article","og_title":"Les syndicats d\u00e9posent plainte contre les marques italiennes qui restent au Myanmar","og_description":"Depuis le coup d&rsquo;\u00c9tat militaire de f\u00e9vrier 2021, les syndicats sont interdits et les militants syndicaux sont traqu\u00e9s. Les droits des travailleurs","og_url":"https:\/\/admin.industriall-union.org\/fr\/les-syndicats-deposent-plainte-contre-les-marques-italiennes-qui-restent-au-myanmar\/","og_site_name":"industriall-union","article_modified_time":"2025-01-27T20:01:18+00:00","twitter_card":"summary_large_image","twitter_misc":{"Est. reading time":"2 minutes"},"schema":{"@context":"https:\/\/schema.org","@graph":[{"@type":"WebPage","@id":"https:\/\/admin.industriall-union.org\/fr\/les-syndicats-deposent-plainte-contre-les-marques-italiennes-qui-restent-au-myanmar\/","url":"https:\/\/admin.industriall-union.org\/fr\/les-syndicats-deposent-plainte-contre-les-marques-italiennes-qui-restent-au-myanmar\/","name":"Les syndicats d\u00e9posent plainte contre les marques italiennes qui restent au Myanmar - industriall-union","isPartOf":{"@id":"https:\/\/admin.industriall-union.org\/#website"},"datePublished":"2023-07-17T10:44:38+00:00","dateModified":"2025-01-27T20:01:18+00:00","description":"Depuis le coup d&rsquo;\u00c9tat militaire de f\u00e9vrier 2021, les syndicats sont interdits et les militants syndicaux sont traqu\u00e9s. Les droits des travailleurs","breadcrumb":{"@id":"https:\/\/admin.industriall-union.org\/fr\/les-syndicats-deposent-plainte-contre-les-marques-italiennes-qui-restent-au-myanmar\/#breadcrumb"},"inLanguage":"fr-FR","potentialAction":[{"@type":"ReadAction","target":["https:\/\/admin.industriall-union.org\/fr\/les-syndicats-deposent-plainte-contre-les-marques-italiennes-qui-restent-au-myanmar\/"]}]},{"@type":"BreadcrumbList","@id":"https:\/\/admin.industriall-union.org\/fr\/les-syndicats-deposent-plainte-contre-les-marques-italiennes-qui-restent-au-myanmar\/#breadcrumb","itemListElement":[{"@type":"ListItem","position":1,"name":"Home","item":"https:\/\/admin.industriall-union.org\/"},{"@type":"ListItem","position":2,"name":"Articles","item":"https:\/\/admin.industriall-union.org\/article\/"},{"@type":"ListItem","position":3,"name":"Les syndicats d\u00e9posent plainte contre les marques italiennes qui restent au Myanmar"}]},{"@type":"WebSite","@id":"https:\/\/admin.industriall-union.org\/#website","url":"https:\/\/admin.industriall-union.org\/","name":"industriall-union","description":"","potentialAction":[{"@type":"SearchAction","target":{"@type":"EntryPoint","urlTemplate":"https:\/\/admin.industriall-union.org\/?s={search_term_string}"},"query-input":{"@type":"PropertyValueSpecification","valueRequired":true,"valueName":"search_term_string"}}],"inLanguage":"fr-FR"}]}},"_links":{"self":[{"href":"https:\/\/admin.industriall-union.org\/fr\/wp-json\/wp\/v2\/article\/143100","targetHints":{"allow":["GET"]}}],"collection":[{"href":"https:\/\/admin.industriall-union.org\/fr\/wp-json\/wp\/v2\/article"}],"about":[{"href":"https:\/\/admin.industriall-union.org\/fr\/wp-json\/wp\/v2\/types\/article"}],"wp:attachment":[{"href":"https:\/\/admin.industriall-union.org\/fr\/wp-json\/wp\/v2\/media?parent=143100"}],"wp:term":[{"taxonomy":"issues","embeddable":true,"href":"https:\/\/admin.industriall-union.org\/fr\/wp-json\/wp\/v2\/issues?post=143100"},{"taxonomy":"companies","embeddable":true,"href":"https:\/\/admin.industriall-union.org\/fr\/wp-json\/wp\/v2\/companies?post=143100"},{"taxonomy":"regions","embeddable":true,"href":"https:\/\/admin.industriall-union.org\/fr\/wp-json\/wp\/v2\/regions?post=143100"},{"taxonomy":"sectors","embeddable":true,"href":"https:\/\/admin.industriall-union.org\/fr\/wp-json\/wp\/v2\/sectors?post=143100"},{"taxonomy":"article_tags","embeddable":true,"href":"https:\/\/admin.industriall-union.org\/fr\/wp-json\/wp\/v2\/article_tags?post=143100"}],"curies":[{"name":"wp","href":"https:\/\/api.w.org\/{rel}","templated":true}]}}