{"id":143094,"date":"2023-07-20T08:49:12","date_gmt":"2023-07-20T08:49:12","guid":{"rendered":"https:\/\/admin.industriall-union.org\/travailler-dans-une-ukraine-devastee-par-la-guerre\/"},"modified":"2025-01-27T19:57:05","modified_gmt":"2025-01-27T19:57:05","slug":"travailler-dans-une-ukraine-devastee-par-la-guerre","status":"publish","type":"article","link":"https:\/\/admin.industriall-union.org\/fr\/travailler-dans-une-ukraine-devastee-par-la-guerre\/","title":{"rendered":"Travailler dans une Ukraine d\u00e9vast\u00e9e par la guerre"},"content":{"rendered":"<h4>Pourquoi est-il important de discuter de la protection des droits des travailleurs en Ukraine maintenant, en pleine guerre ?<\/h4><p>&quot;C&#039;est important parce que les travailleurs souffrent de la guerre, de l&#039;occupation et de l&#039;agression. Des travailleurs perdent leur emploi et leur source de revenu, des travailleurs doivent fuir avec leur famille, \u00e0 l&#039;int\u00e9rieur de leur pays et \u00e0 l&#039;\u00e9tranger, mais les travailleurs doivent aussi d\u00e9fendre et sauver leur pays. Tous, nous attendons que les droits des travailleurs soient respect\u00e9s, que leurs syndicats soient soutenus et puissent \u00e9pauler leurs membres. Mais la r\u00e9alit\u00e9 est fort diff\u00e9rente.<\/p><p>&quot;Alors que le pays a besoin d&#039;unit\u00e9, la priorit\u00e9 des d\u00e9cideurs ne devrait pas \u00eatre de changer la l\u00e9gislation du travail au d\u00e9triment des travailleurs, alors qu&#039;ils luttent pour la souverainet\u00e9, l&#039;int\u00e9grit\u00e9, la d\u00e9mocratie et la prosp\u00e9rit\u00e9 de leur pays. C&#039;est \u00e0 tout le moins extr\u00eamement d\u00e9cevant et frustrant.<\/p><p>&quot;Quand on parle des droits des travailleurs, il faut distinguer deux zones. La premi\u00e8re est celle qui est ill\u00e9galement et temporairement occup\u00e9e et o\u00f9 se commettent de graves violations. Nous recevons des nouvelles effrayantes parlant d&#039;assassinats, de tortures, de d\u00e9tentions arbitraires, de travail forc\u00e9 et de d\u00e9portation forc\u00e9e. L&#039;autre est celle o\u00f9 de r\u00e9centes modifications de quasiment toutes les lois portant sur le travail, \u00e0 titre individuel ou collectif, provoquent un \u00e9norme retour en arri\u00e8re.&quot;<\/p><h4>Comment les travailleurs font-ils pour continuer, avec cette guerre ?<\/h4><p>&quot;Ils travaillent, courageusement. Imaginez un mineur qui descend sous terre tandis que les bombes tombent. Les travailleurs de l&#039;\u00e9nergie s&#039;efforcent de produire de l&#039;\u00e9lectricit\u00e9 pour que la vie des gens puisse continuer, ou essaient de r\u00e9parer les r\u00e9seaux \u00e9lectriques endommag\u00e9s au p\u00e9ril de leur vie. Ils le font m\u00eame en \u00e9tant moins pay\u00e9s et m\u00eame sans recevoir de salaire, et sans la moindre protection.<\/p><p>&quot;Si l&#039;\u00e9conomie continue de tourner, c&#039;est gr\u00e2ce aux travailleurs de l&#039;industrie, de l&#039;agriculture et des services. Ils m\u00e9ritent bien plus que ce qu&#039;ils ont aujourd&#039;hui. Il faudrait leur donner plus de droits plut\u00f4t que leur en retirer.<\/p><p>&quot;Notre fonction principale, en tant qu&#039;organisation syndicale internationale, est de les soutenir; nous devons \u00eatre leur porte-parole. Leur gouvernement ainsi que la communaut\u00e9 internationale doivent comprendre la r\u00e9alit\u00e9 de la situation des travailleurs. C&#039;est pourquoi nous continuons \u00e0 nous battre, \u00e0 l&#039;int\u00e9rieur comme \u00e0 l&#039;ext\u00e9rieur du pays.&quot;<\/p><h4>Pour certains travailleurs, ceux des centrales nucl\u00e9aires par exemple, la situation en mati\u00e8re de sant\u00e9 et de s\u00e9curit\u00e9 est effroyable. Ne peuvent-ils simplement refuser de travailler, comme ils en ont le droit ?<\/h4><p>&quot;Les travailleurs sont davantage expos\u00e9s \u00e0 des attaques de missiles et aux mines terrestres que le reste de la population. Ils sont contraints de travailler dans un environnement dangereux et malsain o\u00f9 les infrastructures et les lieux de travail sont endommag\u00e9s, les syst\u00e8mes de gestion de la sant\u00e9 et la s\u00e9curit\u00e9 hors service et o\u00f9 les proc\u00e9dures de s\u00e9curit\u00e9 normales ne sont pas suivies.<\/p><p>&quot;Les travailleurs du nucl\u00e9aire sont davantage expos\u00e9s aux radiations. Des informations sur leurs risques de sant\u00e9 et de s\u00e9curit\u00e9 auraient \u00e9t\u00e9 refus\u00e9es \u00e0 des travailleurs en raison de changements dans leur cadre de travail et de l&#039;invasion. Il est tr\u00e8s difficile d&#039;obtenir des informations sur ces lieux de travail; nous ne savons donc pas si les travailleurs ont la possibilit\u00e9 de s&#039;\u00e9loigner en cas de danger imminent et de situations dangereuses au travail.<\/p><p>&quot;Nous sommes extr\u00eamement pr\u00e9occup\u00e9s par le fait que les travailleurs re\u00e7oivent maintenant des \u00e9quipements de protection individuelle de moindre qualit\u00e9. Chaque travailleur a droit \u00e0 un cadre de travail s\u00fbr et sain. La possibilit\u00e9 de refuser de travailler dans des conditions dangereuses est un droit fondamental; or, dans la situation actuelle, des travailleurs doivent souvent agir contre leur gr\u00e9. C&#039;est la r\u00e9alit\u00e9 sur le terrain qui doit \u00eatre d\u00e9voil\u00e9e et rectifi\u00e9e.&quot;<\/p><figure class=\"imageArticle imageFull\"><img decoding=\"async\" alt=\"\" src=\"\" style=\"width: 1000px;height: 606px\" \/><figcaption class=\"imageContent\"><div class=\"imageCaption\">&nbsp;<\/div><\/figcaption><\/figure><h4>Comment la l\u00e9gislation du travail a-t-elle chang\u00e9 en Ukraine et quel sera l&#039;impact sur les travailleurs ?<\/h4><p>&quot;D\u00e8s le d\u00e9but de la guerre, en mars 2022, le parlement ukrainien a adopt\u00e9 la Loi sur l&#039;organisation des relations de travail sous la loi martiale, qui limite consid\u00e9rablement l&#039;exercice par les travailleurs de leurs droits individuels et collectifs.<\/p><p>&quot;En outre, le parlement a adopt\u00e9 en 2022 une autre s\u00e9rie de lois qui se sont traduites par un recul \u00e9norme des droits au travail dans le pays, faisant peser une lourde menace sur les fondements des relations du travail et, d&#039;une mani\u00e8re plus g\u00e9n\u00e9rale, sur le dialogue social, dont le pays a pourtant d\u00e9sesp\u00e9r\u00e9ment besoin en ces temps tr\u00e8s difficiles.<\/p><p>&quot;Ces textes s&#039;inscrivent dans la ligne de ce qu&#039;on appelle la r\u00e9forme pour la lib\u00e9ralisation du march\u00e9 du travail et la d\u00e9r\u00e9glementation des relations du travail en Ukraine. H\u00e9las, plut\u00f4t que d&#039;am\u00e9liorer le code du travail en vigueur, les d\u00e9cideurs ukrainiens changent la l\u00e9gislation du travail en supprimant la quasi-totalit\u00e9 des droits acquis par les travailleurs.<\/p><p>&quot;Il en r\u00e9sulte une absence de protection des travailleurs. C&#039;est la version ukrainienne d&#039;un nivellement par le bas conforme aux prescriptions des institutions financi\u00e8res internationales. Mais c&#039;est faire fausse route.&quot;<\/p><h4>Pourquoi est-il important de d\u00e9noncer les violations des droits des travailleurs en temps de guerre ?<\/h4><p>&quot;C&#039;est important parce que c&#039;est la raison d&#039;\u00eatre de notre mouvement. Quelles que soient les circonstances, la d\u00e9fense des droits des travailleurs est notre responsabilit\u00e9 premi\u00e8re.<\/p><p>&quot;C&#039;est important parce que, dans une guerre, la voix des travailleurs n&#039;est pas entendue, surtout dans les territoires occup\u00e9s. Nous, en tant que syndicats internationaux, devons \u00eatre le porte-parole de ceux qui sont r\u00e9duits au silence. Il faut que les organisations internationales connaissent la r\u00e9alit\u00e9 de la situation des travailleurs pour pouvoir prendre les mesures n\u00e9cessaires. C&#039;est pourquoi nous publions des <a href=\"https:\/\/www.industriall-union.org\/fundamental-workers-rights-violated-in-ukraine\">\u00e9chos des secteurs avec l&#039;OIT<\/a> par exemple.<\/p><p>&quot;C&#039;est important parce qu&#039;il faut garder la trace de ce qui a \u00e9t\u00e9 fait et de ce qui se fait actuellement pour pouvoir demander des comptes aux responsables. La communaut\u00e9 internationale ne peut tol\u00e9rer qu&#039;aucun crime reste impuni. Dans le monde du travail, notre responsabilit\u00e9 est de d\u00e9noncer une telle situation.&quot;<\/p>","protected":false},"featured_media":0,"template":"","issues":[],"companies":[],"regions":[252],"sectors":[],"article_tags":[],"class_list":["post-143094","article","type-article","status-publish","hentry","regions-ukraine"],"acf":[],"yoast_head":"<!-- This site is optimized with the Yoast SEO Premium plugin v27.1 (Yoast SEO v27.1) - https:\/\/yoast.com\/product\/yoast-seo-premium-wordpress\/ -->\n<title>Travailler dans une Ukraine d\u00e9vast\u00e9e par la guerre - industriall-union<\/title>\n<meta name=\"description\" content=\"Pourquoi est-il important de discuter de la protection des droits des travailleurs en Ukraine maintenant, en pleine guerre ?&quot;C&#039;est important\" \/>\n<meta name=\"robots\" content=\"index, follow, max-snippet:-1, max-image-preview:large, max-video-preview:-1\" \/>\n<link rel=\"canonical\" href=\"https:\/\/admin.industriall-union.org\/fr\/travailler-dans-une-ukraine-devastee-par-la-guerre\/\" \/>\n<meta property=\"og:locale\" content=\"fr_FR\" \/>\n<meta property=\"og:type\" content=\"article\" \/>\n<meta property=\"og:title\" content=\"Travailler dans une Ukraine d\u00e9vast\u00e9e par la guerre\" \/>\n<meta property=\"og:description\" content=\"Pourquoi est-il important de discuter de la protection des droits des travailleurs en Ukraine maintenant, en pleine guerre ?&quot;C&#039;est important\" \/>\n<meta property=\"og:url\" content=\"https:\/\/admin.industriall-union.org\/fr\/travailler-dans-une-ukraine-devastee-par-la-guerre\/\" \/>\n<meta property=\"og:site_name\" content=\"industriall-union\" \/>\n<meta property=\"article:modified_time\" content=\"2025-01-27T19:57:05+00:00\" \/>\n<meta name=\"twitter:card\" content=\"summary_large_image\" \/>\n<meta name=\"twitter:label1\" content=\"Est. reading time\" \/>\n\t<meta name=\"twitter:data1\" content=\"6 minutes\" \/>\n<script type=\"application\/ld+json\" class=\"yoast-schema-graph\">{\"@context\":\"https:\/\/schema.org\",\"@graph\":[{\"@type\":\"WebPage\",\"@id\":\"https:\/\/admin.industriall-union.org\/fr\/travailler-dans-une-ukraine-devastee-par-la-guerre\/\",\"url\":\"https:\/\/admin.industriall-union.org\/fr\/travailler-dans-une-ukraine-devastee-par-la-guerre\/\",\"name\":\"Travailler dans une Ukraine d\u00e9vast\u00e9e par la guerre - industriall-union\",\"isPartOf\":{\"@id\":\"https:\/\/admin.industriall-union.org\/#website\"},\"datePublished\":\"2023-07-20T08:49:12+00:00\",\"dateModified\":\"2025-01-27T19:57:05+00:00\",\"description\":\"Pourquoi est-il important de discuter de la protection des droits des travailleurs en Ukraine maintenant, en pleine guerre ?&quot;C&#039;est important\",\"breadcrumb\":{\"@id\":\"https:\/\/admin.industriall-union.org\/fr\/travailler-dans-une-ukraine-devastee-par-la-guerre\/#breadcrumb\"},\"inLanguage\":\"fr-FR\",\"potentialAction\":[{\"@type\":\"ReadAction\",\"target\":[\"https:\/\/admin.industriall-union.org\/fr\/travailler-dans-une-ukraine-devastee-par-la-guerre\/\"]}]},{\"@type\":\"BreadcrumbList\",\"@id\":\"https:\/\/admin.industriall-union.org\/fr\/travailler-dans-une-ukraine-devastee-par-la-guerre\/#breadcrumb\",\"itemListElement\":[{\"@type\":\"ListItem\",\"position\":1,\"name\":\"Home\",\"item\":\"https:\/\/admin.industriall-union.org\/\"},{\"@type\":\"ListItem\",\"position\":2,\"name\":\"Articles\",\"item\":\"https:\/\/admin.industriall-union.org\/article\/\"},{\"@type\":\"ListItem\",\"position\":3,\"name\":\"Travailler dans une Ukraine d\u00e9vast\u00e9e par la guerre\"}]},{\"@type\":\"WebSite\",\"@id\":\"https:\/\/admin.industriall-union.org\/#website\",\"url\":\"https:\/\/admin.industriall-union.org\/\",\"name\":\"industriall-union\",\"description\":\"\",\"potentialAction\":[{\"@type\":\"SearchAction\",\"target\":{\"@type\":\"EntryPoint\",\"urlTemplate\":\"https:\/\/admin.industriall-union.org\/?s={search_term_string}\"},\"query-input\":{\"@type\":\"PropertyValueSpecification\",\"valueRequired\":true,\"valueName\":\"search_term_string\"}}],\"inLanguage\":\"fr-FR\"}]}<\/script>\n<!-- \/ Yoast SEO Premium plugin. -->","yoast_head_json":{"title":"Travailler dans une Ukraine d\u00e9vast\u00e9e par la guerre - industriall-union","description":"Pourquoi est-il important de discuter de la protection des droits des travailleurs en Ukraine maintenant, en pleine guerre ?&quot;C&#039;est important","robots":{"index":"index","follow":"follow","max-snippet":"max-snippet:-1","max-image-preview":"max-image-preview:large","max-video-preview":"max-video-preview:-1"},"canonical":"https:\/\/admin.industriall-union.org\/fr\/travailler-dans-une-ukraine-devastee-par-la-guerre\/","og_locale":"fr_FR","og_type":"article","og_title":"Travailler dans une Ukraine d\u00e9vast\u00e9e par la guerre","og_description":"Pourquoi est-il important de discuter de la protection des droits des travailleurs en Ukraine maintenant, en pleine guerre ?&quot;C&#039;est important","og_url":"https:\/\/admin.industriall-union.org\/fr\/travailler-dans-une-ukraine-devastee-par-la-guerre\/","og_site_name":"industriall-union","article_modified_time":"2025-01-27T19:57:05+00:00","twitter_card":"summary_large_image","twitter_misc":{"Est. reading time":"6 minutes"},"schema":{"@context":"https:\/\/schema.org","@graph":[{"@type":"WebPage","@id":"https:\/\/admin.industriall-union.org\/fr\/travailler-dans-une-ukraine-devastee-par-la-guerre\/","url":"https:\/\/admin.industriall-union.org\/fr\/travailler-dans-une-ukraine-devastee-par-la-guerre\/","name":"Travailler dans une Ukraine d\u00e9vast\u00e9e par la guerre - industriall-union","isPartOf":{"@id":"https:\/\/admin.industriall-union.org\/#website"},"datePublished":"2023-07-20T08:49:12+00:00","dateModified":"2025-01-27T19:57:05+00:00","description":"Pourquoi est-il important de discuter de la protection des droits des travailleurs en Ukraine maintenant, en pleine guerre ?&quot;C&#039;est important","breadcrumb":{"@id":"https:\/\/admin.industriall-union.org\/fr\/travailler-dans-une-ukraine-devastee-par-la-guerre\/#breadcrumb"},"inLanguage":"fr-FR","potentialAction":[{"@type":"ReadAction","target":["https:\/\/admin.industriall-union.org\/fr\/travailler-dans-une-ukraine-devastee-par-la-guerre\/"]}]},{"@type":"BreadcrumbList","@id":"https:\/\/admin.industriall-union.org\/fr\/travailler-dans-une-ukraine-devastee-par-la-guerre\/#breadcrumb","itemListElement":[{"@type":"ListItem","position":1,"name":"Home","item":"https:\/\/admin.industriall-union.org\/"},{"@type":"ListItem","position":2,"name":"Articles","item":"https:\/\/admin.industriall-union.org\/article\/"},{"@type":"ListItem","position":3,"name":"Travailler dans une Ukraine d\u00e9vast\u00e9e par la guerre"}]},{"@type":"WebSite","@id":"https:\/\/admin.industriall-union.org\/#website","url":"https:\/\/admin.industriall-union.org\/","name":"industriall-union","description":"","potentialAction":[{"@type":"SearchAction","target":{"@type":"EntryPoint","urlTemplate":"https:\/\/admin.industriall-union.org\/?s={search_term_string}"},"query-input":{"@type":"PropertyValueSpecification","valueRequired":true,"valueName":"search_term_string"}}],"inLanguage":"fr-FR"}]}},"_links":{"self":[{"href":"https:\/\/admin.industriall-union.org\/fr\/wp-json\/wp\/v2\/article\/143094","targetHints":{"allow":["GET"]}}],"collection":[{"href":"https:\/\/admin.industriall-union.org\/fr\/wp-json\/wp\/v2\/article"}],"about":[{"href":"https:\/\/admin.industriall-union.org\/fr\/wp-json\/wp\/v2\/types\/article"}],"wp:attachment":[{"href":"https:\/\/admin.industriall-union.org\/fr\/wp-json\/wp\/v2\/media?parent=143094"}],"wp:term":[{"taxonomy":"issues","embeddable":true,"href":"https:\/\/admin.industriall-union.org\/fr\/wp-json\/wp\/v2\/issues?post=143094"},{"taxonomy":"companies","embeddable":true,"href":"https:\/\/admin.industriall-union.org\/fr\/wp-json\/wp\/v2\/companies?post=143094"},{"taxonomy":"regions","embeddable":true,"href":"https:\/\/admin.industriall-union.org\/fr\/wp-json\/wp\/v2\/regions?post=143094"},{"taxonomy":"sectors","embeddable":true,"href":"https:\/\/admin.industriall-union.org\/fr\/wp-json\/wp\/v2\/sectors?post=143094"},{"taxonomy":"article_tags","embeddable":true,"href":"https:\/\/admin.industriall-union.org\/fr\/wp-json\/wp\/v2\/article_tags?post=143094"}],"curies":[{"name":"wp","href":"https:\/\/api.w.org\/{rel}","templated":true}]}}