{"id":143091,"date":"2023-07-25T12:11:06","date_gmt":"2023-07-25T12:11:06","guid":{"rendered":"https:\/\/admin.industriall-union.org\/de-jeunes-dirigeants-renforcent-l-action-syndicale-grace-aux-echanges-internationaux\/"},"modified":"2025-01-27T19:52:29","modified_gmt":"2025-01-27T19:52:29","slug":"de-jeunes-dirigeants-renforcent-l-action-syndicale-grace-aux-echanges-internationaux","status":"publish","type":"article","link":"https:\/\/admin.industriall-union.org\/fr\/de-jeunes-dirigeants-renforcent-l-action-syndicale-grace-aux-echanges-internationaux\/","title":{"rendered":"De jeunes dirigeants renforcent l\u2019action syndicale gr\u00e2ce aux \u00e9changes internationaux"},"content":{"rendered":"<p>Soutenu par la FES (Fondation Friedrich Ebert), le programme s&rsquo;est concentr\u00e9 sur l&rsquo;\u00e9tude du syst\u00e8me syndical allemand et de la structure d&rsquo;IG Metall.<\/p><p>Pendant une semaine, les participants ont \u00e9tudi\u00e9 les caract\u00e9ristiques du syst\u00e8me syndical allemand, en se concentrant plus particuli\u00e8rement sur la structure organisationnelle d&rsquo;IG Metall, \u00e0 l&rsquo;instar des mod\u00e8les argentin et br\u00e9silien \u00e9tudi\u00e9s les ann\u00e9es pr\u00e9c\u00e9dentes.<\/p><p>Anim\u00e9 par une \u00e9quipe de formateurs et d&rsquo;experts syndicaux d&rsquo;IndustriALL et d&rsquo;IG Metall, le programme a mis l&rsquo;accent sur une approche comparative, permettant aux jeunes dirigeants d&rsquo;avoir un aper\u00e7u des diff\u00e9rents mod\u00e8les de repr\u00e9sentation des travailleurs et des pratiques syndicales dans les trois pays.<\/p><p>Un int\u00e9r\u00eat particulier a \u00e9t\u00e9 port\u00e9 au syst\u00e8me allemand de co-d\u00e9termination, impliquant les comit\u00e9s d&rsquo;entreprise, et au syst\u00e8me de formation en alternance pour les apprentis. Ces r\u00e9alisations ont \u00e9t\u00e9 reconnues comme le r\u00e9sultat des luttes collectives des organisations syndicales pour l&rsquo;am\u00e9lioration des conditions de travail, plut\u00f4t que d&rsquo;un simple hasard ou de la bonne volont\u00e9 des employeurs.<\/p><p>Un aspect essentiel du programme d&rsquo;\u00e9change \u00e9tait l&rsquo;\u00e9laboration et la mise en \u0153uvre de plans d&rsquo;action visant \u00e0 syndiquer les jeunes travailleurs et travailleuses sur leurs lieux de travail.<\/p><p>Tout au long des trois ann\u00e9es du programme, les participants ont travaill\u00e9 sur ces plans d&rsquo;action et, lors de la derni\u00e8re journ\u00e9e de l&rsquo;\u00e9change, ils ont partag\u00e9 les r\u00e9sultats et l&rsquo;\u00e9tat d&rsquo;avancement de leurs initiatives.<\/p><p>Les plans d&rsquo;action pr\u00e9sentent un large \u00e9ventail d&rsquo;approches, adapt\u00e9es aux r\u00e9alit\u00e9s, aux besoins et aux ressources propres \u00e0 chaque syndicat participant. Certains syndicats ont organis\u00e9 des tournois de football accompagn\u00e9s de discussions sur la mission et l&rsquo;objectif du syndicat, tandis que d&rsquo;autres se sont concentr\u00e9s sur l&rsquo;autonomisation des travailleuses et travailleuses par le biais de s\u00e9minaires de formation ou sur l&rsquo;am\u00e9lioration de leur vie quotidienne gr\u00e2ce, par exemple, \u00e0 des vestiaires r\u00e9serv\u00e9s aux femmes.<\/p><p>En outre, certains syndicats se sont concentr\u00e9s sur la cr\u00e9ation d&rsquo;\u00e9coles syndicales et de s\u00e9minaires de formation pour permettre \u00e0 leurs membres d&rsquo;acqu\u00e9rir des connaissances sur les droits des travailleurs et la l\u00e9gislation du travail.<\/p><p>Malgr\u00e9 la diversit\u00e9 des m\u00e9thodes, l&rsquo;objectif ultime de tous les plans d&rsquo;action est rest\u00e9 le m\u00eame&nbsp;: renforcer les organisations syndicales auxquelles appartiennent les participants.<\/p><p>Les participants ont unanimement reconnu que, quel que soit le contexte dans lequel ils \u00e9voluent, le c\u0153ur de la lutte reste le m\u00eame. Ils reconnaissent que la langue peut les s\u00e9parer, mais leur engagement commun \u00e0 faire progresser les droits des travailleurs et \u00e0 plaider pour de meilleures conditions les unit.<\/p><p>Le programme a non seulement favoris\u00e9 la compr\u00e9hension mutuelle, mais a \u00e9galement encourag\u00e9 la camaraderie entre les jeunes dirigeants syndicaux au-del\u00e0 des fronti\u00e8res.<\/p><blockquote><p>&ldquo;Au cours des 12 derni\u00e8res ann\u00e9es, ce programme d&rsquo;\u00e9change a permis de favoriser la collaboration et le partage des connaissances entre les jeunes dirigeants syndicaux d&rsquo;Am\u00e9rique du Sud et d&rsquo;IG Metall. De nombreux anciens participants ont acc\u00e9d\u00e9 \u00e0 des postes importants au sein de leurs syndicats respectifs, en tant que secr\u00e9taires g\u00e9n\u00e9raux, pr\u00e9sidents ou secr\u00e9taires internationaux.<\/p><p>Le succ\u00e8s de ce programme a d\u00e9montr\u00e9 l&rsquo;importance des \u00e9changes internationaux dans le renforcement des syndicats et la construction d&rsquo;un r\u00e9seau mondial de jeunes dirigeants engag\u00e9s dans la d\u00e9fense des droits des travailleurs et travailleuses ainsi que de la justice sociale,&rdquo;<\/p><\/blockquote><p>a d\u00e9clar\u00e9 Sarah Flores, Coordinatrice mondiale des jeunes pour IndustriALL.<\/p>","protected":false},"featured_media":0,"template":"","issues":[396,390,422,401,425],"companies":[],"regions":[152,219,254],"sectors":[],"article_tags":[511,522,536],"class_list":["post-143091","article","type-article","status-publish","hentry","issues-building-strong-unions","issues-future-of-work","issues-human-trade-union-rights","issues-projects","issues-workers-rights","regions-america-latina-y-el-caribe","regions-germany","regions-latin-america-and-the-caribbean","article_tags-industriall","article_tags-projects","article_tags-youth"],"acf":[],"yoast_head":"<!-- This site is optimized with the Yoast SEO Premium plugin v27.1 (Yoast SEO v27.1) - https:\/\/yoast.com\/product\/yoast-seo-premium-wordpress\/ -->\n<title>De jeunes dirigeants renforcent l\u2019action syndicale gr\u00e2ce aux \u00e9changes internationaux - industriall-union<\/title>\n<meta name=\"description\" content=\"Soutenu par la FES (Fondation Friedrich Ebert), le programme s&rsquo;est concentr\u00e9 sur l&rsquo;\u00e9tude du syst\u00e8me syndical allemand et de la structure\" \/>\n<meta name=\"robots\" content=\"index, follow, max-snippet:-1, max-image-preview:large, max-video-preview:-1\" \/>\n<link rel=\"canonical\" href=\"https:\/\/admin.industriall-union.org\/fr\/de-jeunes-dirigeants-renforcent-l-action-syndicale-grace-aux-echanges-internationaux\/\" \/>\n<meta property=\"og:locale\" content=\"fr_FR\" \/>\n<meta property=\"og:type\" content=\"article\" \/>\n<meta property=\"og:title\" content=\"De jeunes dirigeants renforcent l\u2019action syndicale gr\u00e2ce aux \u00e9changes internationaux\" \/>\n<meta property=\"og:description\" content=\"Soutenu par la FES (Fondation Friedrich Ebert), le programme s&rsquo;est concentr\u00e9 sur l&rsquo;\u00e9tude du syst\u00e8me syndical allemand et de la structure\" \/>\n<meta property=\"og:url\" content=\"https:\/\/admin.industriall-union.org\/fr\/de-jeunes-dirigeants-renforcent-l-action-syndicale-grace-aux-echanges-internationaux\/\" \/>\n<meta property=\"og:site_name\" content=\"industriall-union\" \/>\n<meta property=\"article:modified_time\" content=\"2025-01-27T19:52:29+00:00\" \/>\n<meta name=\"twitter:card\" content=\"summary_large_image\" \/>\n<meta name=\"twitter:label1\" content=\"Est. reading time\" \/>\n\t<meta name=\"twitter:data1\" content=\"3 minutes\" \/>\n<script type=\"application\/ld+json\" class=\"yoast-schema-graph\">{\"@context\":\"https:\/\/schema.org\",\"@graph\":[{\"@type\":\"WebPage\",\"@id\":\"https:\/\/admin.industriall-union.org\/fr\/de-jeunes-dirigeants-renforcent-l-action-syndicale-grace-aux-echanges-internationaux\/\",\"url\":\"https:\/\/admin.industriall-union.org\/fr\/de-jeunes-dirigeants-renforcent-l-action-syndicale-grace-aux-echanges-internationaux\/\",\"name\":\"De jeunes dirigeants renforcent l\u2019action syndicale gr\u00e2ce aux \u00e9changes internationaux - industriall-union\",\"isPartOf\":{\"@id\":\"https:\/\/admin.industriall-union.org\/#website\"},\"datePublished\":\"2023-07-25T12:11:06+00:00\",\"dateModified\":\"2025-01-27T19:52:29+00:00\",\"description\":\"Soutenu par la FES (Fondation Friedrich Ebert), le programme s&rsquo;est concentr\u00e9 sur l&rsquo;\u00e9tude du syst\u00e8me syndical allemand et de la structure\",\"breadcrumb\":{\"@id\":\"https:\/\/admin.industriall-union.org\/fr\/de-jeunes-dirigeants-renforcent-l-action-syndicale-grace-aux-echanges-internationaux\/#breadcrumb\"},\"inLanguage\":\"fr-FR\",\"potentialAction\":[{\"@type\":\"ReadAction\",\"target\":[\"https:\/\/admin.industriall-union.org\/fr\/de-jeunes-dirigeants-renforcent-l-action-syndicale-grace-aux-echanges-internationaux\/\"]}]},{\"@type\":\"BreadcrumbList\",\"@id\":\"https:\/\/admin.industriall-union.org\/fr\/de-jeunes-dirigeants-renforcent-l-action-syndicale-grace-aux-echanges-internationaux\/#breadcrumb\",\"itemListElement\":[{\"@type\":\"ListItem\",\"position\":1,\"name\":\"Home\",\"item\":\"https:\/\/admin.industriall-union.org\/\"},{\"@type\":\"ListItem\",\"position\":2,\"name\":\"Articles\",\"item\":\"https:\/\/admin.industriall-union.org\/article\/\"},{\"@type\":\"ListItem\",\"position\":3,\"name\":\"De jeunes dirigeants renforcent l\u2019action syndicale gr\u00e2ce aux \u00e9changes internationaux\"}]},{\"@type\":\"WebSite\",\"@id\":\"https:\/\/admin.industriall-union.org\/#website\",\"url\":\"https:\/\/admin.industriall-union.org\/\",\"name\":\"industriall-union\",\"description\":\"\",\"potentialAction\":[{\"@type\":\"SearchAction\",\"target\":{\"@type\":\"EntryPoint\",\"urlTemplate\":\"https:\/\/admin.industriall-union.org\/?s={search_term_string}\"},\"query-input\":{\"@type\":\"PropertyValueSpecification\",\"valueRequired\":true,\"valueName\":\"search_term_string\"}}],\"inLanguage\":\"fr-FR\"}]}<\/script>\n<!-- \/ Yoast SEO Premium plugin. -->","yoast_head_json":{"title":"De jeunes dirigeants renforcent l\u2019action syndicale gr\u00e2ce aux \u00e9changes internationaux - industriall-union","description":"Soutenu par la FES (Fondation Friedrich Ebert), le programme s&rsquo;est concentr\u00e9 sur l&rsquo;\u00e9tude du syst\u00e8me syndical allemand et de la structure","robots":{"index":"index","follow":"follow","max-snippet":"max-snippet:-1","max-image-preview":"max-image-preview:large","max-video-preview":"max-video-preview:-1"},"canonical":"https:\/\/admin.industriall-union.org\/fr\/de-jeunes-dirigeants-renforcent-l-action-syndicale-grace-aux-echanges-internationaux\/","og_locale":"fr_FR","og_type":"article","og_title":"De jeunes dirigeants renforcent l\u2019action syndicale gr\u00e2ce aux \u00e9changes internationaux","og_description":"Soutenu par la FES (Fondation Friedrich Ebert), le programme s&rsquo;est concentr\u00e9 sur l&rsquo;\u00e9tude du syst\u00e8me syndical allemand et de la structure","og_url":"https:\/\/admin.industriall-union.org\/fr\/de-jeunes-dirigeants-renforcent-l-action-syndicale-grace-aux-echanges-internationaux\/","og_site_name":"industriall-union","article_modified_time":"2025-01-27T19:52:29+00:00","twitter_card":"summary_large_image","twitter_misc":{"Est. reading time":"3 minutes"},"schema":{"@context":"https:\/\/schema.org","@graph":[{"@type":"WebPage","@id":"https:\/\/admin.industriall-union.org\/fr\/de-jeunes-dirigeants-renforcent-l-action-syndicale-grace-aux-echanges-internationaux\/","url":"https:\/\/admin.industriall-union.org\/fr\/de-jeunes-dirigeants-renforcent-l-action-syndicale-grace-aux-echanges-internationaux\/","name":"De jeunes dirigeants renforcent l\u2019action syndicale gr\u00e2ce aux \u00e9changes internationaux - industriall-union","isPartOf":{"@id":"https:\/\/admin.industriall-union.org\/#website"},"datePublished":"2023-07-25T12:11:06+00:00","dateModified":"2025-01-27T19:52:29+00:00","description":"Soutenu par la FES (Fondation Friedrich Ebert), le programme s&rsquo;est concentr\u00e9 sur l&rsquo;\u00e9tude du syst\u00e8me syndical allemand et de la structure","breadcrumb":{"@id":"https:\/\/admin.industriall-union.org\/fr\/de-jeunes-dirigeants-renforcent-l-action-syndicale-grace-aux-echanges-internationaux\/#breadcrumb"},"inLanguage":"fr-FR","potentialAction":[{"@type":"ReadAction","target":["https:\/\/admin.industriall-union.org\/fr\/de-jeunes-dirigeants-renforcent-l-action-syndicale-grace-aux-echanges-internationaux\/"]}]},{"@type":"BreadcrumbList","@id":"https:\/\/admin.industriall-union.org\/fr\/de-jeunes-dirigeants-renforcent-l-action-syndicale-grace-aux-echanges-internationaux\/#breadcrumb","itemListElement":[{"@type":"ListItem","position":1,"name":"Home","item":"https:\/\/admin.industriall-union.org\/"},{"@type":"ListItem","position":2,"name":"Articles","item":"https:\/\/admin.industriall-union.org\/article\/"},{"@type":"ListItem","position":3,"name":"De jeunes dirigeants renforcent l\u2019action syndicale gr\u00e2ce aux \u00e9changes internationaux"}]},{"@type":"WebSite","@id":"https:\/\/admin.industriall-union.org\/#website","url":"https:\/\/admin.industriall-union.org\/","name":"industriall-union","description":"","potentialAction":[{"@type":"SearchAction","target":{"@type":"EntryPoint","urlTemplate":"https:\/\/admin.industriall-union.org\/?s={search_term_string}"},"query-input":{"@type":"PropertyValueSpecification","valueRequired":true,"valueName":"search_term_string"}}],"inLanguage":"fr-FR"}]}},"_links":{"self":[{"href":"https:\/\/admin.industriall-union.org\/fr\/wp-json\/wp\/v2\/article\/143091","targetHints":{"allow":["GET"]}}],"collection":[{"href":"https:\/\/admin.industriall-union.org\/fr\/wp-json\/wp\/v2\/article"}],"about":[{"href":"https:\/\/admin.industriall-union.org\/fr\/wp-json\/wp\/v2\/types\/article"}],"wp:attachment":[{"href":"https:\/\/admin.industriall-union.org\/fr\/wp-json\/wp\/v2\/media?parent=143091"}],"wp:term":[{"taxonomy":"issues","embeddable":true,"href":"https:\/\/admin.industriall-union.org\/fr\/wp-json\/wp\/v2\/issues?post=143091"},{"taxonomy":"companies","embeddable":true,"href":"https:\/\/admin.industriall-union.org\/fr\/wp-json\/wp\/v2\/companies?post=143091"},{"taxonomy":"regions","embeddable":true,"href":"https:\/\/admin.industriall-union.org\/fr\/wp-json\/wp\/v2\/regions?post=143091"},{"taxonomy":"sectors","embeddable":true,"href":"https:\/\/admin.industriall-union.org\/fr\/wp-json\/wp\/v2\/sectors?post=143091"},{"taxonomy":"article_tags","embeddable":true,"href":"https:\/\/admin.industriall-union.org\/fr\/wp-json\/wp\/v2\/article_tags?post=143091"}],"curies":[{"name":"wp","href":"https:\/\/api.w.org\/{rel}","templated":true}]}}