{"id":143066,"date":"2023-08-25T10:34:52","date_gmt":"2023-08-25T10:34:52","guid":{"rendered":"https:\/\/admin.industriall-union.org\/industriall-et-aker-renouvellent-leur-accord-cadre-mondial\/"},"modified":"2025-01-27T19:36:15","modified_gmt":"2025-01-27T19:36:15","slug":"industriall-et-aker-renouvellent-leur-accord-cadre-mondial","status":"publish","type":"article","link":"https:\/\/admin.industriall-union.org\/fr\/industriall-et-aker-renouvellent-leur-accord-cadre-mondial\/","title":{"rendered":"IndustriALL et Aker renouvellent leur accord-cadre mondial"},"content":{"rendered":"<p>L&rsquo;ambitieux accord-cadre mondial (ACM) contient des dispositions sur les droits humains et syndicaux fondamentaux et fait r\u00e9f\u00e9rence aux normes internationales en mati\u00e8re de sant\u00e9 et de s\u00e9curit\u00e9, de salaires d\u00e9cents, de transition \u00e9quitable, d&rsquo;\u00e9galit\u00e9 et de diversit\u00e9, de questions environnementales, de temps de travail et de conditions d&rsquo;emploi.<\/p><p>L&rsquo;accord ainsi renouvel\u00e9 a \u00e9t\u00e9 approuv\u00e9 lors d&rsquo;une r\u00e9union du Conseil d&rsquo;entreprise mondial (CEM) le 25 mai dernier, apr\u00e8s consultation des affili\u00e9s d&rsquo;IndustriALL. L&rsquo;ACM comprend des dispositions plus strictes sur ce qui est exig\u00e9 des entreprises de la cha\u00eene d&rsquo;approvisionnement d&rsquo;Aker et s&rsquo;appuie sur les accords pr\u00e9c\u00e9dents, dont le premier a \u00e9t\u00e9 sign\u00e9 en 2008 et renouvel\u00e9 en 2010 et 2013.<\/p><p>Le Secr\u00e9taire g\u00e9n\u00e9ral d&rsquo;IndustriALL, Atle H\u00f8ie, a d\u00e9clar\u00e9 \u00e0 ce sujet&nbsp;:<\/p><blockquote><p>&ldquo;Il s&rsquo;agit d&rsquo;un accord ambitieux et tourn\u00e9 vers l&rsquo;avenir, qui aborde des domaines cl\u00e9s pour un lieu de travail d\u00e9cent et durable. Ce nouvel accord fixe une r\u00e9f\u00e9rence en mati\u00e8re d&#039;ACM et de dialogue social, et l&rsquo;approche sinc\u00e8re de la direction est exemplaire&rdquo;.<\/p><\/blockquote><p>Apr\u00e8s sa r\u00e9union en mai, le Conseil d&rsquo;entreprise mondial a visit\u00e9 l&rsquo;installation du Ch\u00e2teau de la Rose \u00e0 Oslo, qui comm\u00e9more l&rsquo;occupation nazie de la Norv\u00e8ge. Dans un discours \u00e9mouvant annon\u00e7ant son d\u00e9part \u00e0 la retraite, le Pr\u00e9sident sortant Atle Tran\u00f8y a parl\u00e9 de la n\u00e9cessit\u00e9 pour chaque g\u00e9n\u00e9ration de d\u00e9fendre la d\u00e9mocratie, en particulier dans le contexte de la guerre en Ukraine et de la mont\u00e9e des politiques autoritaires. Il a d\u00e9clar\u00e9 que le dialogue social et les accords tels que l&rsquo;ACM Aker sont les \u00e9l\u00e9ments constitutifs d&rsquo;une bonne soci\u00e9t\u00e9.<\/p><p>Tran\u00f8y a \u00e9t\u00e9 d\u00e9terminant dans l&rsquo;ACM d\u00e8s ses balbutiements et a jou\u00e9 un r\u00f4le d\u00e9terminant dans sa ren\u00e9gociation.<\/p><p>Un m\u00e9canisme de r\u00e9solution des conflits \u00e9tablit clairement la responsabilit\u00e9 pour Aker d&rsquo;user de son influence pour garantir le respect des droits syndicaux tout au long de sa cha\u00eene d&rsquo;approvisionnement. L&rsquo;accord est contr\u00f4l\u00e9 par le Conseil d&rsquo;entreprise mondial et tout salari\u00e9 de l&rsquo;\u00e9cosyst\u00e8me d&rsquo;Aker peut contacter directement le r\u00e9f\u00e9rant syndical s&rsquo;il estime que l&rsquo;accord n&rsquo;est pas respect\u00e9.<\/p><p>Soulignant l&rsquo;importance du dialogue social, le PDG d&rsquo;Aker, \u00d8yvind Eriksen, a d\u00e9clar\u00e9&nbsp;:<\/p><blockquote><p>&ldquo;Cet accord est un \u00e9l\u00e9ment important du travail d&rsquo;Aker en mati\u00e8re de d\u00e9veloppement durable et de gouvernance d&rsquo;entreprise responsable. Il fournit \u00e0 tous les salari\u00e9s un outil important pour s&rsquo;assurer que les entreprises relevant d&rsquo;Aker respectent leurs engagements et nos ambitions.&rdquo;<\/p><\/blockquote><p>Les affili\u00e9s norv\u00e9giens d&rsquo;IndustriALL, Fellesforbundet, NITO et Tekna, sont cosignataires de l&rsquo;ACM.<\/p><p>St\u00e5le Johansen, repr\u00e9sentant syndical au sein du conseil d&rsquo;administration d&rsquo;Aker, a d\u00e9clar\u00e9&nbsp;:<\/p><blockquote><p>&ldquo;Je suis heureux qu&rsquo;avec cet accord actualis\u00e9 et renforc\u00e9, Aker reconnaisse les droits syndicaux fondamentaux et s&rsquo;engage \u00e0 les respecter, tout comme de bonnes conditions de travail dans l&rsquo;ensemble de ses activit\u00e9s au plan mondial.&rdquo;<\/p><\/blockquote><p>Le renouvellement met l&rsquo;accord en conformit\u00e9 avec les meilleures pratiques en mati\u00e8re de relations sociales en actualisant le nombre d&rsquo;instruments de l&rsquo;OIT auxquels il est fait r\u00e9f\u00e9rence apr\u00e8s que la sant\u00e9 et la s\u00e9curit\u00e9 sont devenues le sujet de conventions fondamentales, en actualisant la politique relative \u00e0 l&rsquo;\u00e9galit\u00e9 entre hommes et femmes et \u00e0 la n\u00e9cessit\u00e9 d&rsquo;\u00e9liminer la violence fond\u00e9e sur le sexe par le biais de la Convention 190 de l&rsquo;OIT, et en prenant un nouvel engagement en faveur d&rsquo;une transition \u00e9quitable.<\/p><p>Aker poss\u00e8de un portefeuille diversifi\u00e9, comprenant des domaines tels que la construction navale et l&rsquo;\u00e9quipement maritime, les logiciels et les \u00e9nergies renouvelables. Aker s&rsquo;est r\u00e9cemment lanc\u00e9 dans les \u00e9nergies renouvelables apr\u00e8s avoir rachet\u00e9 la soci\u00e9t\u00e9 irlandaise Mainstream. Le CEM se concentrera sur l&rsquo;am\u00e9lioration de la repr\u00e9sentation syndicale dans les activit\u00e9s mondiales de Mainstream.<\/p><p><em>Photo&nbsp;: Elisabeth Haugsb\u00f8, Pr\u00e9sidente de TEKNA, Atle H\u00f8ie, Secr\u00e9taire g\u00e9n\u00e9ral d&rsquo;IndustriALL, \u00d8yvind Eriksen, PDG d&rsquo;Aker, Christian Justnes, Secr\u00e9taire du syndicat Fellesforbundet, Audun B\u00f8hn, Secr\u00e9taire g\u00e9n\u00e9ral adjoint de la NITO.<\/em><\/p>","protected":false},"featured_media":0,"template":"","issues":[407,425],"companies":[],"regions":[238],"sectors":[470],"article_tags":[],"class_list":["post-143066","article","type-article","status-publish","hentry","issues-global-framework-agreements","issues-workers-rights","regions-norway","sectors-shipbuilding-and-shipbreaking"],"acf":[],"yoast_head":"<!-- This site is optimized with the Yoast SEO Premium plugin v27.1 (Yoast SEO v27.1) - https:\/\/yoast.com\/product\/yoast-seo-premium-wordpress\/ -->\n<title>IndustriALL et Aker renouvellent leur accord-cadre mondial - industriall-union<\/title>\n<meta name=\"description\" content=\"L&rsquo;ambitieux accord-cadre mondial (ACM) contient des dispositions sur les droits humains et syndicaux fondamentaux et fait r\u00e9f\u00e9rence aux normes\" \/>\n<meta name=\"robots\" content=\"index, follow, max-snippet:-1, max-image-preview:large, max-video-preview:-1\" \/>\n<link rel=\"canonical\" href=\"https:\/\/admin.industriall-union.org\/fr\/industriall-et-aker-renouvellent-leur-accord-cadre-mondial\/\" \/>\n<meta property=\"og:locale\" content=\"fr_FR\" \/>\n<meta property=\"og:type\" content=\"article\" \/>\n<meta property=\"og:title\" content=\"IndustriALL et Aker renouvellent leur accord-cadre mondial\" \/>\n<meta property=\"og:description\" content=\"L&rsquo;ambitieux accord-cadre mondial (ACM) contient des dispositions sur les droits humains et syndicaux fondamentaux et fait r\u00e9f\u00e9rence aux normes\" \/>\n<meta property=\"og:url\" content=\"https:\/\/admin.industriall-union.org\/fr\/industriall-et-aker-renouvellent-leur-accord-cadre-mondial\/\" \/>\n<meta property=\"og:site_name\" content=\"industriall-union\" \/>\n<meta property=\"article:modified_time\" content=\"2025-01-27T19:36:15+00:00\" \/>\n<meta name=\"twitter:card\" content=\"summary_large_image\" \/>\n<meta name=\"twitter:label1\" content=\"Est. reading time\" \/>\n\t<meta name=\"twitter:data1\" content=\"4 minutes\" \/>\n<script type=\"application\/ld+json\" class=\"yoast-schema-graph\">{\"@context\":\"https:\/\/schema.org\",\"@graph\":[{\"@type\":\"WebPage\",\"@id\":\"https:\/\/admin.industriall-union.org\/fr\/industriall-et-aker-renouvellent-leur-accord-cadre-mondial\/\",\"url\":\"https:\/\/admin.industriall-union.org\/fr\/industriall-et-aker-renouvellent-leur-accord-cadre-mondial\/\",\"name\":\"IndustriALL et Aker renouvellent leur accord-cadre mondial - industriall-union\",\"isPartOf\":{\"@id\":\"https:\/\/admin.industriall-union.org\/#website\"},\"datePublished\":\"2023-08-25T10:34:52+00:00\",\"dateModified\":\"2025-01-27T19:36:15+00:00\",\"description\":\"L&rsquo;ambitieux accord-cadre mondial (ACM) contient des dispositions sur les droits humains et syndicaux fondamentaux et fait r\u00e9f\u00e9rence aux normes\",\"breadcrumb\":{\"@id\":\"https:\/\/admin.industriall-union.org\/fr\/industriall-et-aker-renouvellent-leur-accord-cadre-mondial\/#breadcrumb\"},\"inLanguage\":\"fr-FR\",\"potentialAction\":[{\"@type\":\"ReadAction\",\"target\":[\"https:\/\/admin.industriall-union.org\/fr\/industriall-et-aker-renouvellent-leur-accord-cadre-mondial\/\"]}]},{\"@type\":\"BreadcrumbList\",\"@id\":\"https:\/\/admin.industriall-union.org\/fr\/industriall-et-aker-renouvellent-leur-accord-cadre-mondial\/#breadcrumb\",\"itemListElement\":[{\"@type\":\"ListItem\",\"position\":1,\"name\":\"Home\",\"item\":\"https:\/\/admin.industriall-union.org\/\"},{\"@type\":\"ListItem\",\"position\":2,\"name\":\"Articles\",\"item\":\"https:\/\/admin.industriall-union.org\/article\/\"},{\"@type\":\"ListItem\",\"position\":3,\"name\":\"IndustriALL et Aker renouvellent leur accord-cadre mondial\"}]},{\"@type\":\"WebSite\",\"@id\":\"https:\/\/admin.industriall-union.org\/#website\",\"url\":\"https:\/\/admin.industriall-union.org\/\",\"name\":\"industriall-union\",\"description\":\"\",\"potentialAction\":[{\"@type\":\"SearchAction\",\"target\":{\"@type\":\"EntryPoint\",\"urlTemplate\":\"https:\/\/admin.industriall-union.org\/?s={search_term_string}\"},\"query-input\":{\"@type\":\"PropertyValueSpecification\",\"valueRequired\":true,\"valueName\":\"search_term_string\"}}],\"inLanguage\":\"fr-FR\"}]}<\/script>\n<!-- \/ Yoast SEO Premium plugin. -->","yoast_head_json":{"title":"IndustriALL et Aker renouvellent leur accord-cadre mondial - industriall-union","description":"L&rsquo;ambitieux accord-cadre mondial (ACM) contient des dispositions sur les droits humains et syndicaux fondamentaux et fait r\u00e9f\u00e9rence aux normes","robots":{"index":"index","follow":"follow","max-snippet":"max-snippet:-1","max-image-preview":"max-image-preview:large","max-video-preview":"max-video-preview:-1"},"canonical":"https:\/\/admin.industriall-union.org\/fr\/industriall-et-aker-renouvellent-leur-accord-cadre-mondial\/","og_locale":"fr_FR","og_type":"article","og_title":"IndustriALL et Aker renouvellent leur accord-cadre mondial","og_description":"L&rsquo;ambitieux accord-cadre mondial (ACM) contient des dispositions sur les droits humains et syndicaux fondamentaux et fait r\u00e9f\u00e9rence aux normes","og_url":"https:\/\/admin.industriall-union.org\/fr\/industriall-et-aker-renouvellent-leur-accord-cadre-mondial\/","og_site_name":"industriall-union","article_modified_time":"2025-01-27T19:36:15+00:00","twitter_card":"summary_large_image","twitter_misc":{"Est. reading time":"4 minutes"},"schema":{"@context":"https:\/\/schema.org","@graph":[{"@type":"WebPage","@id":"https:\/\/admin.industriall-union.org\/fr\/industriall-et-aker-renouvellent-leur-accord-cadre-mondial\/","url":"https:\/\/admin.industriall-union.org\/fr\/industriall-et-aker-renouvellent-leur-accord-cadre-mondial\/","name":"IndustriALL et Aker renouvellent leur accord-cadre mondial - industriall-union","isPartOf":{"@id":"https:\/\/admin.industriall-union.org\/#website"},"datePublished":"2023-08-25T10:34:52+00:00","dateModified":"2025-01-27T19:36:15+00:00","description":"L&rsquo;ambitieux accord-cadre mondial (ACM) contient des dispositions sur les droits humains et syndicaux fondamentaux et fait r\u00e9f\u00e9rence aux normes","breadcrumb":{"@id":"https:\/\/admin.industriall-union.org\/fr\/industriall-et-aker-renouvellent-leur-accord-cadre-mondial\/#breadcrumb"},"inLanguage":"fr-FR","potentialAction":[{"@type":"ReadAction","target":["https:\/\/admin.industriall-union.org\/fr\/industriall-et-aker-renouvellent-leur-accord-cadre-mondial\/"]}]},{"@type":"BreadcrumbList","@id":"https:\/\/admin.industriall-union.org\/fr\/industriall-et-aker-renouvellent-leur-accord-cadre-mondial\/#breadcrumb","itemListElement":[{"@type":"ListItem","position":1,"name":"Home","item":"https:\/\/admin.industriall-union.org\/"},{"@type":"ListItem","position":2,"name":"Articles","item":"https:\/\/admin.industriall-union.org\/article\/"},{"@type":"ListItem","position":3,"name":"IndustriALL et Aker renouvellent leur accord-cadre mondial"}]},{"@type":"WebSite","@id":"https:\/\/admin.industriall-union.org\/#website","url":"https:\/\/admin.industriall-union.org\/","name":"industriall-union","description":"","potentialAction":[{"@type":"SearchAction","target":{"@type":"EntryPoint","urlTemplate":"https:\/\/admin.industriall-union.org\/?s={search_term_string}"},"query-input":{"@type":"PropertyValueSpecification","valueRequired":true,"valueName":"search_term_string"}}],"inLanguage":"fr-FR"}]}},"_links":{"self":[{"href":"https:\/\/admin.industriall-union.org\/fr\/wp-json\/wp\/v2\/article\/143066","targetHints":{"allow":["GET"]}}],"collection":[{"href":"https:\/\/admin.industriall-union.org\/fr\/wp-json\/wp\/v2\/article"}],"about":[{"href":"https:\/\/admin.industriall-union.org\/fr\/wp-json\/wp\/v2\/types\/article"}],"wp:attachment":[{"href":"https:\/\/admin.industriall-union.org\/fr\/wp-json\/wp\/v2\/media?parent=143066"}],"wp:term":[{"taxonomy":"issues","embeddable":true,"href":"https:\/\/admin.industriall-union.org\/fr\/wp-json\/wp\/v2\/issues?post=143066"},{"taxonomy":"companies","embeddable":true,"href":"https:\/\/admin.industriall-union.org\/fr\/wp-json\/wp\/v2\/companies?post=143066"},{"taxonomy":"regions","embeddable":true,"href":"https:\/\/admin.industriall-union.org\/fr\/wp-json\/wp\/v2\/regions?post=143066"},{"taxonomy":"sectors","embeddable":true,"href":"https:\/\/admin.industriall-union.org\/fr\/wp-json\/wp\/v2\/sectors?post=143066"},{"taxonomy":"article_tags","embeddable":true,"href":"https:\/\/admin.industriall-union.org\/fr\/wp-json\/wp\/v2\/article_tags?post=143066"}],"curies":[{"name":"wp","href":"https:\/\/api.w.org\/{rel}","templated":true}]}}