{"id":143015,"date":"2023-09-28T15:10:26","date_gmt":"2023-09-28T15:10:26","guid":{"rendered":"https:\/\/admin.industriall-union.org\/les-syndicats-s-attaquent-aux-principaux-defis-des-industries-chimiques-et-pharmaceutiques\/"},"modified":"2025-01-27T19:03:43","modified_gmt":"2025-01-27T19:03:43","slug":"les-syndicats-s-attaquent-aux-principaux-defis-des-industries-chimiques-et-pharmaceutiques","status":"publish","type":"article","link":"https:\/\/admin.industriall-union.org\/fr\/les-syndicats-s-attaquent-aux-principaux-defis-des-industries-chimiques-et-pharmaceutiques\/","title":{"rendered":"Les syndicats s\u2019attaquent aux principaux d\u00e9fis des industries chimiques et pharmaceutiques"},"content":{"rendered":"<p>Des sujets cl\u00e9s ont \u00e9t\u00e9 abord\u00e9s&nbsp;: la promotion des femmes, de la diversit\u00e9 et de l&rsquo;inclusion, la gestion des m\u00e9canismes de diligence raisonnable et les r\u00e9ponses des syndicats, l&rsquo;examen des opportunit\u00e9s dans la cha\u00eene d&rsquo;approvisionnement des batteries, les efforts pour garantir la sant\u00e9, la s\u00e9curit\u00e9 et la durabilit\u00e9. Ces discussions ont fait \u00e9cho \u00e0 un engagement collectif en faveur de l&rsquo;autonomisation des travailleurs et travailleuses et du renforcement de leurs droits.<\/p><p>L&rsquo;h\u00f4te de cette conf\u00e9rence \u00e9tait l&rsquo;affili\u00e9 d&rsquo;IndustriALL, Petrol-Is. Dans son discours d&rsquo;ouverture, le Pr\u00e9sident S\u00fcleyman Aky\u00fcz a d\u00e9clar\u00e9&nbsp;:<\/p><blockquote><p>&ldquo;Nous devons relever les d\u00e9fis des industries chimiques et pharmaceutiques. Je suis pr\u00e9occup\u00e9 par l&rsquo;\u00e9rosion des droits des travailleurs dans le monde entier et par l&rsquo;investissement croissant dans la main-d&rsquo;?uvre \u00e0 bas co\u00fbt. Je nous invite tous, en tant que syndicats, \u00e0 nous mobiliser \u00e0 l&rsquo;\u00e9chelle mondiale pour prot\u00e9ger ces droits fondamentaux&rdquo;.<\/p><\/blockquote><p>Un accent particulier a \u00e9t\u00e9 mis sur l&rsquo;\u00e9galit\u00e9 des sexes dans les secteurs chimique et pharmaceutique. Lucineide Varj\u00e3o, de la CNQ-CUT, Br\u00e9sil, a soulign\u00e9 l&rsquo;importance d&rsquo;int\u00e9grer l&rsquo;\u00e9galit\u00e9 des sexes dans ces secteurs. Elle a rappel\u00e9 les d\u00e9fis auxquels les femmes sont confront\u00e9es, notamment l&rsquo;in\u00e9galit\u00e9 des salaires, la sous-repr\u00e9sentation dans les r\u00f4les d\u00e9cisionnels et le poids du travail m\u00e9nager non r\u00e9mun\u00e9r\u00e9. Les participants ont appel\u00e9 \u00e0 une action collective pour rem\u00e9dier \u00e0 ces disparit\u00e9s et soutenir les groupes marginalis\u00e9s, notamment les transgenres, les jeunes, les LGBTQI+ et les personnes racialis\u00e9es.<\/p><p>Les d\u00e9bats sur le devoir de diligence ont mis en \u00e9vidence l&rsquo;importance de la l\u00e9gislation r\u00e9gissant les violations des droits de l&rsquo;homme et de l&rsquo;environnement dans les cha\u00eenes d&rsquo;approvisionnement. La Copr\u00e9sidente du secteur, Sandra Br\u00e4nzel, d&rsquo;IGBCE (Allemagne), a parl\u00e9 de l&rsquo;attention qu&rsquo;elle porte \u00e0 ces \u00e9volutions. IGBCE a \u00e9labor\u00e9 une norme pour les entreprises concern\u00e9es par cette l\u00e9gislation, en mettant l&rsquo;accent sur les PME qui ne sont pas encore touch\u00e9es par la nouvelle l\u00e9gislation allemande. Son objectif est de fournir des conseils \u00e0 toutes les entreprises, quelle que soit leur taille, en sachant que les violations des droits de l&rsquo;homme peuvent se produire partout.<\/p><p>Alexander Bercht, IGBCE, a pr\u00e9sent\u00e9 quelques-uns des principaux d\u00e9fis de l&rsquo;industrie chimique, notamment la r\u00e9duction de la demande, la flamb\u00e9e des prix de l&rsquo;\u00e9nergie et la n\u00e9cessit\u00e9 d&rsquo;une transition vers les \u00e9nergies propres. Il a soulign\u00e9 le r\u00f4le \u00e0 jouer dans la syndicalisation active du secteur.<\/p><blockquote><p>&ldquo;Dans ce contexte mondial, nous veillerons \u00e0 ce que nos membres ne subissent pas les cons\u00e9quences n\u00e9gatives de la restructuration de la cha\u00eene d&rsquo;approvisionnement. La solidarit\u00e9 et la collaboration sont essentielles pour remodeler notre secteur. Utilisons tous les outils disponibles et restons unis&nbsp;!&rdquo;<\/p><\/blockquote><p>a d\u00e9clar\u00e9 M. Bercht.<\/p><p>Le secteur a introduit un nouvel \u00e9l\u00e9ment \u00e0 l&rsquo;ordre du jour. IndustriALL a identifi\u00e9 la cha\u00eene d&rsquo;approvisionnement des batteries comme un \u00e9l\u00e9ment cl\u00e9, sur lequel le secteur pourrait avoir une influence. Pour l&rsquo;instant, de nombreuses violations sont encore commises au sein de cette cha\u00eene. L&rsquo;objectif du d\u00e9bat \u00e9tait d&rsquo;identifier les domaines dans lesquels les syndicats peuvent prendre position et s&rsquo;attaquer de front aux probl\u00e8mes.<\/p><blockquote><p>&ldquo;Il est essentiel de ne n\u00e9gliger aucune possibilit\u00e9 d&rsquo;approfondir nos efforts. La cha\u00eene d&rsquo;approvisionnement des batteries offre une occasion unique d&rsquo;\u00e9changer des informations et des points de vue pr\u00e9cieux. Saisissons-la&nbsp;!&rdquo;<\/p><\/blockquote><p>a d\u00e9clar\u00e9 Tom Grinter, Directeur d&rsquo;IndustriALL pour la section.<\/p><p>Tam\u00e1s Sz\u00e9kely, de la VDSZ (Hongrie), a parl\u00e9 des efforts d\u00e9ploy\u00e9s par la Hongrie pour devenir une plaque tournante pour les v\u00e9hicules \u00e9lectriques. La session a explor\u00e9 les possibilit\u00e9s de rem\u00e9dier aux infractions dans la cha\u00eene d&rsquo;approvisionnement des batteries pour v\u00e9hicules \u00e9lectriques.<\/p><p>Lors de la session sur la sant\u00e9, la s\u00e9curit\u00e9 et la durabilit\u00e9, les participants ont soulign\u00e9 l&rsquo;importance de donner la priorit\u00e9 \u00e0 la sant\u00e9 et \u00e0 la s\u00e9curit\u00e9 sur le lieu de travail. La sant\u00e9 mentale et la d\u00e9carbonisation ont \u00e9galement \u00e9t\u00e9 des sujets de discussion importants. La session a \u00e9galement mis en \u00e9vidence la n\u00e9cessit\u00e9 d&rsquo;adopter des mesures de sant\u00e9 et de s\u00e9curit\u00e9 tenant compte des sp\u00e9cificit\u00e9s des hommes et des femmes.<\/p><p>&ldquo;Un sujet int\u00e9ressant qui a \u00e9merg\u00e9 est la sant\u00e9 mentale des repr\u00e9sentants syndicaux. La mise en place d&rsquo;outils pour y rem\u00e9dier est devenue une entreprise de grande envergure pour les syndicats, entra\u00eenant des co\u00fbts, mais il est imp\u00e9ratif de donner la priorit\u00e9 au bien-\u00eatre de nos membres \u00e9galement,&rdquo;<\/p><p>a d\u00e9clar\u00e9 Cliff Bowen, du syndicat Unite, du Royaume-Uni.<\/p><p>Les pan\u00e9listes ont reconnu la n\u00e9cessit\u00e9 de la d\u00e9carbonisation, mais ont fait remarquer qu&rsquo;il s&rsquo;agit d&rsquo;un d\u00e9bat difficile parce qu&rsquo;il n&rsquo;y a souvent pas de plan clair pour les travailleurs et travailleuses au niveau des initiatives de d\u00e9carbonisation.<\/p><p>Des pan\u00e9listes d&rsquo;Indon\u00e9sie, de France et du Maroc ont discut\u00e9 des d\u00e9fis et des transformations du secteur pharmaceutique. Ils ont identifi\u00e9 le fait que l&rsquo;industrie se concentre sur les produits, la d\u00e9localisation de la production et l&rsquo;\u00e9mergence de startups, ce qui pose des d\u00e9fis aux syndicats.<\/p><p>Au cours des trois journ\u00e9es de conf\u00e9rence en Turquie, des r\u00e9unions de r\u00e9seau ont \u00e9t\u00e9 organis\u00e9es sur BASF, Sanofi et Takeda, rassemblant des repr\u00e9sentants des travailleurs et travailleuses de ces entreprises dans le monde entier. Cela a permis aux syndicats d&rsquo;aborder en profondeur les questions sp\u00e9cifiques \u00e0 chaque entreprise, favorisant ainsi une pr\u00e9sence syndicale plus forte et plus importante au sein de chacune de ces multinationales g\u00e9antes.<\/p><p>Les r\u00e9unions se sont conclues par un engagement \u00e0 relever les d\u00e9fis, notamment en mati\u00e8re de sant\u00e9 et de s\u00e9curit\u00e9 au travail, de sant\u00e9 mentale, de durabilit\u00e9 et de droits des femmes et des groupes marginalis\u00e9s. Les syndicats se sont engag\u00e9s \u00e0 travailler en bonne intelligence, \u00e0 partager des informations et \u00e0 d\u00e9fendre les droits des travailleurs et travailleuses aux niveaux national et international.<\/p><p>Sandra Br\u00e4nzel d&rsquo;IGBCE et Edson Dias Bicalho de Fequimfar ont \u00e9t\u00e9 \u00e9lus Copr\u00e9sidents sectoriels, concluant ainsi une ambitieuse s\u00e9rie de trois journ\u00e9es de r\u00e9union. Ils ont exprim\u00e9 leur optimisme quant \u00e0 l&rsquo;avenir et \u00e0 l&rsquo;engagement commun d&rsquo;am\u00e9liorer les conditions de vie de la classe ouvri\u00e8re.<\/p><p>En conclusion de ces trois journ\u00e9es de r\u00e9unions intensives, Kemal \u00d6zkan, Secr\u00e9taire g\u00e9n\u00e9ral adjoint d&rsquo;IndustriALL, a d\u00e9clar\u00e9&nbsp;:<\/p><blockquote><p>&ldquo;Les d\u00e9fis d&rsquo;aujourd&rsquo;hui sont les opportunit\u00e9s de demain. Ensemble, en tant qu&rsquo;IndustriALL Global Union, nous sommes unis pour ouvrir la voie \u00e0 un avenir o\u00f9 les droits des travailleurs et travailleuses, l&rsquo;inclusion et la durabilit\u00e9 pr\u00e9valent. Que notre d\u00e9termination soit le catalyseur d&rsquo;un changement transformateur dans les industries chimiques et pharmaceutiques et au-del\u00e0&nbsp;!&rdquo;.<\/p><\/blockquote>","protected":false},"featured_media":0,"template":"","issues":[393,402,418,397],"companies":[],"regions":[],"sectors":[476],"article_tags":[],"class_list":["post-143015","article","type-article","status-publish","hentry","issues-climate-change-just-transition","issues-health-and-safety","issues-sustainability","issues-women","sectors-chemical-pharmaceutical-bio-science"],"acf":[],"yoast_head":"<!-- This site is optimized with the Yoast SEO Premium plugin v27.1 (Yoast SEO v27.1) - https:\/\/yoast.com\/product\/yoast-seo-premium-wordpress\/ -->\n<title>Les syndicats s\u2019attaquent aux principaux d\u00e9fis des industries chimiques et pharmaceutiques - industriall-union<\/title>\n<meta name=\"description\" content=\"Des sujets cl\u00e9s ont \u00e9t\u00e9 abord\u00e9s&nbsp;: la promotion des femmes, de la diversit\u00e9 et de l&rsquo;inclusion, la gestion des m\u00e9canismes de diligence\" \/>\n<meta name=\"robots\" content=\"index, follow, max-snippet:-1, max-image-preview:large, max-video-preview:-1\" \/>\n<link rel=\"canonical\" href=\"https:\/\/admin.industriall-union.org\/fr\/les-syndicats-s-attaquent-aux-principaux-defis-des-industries-chimiques-et-pharmaceutiques\/\" \/>\n<meta property=\"og:locale\" content=\"fr_FR\" \/>\n<meta property=\"og:type\" content=\"article\" \/>\n<meta property=\"og:title\" content=\"Les syndicats s\u2019attaquent aux principaux d\u00e9fis des industries chimiques et pharmaceutiques\" \/>\n<meta property=\"og:description\" content=\"Des sujets cl\u00e9s ont \u00e9t\u00e9 abord\u00e9s&nbsp;: la promotion des femmes, de la diversit\u00e9 et de l&rsquo;inclusion, la gestion des m\u00e9canismes de diligence\" \/>\n<meta property=\"og:url\" content=\"https:\/\/admin.industriall-union.org\/fr\/les-syndicats-s-attaquent-aux-principaux-defis-des-industries-chimiques-et-pharmaceutiques\/\" \/>\n<meta property=\"og:site_name\" content=\"industriall-union\" \/>\n<meta property=\"article:modified_time\" content=\"2025-01-27T19:03:43+00:00\" \/>\n<meta name=\"twitter:card\" content=\"summary_large_image\" \/>\n<meta name=\"twitter:label1\" content=\"Est. reading time\" \/>\n\t<meta name=\"twitter:data1\" content=\"6 minutes\" \/>\n<script type=\"application\/ld+json\" class=\"yoast-schema-graph\">{\"@context\":\"https:\/\/schema.org\",\"@graph\":[{\"@type\":\"WebPage\",\"@id\":\"https:\/\/admin.industriall-union.org\/fr\/les-syndicats-s-attaquent-aux-principaux-defis-des-industries-chimiques-et-pharmaceutiques\/\",\"url\":\"https:\/\/admin.industriall-union.org\/fr\/les-syndicats-s-attaquent-aux-principaux-defis-des-industries-chimiques-et-pharmaceutiques\/\",\"name\":\"Les syndicats s\u2019attaquent aux principaux d\u00e9fis des industries chimiques et pharmaceutiques - industriall-union\",\"isPartOf\":{\"@id\":\"https:\/\/admin.industriall-union.org\/#website\"},\"datePublished\":\"2023-09-28T15:10:26+00:00\",\"dateModified\":\"2025-01-27T19:03:43+00:00\",\"description\":\"Des sujets cl\u00e9s ont \u00e9t\u00e9 abord\u00e9s&nbsp;: la promotion des femmes, de la diversit\u00e9 et de l&rsquo;inclusion, la gestion des m\u00e9canismes de diligence\",\"breadcrumb\":{\"@id\":\"https:\/\/admin.industriall-union.org\/fr\/les-syndicats-s-attaquent-aux-principaux-defis-des-industries-chimiques-et-pharmaceutiques\/#breadcrumb\"},\"inLanguage\":\"fr-FR\",\"potentialAction\":[{\"@type\":\"ReadAction\",\"target\":[\"https:\/\/admin.industriall-union.org\/fr\/les-syndicats-s-attaquent-aux-principaux-defis-des-industries-chimiques-et-pharmaceutiques\/\"]}]},{\"@type\":\"BreadcrumbList\",\"@id\":\"https:\/\/admin.industriall-union.org\/fr\/les-syndicats-s-attaquent-aux-principaux-defis-des-industries-chimiques-et-pharmaceutiques\/#breadcrumb\",\"itemListElement\":[{\"@type\":\"ListItem\",\"position\":1,\"name\":\"Home\",\"item\":\"https:\/\/admin.industriall-union.org\/\"},{\"@type\":\"ListItem\",\"position\":2,\"name\":\"Articles\",\"item\":\"https:\/\/admin.industriall-union.org\/article\/\"},{\"@type\":\"ListItem\",\"position\":3,\"name\":\"Les syndicats s\u2019attaquent aux principaux d\u00e9fis des industries chimiques et pharmaceutiques\"}]},{\"@type\":\"WebSite\",\"@id\":\"https:\/\/admin.industriall-union.org\/#website\",\"url\":\"https:\/\/admin.industriall-union.org\/\",\"name\":\"industriall-union\",\"description\":\"\",\"potentialAction\":[{\"@type\":\"SearchAction\",\"target\":{\"@type\":\"EntryPoint\",\"urlTemplate\":\"https:\/\/admin.industriall-union.org\/?s={search_term_string}\"},\"query-input\":{\"@type\":\"PropertyValueSpecification\",\"valueRequired\":true,\"valueName\":\"search_term_string\"}}],\"inLanguage\":\"fr-FR\"}]}<\/script>\n<!-- \/ Yoast SEO Premium plugin. -->","yoast_head_json":{"title":"Les syndicats s\u2019attaquent aux principaux d\u00e9fis des industries chimiques et pharmaceutiques - industriall-union","description":"Des sujets cl\u00e9s ont \u00e9t\u00e9 abord\u00e9s&nbsp;: la promotion des femmes, de la diversit\u00e9 et de l&rsquo;inclusion, la gestion des m\u00e9canismes de diligence","robots":{"index":"index","follow":"follow","max-snippet":"max-snippet:-1","max-image-preview":"max-image-preview:large","max-video-preview":"max-video-preview:-1"},"canonical":"https:\/\/admin.industriall-union.org\/fr\/les-syndicats-s-attaquent-aux-principaux-defis-des-industries-chimiques-et-pharmaceutiques\/","og_locale":"fr_FR","og_type":"article","og_title":"Les syndicats s\u2019attaquent aux principaux d\u00e9fis des industries chimiques et pharmaceutiques","og_description":"Des sujets cl\u00e9s ont \u00e9t\u00e9 abord\u00e9s&nbsp;: la promotion des femmes, de la diversit\u00e9 et de l&rsquo;inclusion, la gestion des m\u00e9canismes de diligence","og_url":"https:\/\/admin.industriall-union.org\/fr\/les-syndicats-s-attaquent-aux-principaux-defis-des-industries-chimiques-et-pharmaceutiques\/","og_site_name":"industriall-union","article_modified_time":"2025-01-27T19:03:43+00:00","twitter_card":"summary_large_image","twitter_misc":{"Est. reading time":"6 minutes"},"schema":{"@context":"https:\/\/schema.org","@graph":[{"@type":"WebPage","@id":"https:\/\/admin.industriall-union.org\/fr\/les-syndicats-s-attaquent-aux-principaux-defis-des-industries-chimiques-et-pharmaceutiques\/","url":"https:\/\/admin.industriall-union.org\/fr\/les-syndicats-s-attaquent-aux-principaux-defis-des-industries-chimiques-et-pharmaceutiques\/","name":"Les syndicats s\u2019attaquent aux principaux d\u00e9fis des industries chimiques et pharmaceutiques - industriall-union","isPartOf":{"@id":"https:\/\/admin.industriall-union.org\/#website"},"datePublished":"2023-09-28T15:10:26+00:00","dateModified":"2025-01-27T19:03:43+00:00","description":"Des sujets cl\u00e9s ont \u00e9t\u00e9 abord\u00e9s&nbsp;: la promotion des femmes, de la diversit\u00e9 et de l&rsquo;inclusion, la gestion des m\u00e9canismes de diligence","breadcrumb":{"@id":"https:\/\/admin.industriall-union.org\/fr\/les-syndicats-s-attaquent-aux-principaux-defis-des-industries-chimiques-et-pharmaceutiques\/#breadcrumb"},"inLanguage":"fr-FR","potentialAction":[{"@type":"ReadAction","target":["https:\/\/admin.industriall-union.org\/fr\/les-syndicats-s-attaquent-aux-principaux-defis-des-industries-chimiques-et-pharmaceutiques\/"]}]},{"@type":"BreadcrumbList","@id":"https:\/\/admin.industriall-union.org\/fr\/les-syndicats-s-attaquent-aux-principaux-defis-des-industries-chimiques-et-pharmaceutiques\/#breadcrumb","itemListElement":[{"@type":"ListItem","position":1,"name":"Home","item":"https:\/\/admin.industriall-union.org\/"},{"@type":"ListItem","position":2,"name":"Articles","item":"https:\/\/admin.industriall-union.org\/article\/"},{"@type":"ListItem","position":3,"name":"Les syndicats s\u2019attaquent aux principaux d\u00e9fis des industries chimiques et pharmaceutiques"}]},{"@type":"WebSite","@id":"https:\/\/admin.industriall-union.org\/#website","url":"https:\/\/admin.industriall-union.org\/","name":"industriall-union","description":"","potentialAction":[{"@type":"SearchAction","target":{"@type":"EntryPoint","urlTemplate":"https:\/\/admin.industriall-union.org\/?s={search_term_string}"},"query-input":{"@type":"PropertyValueSpecification","valueRequired":true,"valueName":"search_term_string"}}],"inLanguage":"fr-FR"}]}},"_links":{"self":[{"href":"https:\/\/admin.industriall-union.org\/fr\/wp-json\/wp\/v2\/article\/143015","targetHints":{"allow":["GET"]}}],"collection":[{"href":"https:\/\/admin.industriall-union.org\/fr\/wp-json\/wp\/v2\/article"}],"about":[{"href":"https:\/\/admin.industriall-union.org\/fr\/wp-json\/wp\/v2\/types\/article"}],"wp:attachment":[{"href":"https:\/\/admin.industriall-union.org\/fr\/wp-json\/wp\/v2\/media?parent=143015"}],"wp:term":[{"taxonomy":"issues","embeddable":true,"href":"https:\/\/admin.industriall-union.org\/fr\/wp-json\/wp\/v2\/issues?post=143015"},{"taxonomy":"companies","embeddable":true,"href":"https:\/\/admin.industriall-union.org\/fr\/wp-json\/wp\/v2\/companies?post=143015"},{"taxonomy":"regions","embeddable":true,"href":"https:\/\/admin.industriall-union.org\/fr\/wp-json\/wp\/v2\/regions?post=143015"},{"taxonomy":"sectors","embeddable":true,"href":"https:\/\/admin.industriall-union.org\/fr\/wp-json\/wp\/v2\/sectors?post=143015"},{"taxonomy":"article_tags","embeddable":true,"href":"https:\/\/admin.industriall-union.org\/fr\/wp-json\/wp\/v2\/article_tags?post=143015"}],"curies":[{"name":"wp","href":"https:\/\/api.w.org\/{rel}","templated":true}]}}