{"id":142980,"date":"2023-10-20T08:27:43","date_gmt":"2023-10-20T08:27:43","guid":{"rendered":"https:\/\/admin.industriall-union.org\/vers-une-semaine-de-quatre-jours-pour-l-industrie-siderurgique\/"},"modified":"2025-01-27T18:38:33","modified_gmt":"2025-01-27T18:38:33","slug":"vers-une-semaine-de-quatre-jours-pour-l-industrie-siderurgique","status":"publish","type":"article","link":"https:\/\/admin.industriall-union.org\/fr\/vers-une-semaine-de-quatre-jours-pour-l-industrie-siderurgique\/","title":{"rendered":"Vers une semaine de quatre jours pour l\u2019industrie sid\u00e9rurgique"},"content":{"rendered":"<p>Cette r\u00e9duction du temps de travail serait un premier pas vers la semaine de quatre jours, selon IG Metall. En outre, les conventions collectives sur le travail \u00e0 temps partiel pour les travailleurs \u00e2g\u00e9s, le recours \u00e0 des contrats de travail en bonne et due forme ainsi que la s\u00e9curit\u00e9 de l&rsquo;emploi pour plus de 80.000 travailleurs doivent \u00eatre \u00e9tendues.<\/p><p>Ces revendications sont le r\u00e9sultat de discussions au sein d&rsquo;IG Metall et d&rsquo;une enqu\u00eate men\u00e9e aupr\u00e8s de plus de 11.000 travailleurs et travailleuses.<\/p><p>Selon cette enqu\u00eate, 72 % des travailleurs et travailleuses ont d\u00e9clar\u00e9 qu&rsquo;une augmentation de salaire \u00e9tait particuli\u00e8rement importante compte tenu de la persistance d&rsquo;une inflation \u00e9lev\u00e9e. 75 % des r\u00e9pondants ont d\u00e9clar\u00e9 que la question de la r\u00e9duction du temps de travail avec compensation int\u00e9grale \u00e9tait assez importante et 65 % consid\u00e8rent qu&rsquo;il s&rsquo;agit d&rsquo;un moyen important de garantir l&rsquo;emploi et des postes de travail.<\/p><p>Les principales raisons d&rsquo;une r\u00e9duction du temps de travail \u00e0 32 heures par semaine avec compensation salariale sont les suivantes&nbsp;: la s\u00e9curit\u00e9 d&rsquo;emploi en p\u00e9riode d&rsquo;incertitude sera n\u00e9cessaire, le maintien des niveaux d&rsquo;emploi dans le secteur sid\u00e9rurgique, les gens seront en meilleure sant\u00e9 \u00e0 l&rsquo;\u00e2ge de la retraite, un meilleur \u00e9quilibre entre vie professionnelle et vie priv\u00e9e et c&rsquo;est un moyen de rendre l&rsquo;industrie sid\u00e9rurgique plus attrayante alors qu&rsquo;elle souffre d&rsquo;une p\u00e9nurie de main-d&rsquo;\u0153uvre qualifi\u00e9e.<\/p><p>La semaine de quatre jours pourrait facilement \u00eatre mise en \u0153uvre dans les emplois des cols blancs de l&rsquo;industrie sid\u00e9rurgique, mais pas chez les cols bleus qui travaillent en \u00e9quipe. C&rsquo;est pour cette raison que les sid\u00e9rurgistes pr\u00e9f\u00e8rent demander une r\u00e9duction du temps de travail avec compensation. Mais une r\u00e9duction hebdomadaire du temps de travail peut \u00e9galement \u00eatre mise en \u0153uvre au niveau des horaires de travail en \u00e9quipe de l&rsquo;industrie sid\u00e9rurgique, des mod\u00e8les volontaires d\u00e9j\u00e0 mis en \u0153uvre le prouvent.<\/p><p>Les employeurs ont affirm\u00e9 qu&rsquo;une r\u00e9duction du temps de travail accompagn\u00e9e d&rsquo;une augmentation des salaires entra\u00eenerait une baisse de la comp\u00e9titivit\u00e9, que la r\u00e9duction du temps de travail \u00e9tait trop co\u00fbteuse et que les mod\u00e8les de travail en \u00e9quipe seraient perturb\u00e9s.<\/p><p>Christine Olivier, Secr\u00e9taire g\u00e9n\u00e9rale adjointe d&rsquo;IndustriALL, a d\u00e9clar\u00e9&nbsp;:<\/p><blockquote><p>&ldquo;La r\u00e9duction du temps de travail avec une compensation salariale compl\u00e8te n&rsquo;est pas seulement un objectif en soi. Elle repr\u00e9sente une r\u00e9partition plus \u00e9quitable de la richesse cr\u00e9\u00e9e par les gains de productivit\u00e9 dans l&rsquo;industrie et cr\u00e9\u00e9e par les travailleurs et travailleuses.<\/p><p>Pendant trop longtemps, la part du lion des b\u00e9n\u00e9fices de notre efficacit\u00e9 accrue est all\u00e9e au sommet, mettant \u00e0 l&rsquo;\u00e9cart ceux et celles qui sont au c\u0153ur m\u00eame de cette production.<\/p><p>Il est temps d&rsquo;uniformiser les r\u00e8gles du jeu et de veiller \u00e0 ce que nos membres b\u00e9n\u00e9ficient directement de ces avanc\u00e9es en leur offrant de meilleures conditions de travail et une meilleure qualit\u00e9 de vie.<\/p><p>L&rsquo;avenir de l&rsquo;acier ne se mesure pas seulement en chiffres, mais aussi dans la mani\u00e8re dont nous valorisons et soutenons ceux qui le fa\u00e7onnent chaque jour.&rdquo;<\/p><\/blockquote><p>La Commission des n\u00e9gociations collectives de l&rsquo;industrie sid\u00e9rurgique du nord-ouest de l&rsquo;Allemagne a pris la d\u00e9cision de la revendication le 6 septembre, l&rsquo;industrie sid\u00e9rurgique de l&rsquo;Allemagne de l&rsquo;Est l&rsquo;a suivie le lendemain. La premi\u00e8re n\u00e9gociation aura lieu \u00e0 la mi-novembre.<\/p><p><em>Photo&nbsp;: IG Metall<\/em><\/p>","protected":false},"featured_media":0,"template":"","issues":[],"companies":[],"regions":[219],"sectors":[481],"article_tags":[505],"class_list":["post-142980","article","type-article","status-publish","hentry","regions-germany","sectors-base-metals","article_tags-collective-bargaining"],"acf":[],"yoast_head":"<!-- This site is optimized with the Yoast SEO Premium plugin v27.1 (Yoast SEO v27.1) - https:\/\/yoast.com\/product\/yoast-seo-premium-wordpress\/ -->\n<title>Vers une semaine de quatre jours pour l\u2019industrie sid\u00e9rurgique - industriall-union<\/title>\n<meta name=\"description\" content=\"Cette r\u00e9duction du temps de travail serait un premier pas vers la semaine de quatre jours, selon IG Metall. En outre, les conventions collectives sur le\" \/>\n<meta name=\"robots\" content=\"index, follow, max-snippet:-1, max-image-preview:large, max-video-preview:-1\" \/>\n<link rel=\"canonical\" href=\"https:\/\/admin.industriall-union.org\/fr\/vers-une-semaine-de-quatre-jours-pour-l-industrie-siderurgique\/\" \/>\n<meta property=\"og:locale\" content=\"fr_FR\" \/>\n<meta property=\"og:type\" content=\"article\" \/>\n<meta property=\"og:title\" content=\"Vers une semaine de quatre jours pour l\u2019industrie sid\u00e9rurgique\" \/>\n<meta property=\"og:description\" content=\"Cette r\u00e9duction du temps de travail serait un premier pas vers la semaine de quatre jours, selon IG Metall. En outre, les conventions collectives sur le\" \/>\n<meta property=\"og:url\" content=\"https:\/\/admin.industriall-union.org\/fr\/vers-une-semaine-de-quatre-jours-pour-l-industrie-siderurgique\/\" \/>\n<meta property=\"og:site_name\" content=\"industriall-union\" \/>\n<meta property=\"article:modified_time\" content=\"2025-01-27T18:38:33+00:00\" \/>\n<meta name=\"twitter:card\" content=\"summary_large_image\" \/>\n<meta name=\"twitter:label1\" content=\"Est. reading time\" \/>\n\t<meta name=\"twitter:data1\" content=\"3 minutes\" \/>\n<script type=\"application\/ld+json\" class=\"yoast-schema-graph\">{\"@context\":\"https:\/\/schema.org\",\"@graph\":[{\"@type\":\"WebPage\",\"@id\":\"https:\/\/admin.industriall-union.org\/fr\/vers-une-semaine-de-quatre-jours-pour-l-industrie-siderurgique\/\",\"url\":\"https:\/\/admin.industriall-union.org\/fr\/vers-une-semaine-de-quatre-jours-pour-l-industrie-siderurgique\/\",\"name\":\"Vers une semaine de quatre jours pour l\u2019industrie sid\u00e9rurgique - industriall-union\",\"isPartOf\":{\"@id\":\"https:\/\/admin.industriall-union.org\/#website\"},\"datePublished\":\"2023-10-20T08:27:43+00:00\",\"dateModified\":\"2025-01-27T18:38:33+00:00\",\"description\":\"Cette r\u00e9duction du temps de travail serait un premier pas vers la semaine de quatre jours, selon IG Metall. En outre, les conventions collectives sur le\",\"breadcrumb\":{\"@id\":\"https:\/\/admin.industriall-union.org\/fr\/vers-une-semaine-de-quatre-jours-pour-l-industrie-siderurgique\/#breadcrumb\"},\"inLanguage\":\"fr-FR\",\"potentialAction\":[{\"@type\":\"ReadAction\",\"target\":[\"https:\/\/admin.industriall-union.org\/fr\/vers-une-semaine-de-quatre-jours-pour-l-industrie-siderurgique\/\"]}]},{\"@type\":\"BreadcrumbList\",\"@id\":\"https:\/\/admin.industriall-union.org\/fr\/vers-une-semaine-de-quatre-jours-pour-l-industrie-siderurgique\/#breadcrumb\",\"itemListElement\":[{\"@type\":\"ListItem\",\"position\":1,\"name\":\"Home\",\"item\":\"https:\/\/admin.industriall-union.org\/\"},{\"@type\":\"ListItem\",\"position\":2,\"name\":\"Articles\",\"item\":\"https:\/\/admin.industriall-union.org\/article\/\"},{\"@type\":\"ListItem\",\"position\":3,\"name\":\"Vers une semaine de quatre jours pour l\u2019industrie sid\u00e9rurgique\"}]},{\"@type\":\"WebSite\",\"@id\":\"https:\/\/admin.industriall-union.org\/#website\",\"url\":\"https:\/\/admin.industriall-union.org\/\",\"name\":\"industriall-union\",\"description\":\"\",\"potentialAction\":[{\"@type\":\"SearchAction\",\"target\":{\"@type\":\"EntryPoint\",\"urlTemplate\":\"https:\/\/admin.industriall-union.org\/?s={search_term_string}\"},\"query-input\":{\"@type\":\"PropertyValueSpecification\",\"valueRequired\":true,\"valueName\":\"search_term_string\"}}],\"inLanguage\":\"fr-FR\"}]}<\/script>\n<!-- \/ Yoast SEO Premium plugin. -->","yoast_head_json":{"title":"Vers une semaine de quatre jours pour l\u2019industrie sid\u00e9rurgique - industriall-union","description":"Cette r\u00e9duction du temps de travail serait un premier pas vers la semaine de quatre jours, selon IG Metall. En outre, les conventions collectives sur le","robots":{"index":"index","follow":"follow","max-snippet":"max-snippet:-1","max-image-preview":"max-image-preview:large","max-video-preview":"max-video-preview:-1"},"canonical":"https:\/\/admin.industriall-union.org\/fr\/vers-une-semaine-de-quatre-jours-pour-l-industrie-siderurgique\/","og_locale":"fr_FR","og_type":"article","og_title":"Vers une semaine de quatre jours pour l\u2019industrie sid\u00e9rurgique","og_description":"Cette r\u00e9duction du temps de travail serait un premier pas vers la semaine de quatre jours, selon IG Metall. En outre, les conventions collectives sur le","og_url":"https:\/\/admin.industriall-union.org\/fr\/vers-une-semaine-de-quatre-jours-pour-l-industrie-siderurgique\/","og_site_name":"industriall-union","article_modified_time":"2025-01-27T18:38:33+00:00","twitter_card":"summary_large_image","twitter_misc":{"Est. reading time":"3 minutes"},"schema":{"@context":"https:\/\/schema.org","@graph":[{"@type":"WebPage","@id":"https:\/\/admin.industriall-union.org\/fr\/vers-une-semaine-de-quatre-jours-pour-l-industrie-siderurgique\/","url":"https:\/\/admin.industriall-union.org\/fr\/vers-une-semaine-de-quatre-jours-pour-l-industrie-siderurgique\/","name":"Vers une semaine de quatre jours pour l\u2019industrie sid\u00e9rurgique - industriall-union","isPartOf":{"@id":"https:\/\/admin.industriall-union.org\/#website"},"datePublished":"2023-10-20T08:27:43+00:00","dateModified":"2025-01-27T18:38:33+00:00","description":"Cette r\u00e9duction du temps de travail serait un premier pas vers la semaine de quatre jours, selon IG Metall. En outre, les conventions collectives sur le","breadcrumb":{"@id":"https:\/\/admin.industriall-union.org\/fr\/vers-une-semaine-de-quatre-jours-pour-l-industrie-siderurgique\/#breadcrumb"},"inLanguage":"fr-FR","potentialAction":[{"@type":"ReadAction","target":["https:\/\/admin.industriall-union.org\/fr\/vers-une-semaine-de-quatre-jours-pour-l-industrie-siderurgique\/"]}]},{"@type":"BreadcrumbList","@id":"https:\/\/admin.industriall-union.org\/fr\/vers-une-semaine-de-quatre-jours-pour-l-industrie-siderurgique\/#breadcrumb","itemListElement":[{"@type":"ListItem","position":1,"name":"Home","item":"https:\/\/admin.industriall-union.org\/"},{"@type":"ListItem","position":2,"name":"Articles","item":"https:\/\/admin.industriall-union.org\/article\/"},{"@type":"ListItem","position":3,"name":"Vers une semaine de quatre jours pour l\u2019industrie sid\u00e9rurgique"}]},{"@type":"WebSite","@id":"https:\/\/admin.industriall-union.org\/#website","url":"https:\/\/admin.industriall-union.org\/","name":"industriall-union","description":"","potentialAction":[{"@type":"SearchAction","target":{"@type":"EntryPoint","urlTemplate":"https:\/\/admin.industriall-union.org\/?s={search_term_string}"},"query-input":{"@type":"PropertyValueSpecification","valueRequired":true,"valueName":"search_term_string"}}],"inLanguage":"fr-FR"}]}},"_links":{"self":[{"href":"https:\/\/admin.industriall-union.org\/fr\/wp-json\/wp\/v2\/article\/142980","targetHints":{"allow":["GET"]}}],"collection":[{"href":"https:\/\/admin.industriall-union.org\/fr\/wp-json\/wp\/v2\/article"}],"about":[{"href":"https:\/\/admin.industriall-union.org\/fr\/wp-json\/wp\/v2\/types\/article"}],"wp:attachment":[{"href":"https:\/\/admin.industriall-union.org\/fr\/wp-json\/wp\/v2\/media?parent=142980"}],"wp:term":[{"taxonomy":"issues","embeddable":true,"href":"https:\/\/admin.industriall-union.org\/fr\/wp-json\/wp\/v2\/issues?post=142980"},{"taxonomy":"companies","embeddable":true,"href":"https:\/\/admin.industriall-union.org\/fr\/wp-json\/wp\/v2\/companies?post=142980"},{"taxonomy":"regions","embeddable":true,"href":"https:\/\/admin.industriall-union.org\/fr\/wp-json\/wp\/v2\/regions?post=142980"},{"taxonomy":"sectors","embeddable":true,"href":"https:\/\/admin.industriall-union.org\/fr\/wp-json\/wp\/v2\/sectors?post=142980"},{"taxonomy":"article_tags","embeddable":true,"href":"https:\/\/admin.industriall-union.org\/fr\/wp-json\/wp\/v2\/article_tags?post=142980"}],"curies":[{"name":"wp","href":"https:\/\/api.w.org\/{rel}","templated":true}]}}