{"id":142916,"date":"2023-12-12T07:10:48","date_gmt":"2023-12-12T07:10:48","guid":{"rendered":"https:\/\/admin.industriall-union.org\/les-philippines-ratifient-la-convention-190-de-l-oit\/"},"modified":"2025-01-27T17:49:09","modified_gmt":"2025-01-27T17:49:09","slug":"les-philippines-ratifient-la-convention-190-de-l-oit","status":"publish","type":"article","link":"https:\/\/admin.industriall-union.org\/fr\/les-philippines-ratifient-la-convention-190-de-l-oit\/","title":{"rendered":"Les Philippines ratifient la Convention 190 de l\u2019OIT"},"content":{"rendered":"<p>La campagne des femmes syndicalistes d&rsquo;IndustriALL aux Philippines s&rsquo;est inspir\u00e9e de l&rsquo;engagement mondial d&rsquo;IndustriALL de 2017 contre la violence et le harc\u00e8lement sur les lieux de travail et dans les syndicats. Cette campagne couronn\u00e9e de succ\u00e8s s&rsquo;accompagne de l&rsquo;extension du cong\u00e9 de maternit\u00e9 de 65 \u00e0 105 jours avec garantie du versement int\u00e9gral des salaires.<\/p><p>Apr\u00e8s l&rsquo;adoption de la Convention 190 et de la R\u00e9solution 206 de l&rsquo;OIT lors de la Conf\u00e9rence internationale du travail de 2019, les affili\u00e9s philippins d&rsquo;IndustriALL ont bas\u00e9 leur campagne de ratification sur tout ce qui a pu \u00eatre rapport\u00e9 quant \u00e0 l&rsquo;incidence, aux formes et \u00e0 la gravit\u00e9 de la violence et du harc\u00e8lement, ainsi qu&rsquo;aux lacunes des lois philippines sp\u00e9cifiques aux femmes et des lois connexes ou encore au niveau des priorit\u00e9s du gouvernement.<\/p><p>En 2022, la police nationale philippine a signal\u00e9 16.158 cas de violence \u00e0 l&rsquo;\u00e9gard des femmes, contre 12.492 en 2021 et 15.828 en 2020.<\/p><p>Des actions de lobbying de grande envergure, telles que l&rsquo;envoi de courriers et la tenue de r\u00e9unions avec des responsables gouvernementaux, des s\u00e9nateurs et des d\u00e9put\u00e9s, ont \u00e9t\u00e9 men\u00e9es. Un document de synth\u00e8se sur la C190 et du mat\u00e9riel p\u00e9dagogique au niveau national ont \u00e9t\u00e9 \u00e9labor\u00e9s. La campagne en faveur de la C190 a \u00e9t\u00e9 int\u00e9gr\u00e9e \u00e0 la c\u00e9l\u00e9bration de la F\u00eate du Travail, \u00e0 la Journ\u00e9e mondiale pour un monde d\u00e9cent et \u00e0 la Journ\u00e9e internationale de la jeunesse.<\/p><blockquote><p>&ldquo;Le pr\u00e9sident Marcos et les s\u00e9nateurs peuvent \u00eatre f\u00e9licit\u00e9s pour la priorit\u00e9 qu&rsquo;ils accordent \u00e0 la dignit\u00e9 humaine et aux vies menac\u00e9es, pour leur engagement \u00e0 am\u00e9liorer les lois, r\u00e9glementations et programmes existants en vue de mettre un terme \u00e0 la violence et au harc\u00e8lement ainsi que pour leur volont\u00e9 de rendre compte de l&rsquo;application de cette nouvelle norme mondiale,&rdquo;<\/p><\/blockquote><p>a d\u00e9clar\u00e9 Eva Arcos, membre du Comit\u00e9 ex\u00e9cutif d&rsquo;IndustriALL et de son ex\u00e9cutif r\u00e9gional pour l&rsquo;Asie-Pacifique ainsi que Vice-pr\u00e9sidente nationale des Syndicats ouvriers r\u00e9unis (ALU).<\/p><p>Arcos esp\u00e8re que la ratification de la C190 par les Philippines renforcera la position internationale du pays en mati\u00e8re de protection des travailleurs et travailleuses et estime que cette d\u00e9cision offrira un emploi d\u00e9cent et humain aux travailleurs et travailleuses, en particulier \u00e0 ceux et celles qui sont vuln\u00e9rables aux abus, \u00e0 la n\u00e9gligence, \u00e0 la cruaut\u00e9, \u00e0 l&rsquo;exploitation et \u00e0 la discrimination.<\/p><blockquote><p>&ldquo;Les Philippines seront ainsi le premier pays d&rsquo;Asie \u00e0 ratifier la convention qui prot\u00e9gera nos travailleurs, hommes et femmes, contre la violence et le harc\u00e8lement dans le monde du travail,&rdquo;<\/p><\/blockquote><p>a d\u00e9clar\u00e9 Alma Certeza, Copr\u00e9sidente de CLASS et d&rsquo;IndustriALL Philippines.<\/p><blockquote><p>&ldquo;Le r\u00f4le des affili\u00e9s d&rsquo;IndustriALL et des femmes syndicalistes a \u00e9t\u00e9 d\u00e9terminant dans l&rsquo;obtention de la ratification de la C190 aux Philippines. Il s&rsquo;agit d&rsquo;une victoire pour tous et notamment pour les travailleuses affect\u00e9es de mani\u00e8re disproportionn\u00e9e par la violence li\u00e9e au sexe.<\/p><p>Cette convention, qui conf\u00e8re un r\u00f4le central \u00e0 la n\u00e9gociation collective dans la lutte contre la violence et le harc\u00e8lement sur le lieu de travail, donne aux syndicats philippins des moyens d&rsquo;action suppl\u00e9mentaires pour garantir le respect du droit des travailleurs et travailleuses \u00e0 un environnement exempt de toute forme de violence et de harc\u00e8lement,&rdquo;<\/p><\/blockquote><p>a pour sa par indiqu\u00e9 Armelle Seby, Directrice pour l&rsquo;\u00e9galit\u00e9 des genres aupr\u00e8s d&rsquo;IndustriALL.<\/p>","protected":false},"featured_media":0,"template":"","issues":[422,398,397,425],"companies":[],"regions":[184],"sectors":[],"article_tags":[],"class_list":["post-142916","article","type-article","status-publish","hentry","issues-human-trade-union-rights","issues-union-win","issues-women","issues-workers-rights","regions-philippines"],"acf":[],"yoast_head":"<!-- This site is optimized with the Yoast SEO Premium plugin v27.1 (Yoast SEO v27.1) - https:\/\/yoast.com\/product\/yoast-seo-premium-wordpress\/ -->\n<title>Les Philippines ratifient la Convention 190 de l\u2019OIT - industriall-union<\/title>\n<meta name=\"description\" content=\"La campagne des femmes syndicalistes d&rsquo;IndustriALL aux Philippines s&rsquo;est inspir\u00e9e de l&rsquo;engagement mondial d&rsquo;IndustriALL de 2017\" \/>\n<meta name=\"robots\" content=\"index, follow, max-snippet:-1, max-image-preview:large, max-video-preview:-1\" \/>\n<link rel=\"canonical\" href=\"https:\/\/admin.industriall-union.org\/fr\/les-philippines-ratifient-la-convention-190-de-l-oit\/\" \/>\n<meta property=\"og:locale\" content=\"fr_FR\" \/>\n<meta property=\"og:type\" content=\"article\" \/>\n<meta property=\"og:title\" content=\"Les Philippines ratifient la Convention 190 de l\u2019OIT\" \/>\n<meta property=\"og:description\" content=\"La campagne des femmes syndicalistes d&rsquo;IndustriALL aux Philippines s&rsquo;est inspir\u00e9e de l&rsquo;engagement mondial d&rsquo;IndustriALL de 2017\" \/>\n<meta property=\"og:url\" content=\"https:\/\/admin.industriall-union.org\/fr\/les-philippines-ratifient-la-convention-190-de-l-oit\/\" \/>\n<meta property=\"og:site_name\" content=\"industriall-union\" \/>\n<meta property=\"article:modified_time\" content=\"2025-01-27T17:49:09+00:00\" \/>\n<meta name=\"twitter:card\" content=\"summary_large_image\" \/>\n<meta name=\"twitter:label1\" content=\"Est. reading time\" \/>\n\t<meta name=\"twitter:data1\" content=\"3 minutes\" \/>\n<script type=\"application\/ld+json\" class=\"yoast-schema-graph\">{\"@context\":\"https:\/\/schema.org\",\"@graph\":[{\"@type\":\"WebPage\",\"@id\":\"https:\/\/admin.industriall-union.org\/fr\/les-philippines-ratifient-la-convention-190-de-l-oit\/\",\"url\":\"https:\/\/admin.industriall-union.org\/fr\/les-philippines-ratifient-la-convention-190-de-l-oit\/\",\"name\":\"Les Philippines ratifient la Convention 190 de l\u2019OIT - industriall-union\",\"isPartOf\":{\"@id\":\"https:\/\/admin.industriall-union.org\/#website\"},\"datePublished\":\"2023-12-12T07:10:48+00:00\",\"dateModified\":\"2025-01-27T17:49:09+00:00\",\"description\":\"La campagne des femmes syndicalistes d&rsquo;IndustriALL aux Philippines s&rsquo;est inspir\u00e9e de l&rsquo;engagement mondial d&rsquo;IndustriALL de 2017\",\"breadcrumb\":{\"@id\":\"https:\/\/admin.industriall-union.org\/fr\/les-philippines-ratifient-la-convention-190-de-l-oit\/#breadcrumb\"},\"inLanguage\":\"fr-FR\",\"potentialAction\":[{\"@type\":\"ReadAction\",\"target\":[\"https:\/\/admin.industriall-union.org\/fr\/les-philippines-ratifient-la-convention-190-de-l-oit\/\"]}]},{\"@type\":\"BreadcrumbList\",\"@id\":\"https:\/\/admin.industriall-union.org\/fr\/les-philippines-ratifient-la-convention-190-de-l-oit\/#breadcrumb\",\"itemListElement\":[{\"@type\":\"ListItem\",\"position\":1,\"name\":\"Home\",\"item\":\"https:\/\/admin.industriall-union.org\/\"},{\"@type\":\"ListItem\",\"position\":2,\"name\":\"Articles\",\"item\":\"https:\/\/admin.industriall-union.org\/article\/\"},{\"@type\":\"ListItem\",\"position\":3,\"name\":\"Les Philippines ratifient la Convention 190 de l\u2019OIT\"}]},{\"@type\":\"WebSite\",\"@id\":\"https:\/\/admin.industriall-union.org\/#website\",\"url\":\"https:\/\/admin.industriall-union.org\/\",\"name\":\"industriall-union\",\"description\":\"\",\"potentialAction\":[{\"@type\":\"SearchAction\",\"target\":{\"@type\":\"EntryPoint\",\"urlTemplate\":\"https:\/\/admin.industriall-union.org\/?s={search_term_string}\"},\"query-input\":{\"@type\":\"PropertyValueSpecification\",\"valueRequired\":true,\"valueName\":\"search_term_string\"}}],\"inLanguage\":\"fr-FR\"}]}<\/script>\n<!-- \/ Yoast SEO Premium plugin. -->","yoast_head_json":{"title":"Les Philippines ratifient la Convention 190 de l\u2019OIT - industriall-union","description":"La campagne des femmes syndicalistes d&rsquo;IndustriALL aux Philippines s&rsquo;est inspir\u00e9e de l&rsquo;engagement mondial d&rsquo;IndustriALL de 2017","robots":{"index":"index","follow":"follow","max-snippet":"max-snippet:-1","max-image-preview":"max-image-preview:large","max-video-preview":"max-video-preview:-1"},"canonical":"https:\/\/admin.industriall-union.org\/fr\/les-philippines-ratifient-la-convention-190-de-l-oit\/","og_locale":"fr_FR","og_type":"article","og_title":"Les Philippines ratifient la Convention 190 de l\u2019OIT","og_description":"La campagne des femmes syndicalistes d&rsquo;IndustriALL aux Philippines s&rsquo;est inspir\u00e9e de l&rsquo;engagement mondial d&rsquo;IndustriALL de 2017","og_url":"https:\/\/admin.industriall-union.org\/fr\/les-philippines-ratifient-la-convention-190-de-l-oit\/","og_site_name":"industriall-union","article_modified_time":"2025-01-27T17:49:09+00:00","twitter_card":"summary_large_image","twitter_misc":{"Est. reading time":"3 minutes"},"schema":{"@context":"https:\/\/schema.org","@graph":[{"@type":"WebPage","@id":"https:\/\/admin.industriall-union.org\/fr\/les-philippines-ratifient-la-convention-190-de-l-oit\/","url":"https:\/\/admin.industriall-union.org\/fr\/les-philippines-ratifient-la-convention-190-de-l-oit\/","name":"Les Philippines ratifient la Convention 190 de l\u2019OIT - industriall-union","isPartOf":{"@id":"https:\/\/admin.industriall-union.org\/#website"},"datePublished":"2023-12-12T07:10:48+00:00","dateModified":"2025-01-27T17:49:09+00:00","description":"La campagne des femmes syndicalistes d&rsquo;IndustriALL aux Philippines s&rsquo;est inspir\u00e9e de l&rsquo;engagement mondial d&rsquo;IndustriALL de 2017","breadcrumb":{"@id":"https:\/\/admin.industriall-union.org\/fr\/les-philippines-ratifient-la-convention-190-de-l-oit\/#breadcrumb"},"inLanguage":"fr-FR","potentialAction":[{"@type":"ReadAction","target":["https:\/\/admin.industriall-union.org\/fr\/les-philippines-ratifient-la-convention-190-de-l-oit\/"]}]},{"@type":"BreadcrumbList","@id":"https:\/\/admin.industriall-union.org\/fr\/les-philippines-ratifient-la-convention-190-de-l-oit\/#breadcrumb","itemListElement":[{"@type":"ListItem","position":1,"name":"Home","item":"https:\/\/admin.industriall-union.org\/"},{"@type":"ListItem","position":2,"name":"Articles","item":"https:\/\/admin.industriall-union.org\/article\/"},{"@type":"ListItem","position":3,"name":"Les Philippines ratifient la Convention 190 de l\u2019OIT"}]},{"@type":"WebSite","@id":"https:\/\/admin.industriall-union.org\/#website","url":"https:\/\/admin.industriall-union.org\/","name":"industriall-union","description":"","potentialAction":[{"@type":"SearchAction","target":{"@type":"EntryPoint","urlTemplate":"https:\/\/admin.industriall-union.org\/?s={search_term_string}"},"query-input":{"@type":"PropertyValueSpecification","valueRequired":true,"valueName":"search_term_string"}}],"inLanguage":"fr-FR"}]}},"_links":{"self":[{"href":"https:\/\/admin.industriall-union.org\/fr\/wp-json\/wp\/v2\/article\/142916","targetHints":{"allow":["GET"]}}],"collection":[{"href":"https:\/\/admin.industriall-union.org\/fr\/wp-json\/wp\/v2\/article"}],"about":[{"href":"https:\/\/admin.industriall-union.org\/fr\/wp-json\/wp\/v2\/types\/article"}],"wp:attachment":[{"href":"https:\/\/admin.industriall-union.org\/fr\/wp-json\/wp\/v2\/media?parent=142916"}],"wp:term":[{"taxonomy":"issues","embeddable":true,"href":"https:\/\/admin.industriall-union.org\/fr\/wp-json\/wp\/v2\/issues?post=142916"},{"taxonomy":"companies","embeddable":true,"href":"https:\/\/admin.industriall-union.org\/fr\/wp-json\/wp\/v2\/companies?post=142916"},{"taxonomy":"regions","embeddable":true,"href":"https:\/\/admin.industriall-union.org\/fr\/wp-json\/wp\/v2\/regions?post=142916"},{"taxonomy":"sectors","embeddable":true,"href":"https:\/\/admin.industriall-union.org\/fr\/wp-json\/wp\/v2\/sectors?post=142916"},{"taxonomy":"article_tags","embeddable":true,"href":"https:\/\/admin.industriall-union.org\/fr\/wp-json\/wp\/v2\/article_tags?post=142916"}],"curies":[{"name":"wp","href":"https:\/\/api.w.org\/{rel}","templated":true}]}}