{"id":142911,"date":"2023-12-19T10:23:57","date_gmt":"2023-12-19T10:23:57","guid":{"rendered":"https:\/\/admin.industriall-union.org\/s-unir-pour-les-droits-des-travailleurs-le-partenariat-entre-etats-unis-et-bresil\/"},"modified":"2025-01-27T17:45:14","modified_gmt":"2025-01-27T17:45:14","slug":"s-unir-pour-les-droits-des-travailleurs-le-partenariat-entre-etats-unis-et-bresil","status":"publish","type":"article","link":"https:\/\/admin.industriall-union.org\/fr\/s-unir-pour-les-droits-des-travailleurs-le-partenariat-entre-etats-unis-et-bresil\/","title":{"rendered":"S\u2019unir pour les droits des travailleurs : le partenariat entre \u00c9tats-Unis et Br\u00e9sil"},"content":{"rendered":"<p>Valter Sanches, ancien Secr\u00e9taire g\u00e9n\u00e9ral d&rsquo;IndustriALL et aujourd&rsquo;hui Conseiller au Minist\u00e8re br\u00e9silien de l&rsquo;emploi et du travail, s&rsquo;est exprim\u00e9 sur les origines de l&rsquo;initiative&nbsp;:<\/p><blockquote><p>&ldquo;Le partenariat, propos\u00e9 lors de la r\u00e9union du G7 au Japon, refl\u00e8te un engagement mutuel sur les questions de travail au niveau mondial, renforc\u00e9 par un protocole d&rsquo;accord sign\u00e9 en juillet&rdquo;.<\/p><\/blockquote><p>Le PWR s&rsquo;engage \u00e0 cr\u00e9er des opportunit\u00e9s d&rsquo;emploi significatives dans le secteur de l&rsquo;\u00e9nergie propre tout en prot\u00e9geant les droits des travailleurs et travailleuses. Mark Mittelhauser, Sous-secr\u00e9taire adjoint aux affaires internationales du Minist\u00e8re am\u00e9ricain du travail, souligne les multiples facettes de l&rsquo;approche du PWR.<\/p><blockquote><p>&ldquo;Il s&rsquo;agit d&rsquo;int\u00e9grer les lignes directrices de l&rsquo;OIT sur la transition juste, d&rsquo;encourager la coop\u00e9ration internationale et de promouvoir des cha\u00eenes d&rsquo;approvisionnement responsables en \u00e9nergie propre,&rdquo;<\/p><\/blockquote><p>explique Mittelhauser.<\/p><p>L&rsquo;autonomisation des travailleurs et travailleuses est au c\u0153ur de la mission du PWR. Mittelhauser souligne l&rsquo;importance du Partenariat pour permettre aux travailleurs et travailleuses de faire valoir leurs droits de mani\u00e8re efficace, en particulier le droit de se syndiquer et de n\u00e9gocier collectivement.<\/p><blockquote><p>&ldquo;L&rsquo;autonomisation, en particulier des travailleurs et travailleuses qui sont vuln\u00e9rables ou sous-repr\u00e9sent\u00e9s, est essentielle pour combler les \u00e9carts de r\u00e9mun\u00e9ration, lutter contre la discrimination et faire progresser l&rsquo;\u00e9quit\u00e9,&rdquo;<\/p><\/blockquote><p>poursuit-il.<\/p><p>Le PWR reconna\u00eet que la promotion des droits des travailleurs va au-del\u00e0 de la l\u00e9gislation nationale. L&rsquo;initiative tire parti de divers outils et ressources, tels que l&rsquo;interdiction par les \u00c9tats-Unis des produits fabriqu\u00e9s par du travail forc\u00e9 et des normes de travail strictes dans les accords commerciaux, afin d&rsquo;encourager le travail d\u00e9cent dans les cha\u00eenes d&rsquo;approvisionnement.<\/p><blockquote><p>&ldquo;Notre objectif est de travailler en collaboration avec le Br\u00e9sil et d&rsquo;autres partenaires pour soutenir un large \u00e9ventail d&rsquo;activit\u00e9s dans les principales cha\u00eenes d&rsquo;approvisionnement,&rdquo;<\/p><\/blockquote><p>a indiqu\u00e9 Mittelhauser.<\/p><p>Pour le Br\u00e9sil, Valter Sanches a expliqu\u00e9 que le succ\u00e8s de ce partenariat d\u00e9pend de l&rsquo;engagement actif des travailleurs et travailleuses ainsi que de leurs syndicats. Au Br\u00e9sil, des m\u00e9canismes tels que le &ldquo;Concilio\u016b&rdquo; et le Conseil national du travail revitalis\u00e9 garantissent que leur voix est entendue. Nonobstant quelques difficult\u00e9s, le dialogue permanent entre les diff\u00e9rents minist\u00e8res et les syndicats est essentiel \u00e0 la mise en \u0153uvre efficace de cette initiative.<\/p><p>Ce partenariat marque \u00e9galement une \u00e9tape importante pour les \u00c9tats-Unis dans leur programme mondial en mati\u00e8re de droits du travail.<\/p><blockquote><p>&ldquo;L&rsquo;engagement du Pr\u00e9sident Biden \u00e0 \u00eatre un pr\u00e9sident favorable aux travailleurs et le r\u00e9cent m\u00e9morandum pr\u00e9sidentiel sur les droits du travail au niveau mondial soulignent nos efforts dans le cadre de ce partenariat,&rdquo;<\/p><\/blockquote><p>a d\u00e9clar\u00e9 Mittelhauser.<\/p><p>Ce partenariat entre \u00c9tats-Unis et Br\u00e9sil en faveur des droits des travailleurs est plus qu&rsquo;un accord, c&rsquo;est un t\u00e9moignage du pouvoir de la coop\u00e9ration internationale pour relever les d\u00e9fis mondiaux. Gr\u00e2ce \u00e0 son approche globale de la promotion du travail d\u00e9cent et de la protection des droits des travailleurs, le PWR \u00e9tablit une nouvelle norme pour les initiatives mondiales en mati\u00e8re de travail.<\/p><blockquote><p>&ldquo;Ce partenariat ne concerne pas seulement les politiques, mais aussi les personnes&nbsp;: il s&rsquo;agit de faire en sorte que chaque travailleur et chaque travailleuse ait voix au chapitre et ait la possibilit\u00e9 de s&rsquo;\u00e9panouir dans un monde en mutation rapide,&rdquo;<\/p><\/blockquote><p>a d\u00e9clar\u00e9 Mittelhauser.<\/p><p>Le PWR est pr\u00eat \u00e0 accueillir d&rsquo;autres pays dispos\u00e9s \u00e0 se joindre \u00e0 cette cause.<\/p><blockquote><p>&ldquo;\u00c0 l&rsquo;avenir, le PWR aspire \u00e0 soulever d&rsquo;importantes questions relatives au travail sur la sc\u00e8ne mondiale. La prochaine pr\u00e9sidence br\u00e9silienne du G20 et la participation potentielle de pays comme le Canada, l&rsquo;Argentine, le Mexique et l&rsquo;Afrique du Sud soulignent les implications consid\u00e9rables de l&rsquo;initiative,&rdquo;<\/p><\/blockquote><p>a indiqu\u00e9 Valter Sanches.<\/p><blockquote><p>&ldquo;Ce partenariat est encourageant et \u00e9tablit une nouvelle norme mondiale pour la protection des travailleurs et travailleuses. L&rsquo;accent mis par cette initiative sur l&rsquo;\u00e9nergie propre et la transition juste est prometteur. Tout en nous f\u00e9licitant de cet effort de collaboration, nous restons d\u00e9termin\u00e9s \u00e0 faire en sorte que la voix des travailleurs et travailleuses soit au premier plan, afin de susciter des changements significatifs dans le paysage du travail \u00e0 l&rsquo;\u00e9chelle mondiale,&rdquo;<\/p><\/blockquote><p>a d\u00e9clar\u00e9 Atle H\u00f8ie, Secr\u00e9taire g\u00e9n\u00e9ral d&rsquo;IndustriALL.<\/p>","protected":false},"featured_media":0,"template":"","issues":[393,425],"companies":[],"regions":[261,310],"sectors":[],"article_tags":[],"class_list":["post-142911","article","type-article","status-publish","hentry","issues-climate-change-just-transition","issues-workers-rights","regions-brazil","regions-usa"],"acf":[],"yoast_head":"<!-- This site is optimized with the Yoast SEO Premium plugin v27.1 (Yoast SEO v27.1) - https:\/\/yoast.com\/product\/yoast-seo-premium-wordpress\/ -->\n<title>S\u2019unir pour les droits des travailleurs : le partenariat entre \u00c9tats-Unis et Br\u00e9sil - industriall-union<\/title>\n<meta name=\"description\" content=\"Valter Sanches, ancien Secr\u00e9taire g\u00e9n\u00e9ral d&rsquo;IndustriALL et aujourd&rsquo;hui Conseiller au Minist\u00e8re br\u00e9silien de l&rsquo;emploi et du travail,\" \/>\n<meta name=\"robots\" content=\"index, follow, max-snippet:-1, max-image-preview:large, max-video-preview:-1\" \/>\n<link rel=\"canonical\" href=\"https:\/\/admin.industriall-union.org\/fr\/s-unir-pour-les-droits-des-travailleurs-le-partenariat-entre-etats-unis-et-bresil\/\" \/>\n<meta property=\"og:locale\" content=\"fr_FR\" \/>\n<meta property=\"og:type\" content=\"article\" \/>\n<meta property=\"og:title\" content=\"S\u2019unir pour les droits des travailleurs : le partenariat entre \u00c9tats-Unis et Br\u00e9sil\" \/>\n<meta property=\"og:description\" content=\"Valter Sanches, ancien Secr\u00e9taire g\u00e9n\u00e9ral d&rsquo;IndustriALL et aujourd&rsquo;hui Conseiller au Minist\u00e8re br\u00e9silien de l&rsquo;emploi et du travail,\" \/>\n<meta property=\"og:url\" content=\"https:\/\/admin.industriall-union.org\/fr\/s-unir-pour-les-droits-des-travailleurs-le-partenariat-entre-etats-unis-et-bresil\/\" \/>\n<meta property=\"og:site_name\" content=\"industriall-union\" \/>\n<meta property=\"article:modified_time\" content=\"2025-01-27T17:45:14+00:00\" \/>\n<meta name=\"twitter:card\" content=\"summary_large_image\" \/>\n<meta name=\"twitter:label1\" content=\"Est. reading time\" \/>\n\t<meta name=\"twitter:data1\" content=\"4 minutes\" \/>\n<script type=\"application\/ld+json\" class=\"yoast-schema-graph\">{\"@context\":\"https:\/\/schema.org\",\"@graph\":[{\"@type\":\"WebPage\",\"@id\":\"https:\/\/admin.industriall-union.org\/fr\/s-unir-pour-les-droits-des-travailleurs-le-partenariat-entre-etats-unis-et-bresil\/\",\"url\":\"https:\/\/admin.industriall-union.org\/fr\/s-unir-pour-les-droits-des-travailleurs-le-partenariat-entre-etats-unis-et-bresil\/\",\"name\":\"S\u2019unir pour les droits des travailleurs : le partenariat entre \u00c9tats-Unis et Br\u00e9sil - industriall-union\",\"isPartOf\":{\"@id\":\"https:\/\/admin.industriall-union.org\/#website\"},\"datePublished\":\"2023-12-19T10:23:57+00:00\",\"dateModified\":\"2025-01-27T17:45:14+00:00\",\"description\":\"Valter Sanches, ancien Secr\u00e9taire g\u00e9n\u00e9ral d&rsquo;IndustriALL et aujourd&rsquo;hui Conseiller au Minist\u00e8re br\u00e9silien de l&rsquo;emploi et du travail,\",\"breadcrumb\":{\"@id\":\"https:\/\/admin.industriall-union.org\/fr\/s-unir-pour-les-droits-des-travailleurs-le-partenariat-entre-etats-unis-et-bresil\/#breadcrumb\"},\"inLanguage\":\"fr-FR\",\"potentialAction\":[{\"@type\":\"ReadAction\",\"target\":[\"https:\/\/admin.industriall-union.org\/fr\/s-unir-pour-les-droits-des-travailleurs-le-partenariat-entre-etats-unis-et-bresil\/\"]}]},{\"@type\":\"BreadcrumbList\",\"@id\":\"https:\/\/admin.industriall-union.org\/fr\/s-unir-pour-les-droits-des-travailleurs-le-partenariat-entre-etats-unis-et-bresil\/#breadcrumb\",\"itemListElement\":[{\"@type\":\"ListItem\",\"position\":1,\"name\":\"Home\",\"item\":\"https:\/\/admin.industriall-union.org\/\"},{\"@type\":\"ListItem\",\"position\":2,\"name\":\"Articles\",\"item\":\"https:\/\/admin.industriall-union.org\/article\/\"},{\"@type\":\"ListItem\",\"position\":3,\"name\":\"S\u2019unir pour les droits des travailleurs : le partenariat entre \u00c9tats-Unis et Br\u00e9sil\"}]},{\"@type\":\"WebSite\",\"@id\":\"https:\/\/admin.industriall-union.org\/#website\",\"url\":\"https:\/\/admin.industriall-union.org\/\",\"name\":\"industriall-union\",\"description\":\"\",\"potentialAction\":[{\"@type\":\"SearchAction\",\"target\":{\"@type\":\"EntryPoint\",\"urlTemplate\":\"https:\/\/admin.industriall-union.org\/?s={search_term_string}\"},\"query-input\":{\"@type\":\"PropertyValueSpecification\",\"valueRequired\":true,\"valueName\":\"search_term_string\"}}],\"inLanguage\":\"fr-FR\"}]}<\/script>\n<!-- \/ Yoast SEO Premium plugin. -->","yoast_head_json":{"title":"S\u2019unir pour les droits des travailleurs : le partenariat entre \u00c9tats-Unis et Br\u00e9sil - industriall-union","description":"Valter Sanches, ancien Secr\u00e9taire g\u00e9n\u00e9ral d&rsquo;IndustriALL et aujourd&rsquo;hui Conseiller au Minist\u00e8re br\u00e9silien de l&rsquo;emploi et du travail,","robots":{"index":"index","follow":"follow","max-snippet":"max-snippet:-1","max-image-preview":"max-image-preview:large","max-video-preview":"max-video-preview:-1"},"canonical":"https:\/\/admin.industriall-union.org\/fr\/s-unir-pour-les-droits-des-travailleurs-le-partenariat-entre-etats-unis-et-bresil\/","og_locale":"fr_FR","og_type":"article","og_title":"S\u2019unir pour les droits des travailleurs : le partenariat entre \u00c9tats-Unis et Br\u00e9sil","og_description":"Valter Sanches, ancien Secr\u00e9taire g\u00e9n\u00e9ral d&rsquo;IndustriALL et aujourd&rsquo;hui Conseiller au Minist\u00e8re br\u00e9silien de l&rsquo;emploi et du travail,","og_url":"https:\/\/admin.industriall-union.org\/fr\/s-unir-pour-les-droits-des-travailleurs-le-partenariat-entre-etats-unis-et-bresil\/","og_site_name":"industriall-union","article_modified_time":"2025-01-27T17:45:14+00:00","twitter_card":"summary_large_image","twitter_misc":{"Est. reading time":"4 minutes"},"schema":{"@context":"https:\/\/schema.org","@graph":[{"@type":"WebPage","@id":"https:\/\/admin.industriall-union.org\/fr\/s-unir-pour-les-droits-des-travailleurs-le-partenariat-entre-etats-unis-et-bresil\/","url":"https:\/\/admin.industriall-union.org\/fr\/s-unir-pour-les-droits-des-travailleurs-le-partenariat-entre-etats-unis-et-bresil\/","name":"S\u2019unir pour les droits des travailleurs : le partenariat entre \u00c9tats-Unis et Br\u00e9sil - industriall-union","isPartOf":{"@id":"https:\/\/admin.industriall-union.org\/#website"},"datePublished":"2023-12-19T10:23:57+00:00","dateModified":"2025-01-27T17:45:14+00:00","description":"Valter Sanches, ancien Secr\u00e9taire g\u00e9n\u00e9ral d&rsquo;IndustriALL et aujourd&rsquo;hui Conseiller au Minist\u00e8re br\u00e9silien de l&rsquo;emploi et du travail,","breadcrumb":{"@id":"https:\/\/admin.industriall-union.org\/fr\/s-unir-pour-les-droits-des-travailleurs-le-partenariat-entre-etats-unis-et-bresil\/#breadcrumb"},"inLanguage":"fr-FR","potentialAction":[{"@type":"ReadAction","target":["https:\/\/admin.industriall-union.org\/fr\/s-unir-pour-les-droits-des-travailleurs-le-partenariat-entre-etats-unis-et-bresil\/"]}]},{"@type":"BreadcrumbList","@id":"https:\/\/admin.industriall-union.org\/fr\/s-unir-pour-les-droits-des-travailleurs-le-partenariat-entre-etats-unis-et-bresil\/#breadcrumb","itemListElement":[{"@type":"ListItem","position":1,"name":"Home","item":"https:\/\/admin.industriall-union.org\/"},{"@type":"ListItem","position":2,"name":"Articles","item":"https:\/\/admin.industriall-union.org\/article\/"},{"@type":"ListItem","position":3,"name":"S\u2019unir pour les droits des travailleurs : le partenariat entre \u00c9tats-Unis et Br\u00e9sil"}]},{"@type":"WebSite","@id":"https:\/\/admin.industriall-union.org\/#website","url":"https:\/\/admin.industriall-union.org\/","name":"industriall-union","description":"","potentialAction":[{"@type":"SearchAction","target":{"@type":"EntryPoint","urlTemplate":"https:\/\/admin.industriall-union.org\/?s={search_term_string}"},"query-input":{"@type":"PropertyValueSpecification","valueRequired":true,"valueName":"search_term_string"}}],"inLanguage":"fr-FR"}]}},"_links":{"self":[{"href":"https:\/\/admin.industriall-union.org\/fr\/wp-json\/wp\/v2\/article\/142911","targetHints":{"allow":["GET"]}}],"collection":[{"href":"https:\/\/admin.industriall-union.org\/fr\/wp-json\/wp\/v2\/article"}],"about":[{"href":"https:\/\/admin.industriall-union.org\/fr\/wp-json\/wp\/v2\/types\/article"}],"wp:attachment":[{"href":"https:\/\/admin.industriall-union.org\/fr\/wp-json\/wp\/v2\/media?parent=142911"}],"wp:term":[{"taxonomy":"issues","embeddable":true,"href":"https:\/\/admin.industriall-union.org\/fr\/wp-json\/wp\/v2\/issues?post=142911"},{"taxonomy":"companies","embeddable":true,"href":"https:\/\/admin.industriall-union.org\/fr\/wp-json\/wp\/v2\/companies?post=142911"},{"taxonomy":"regions","embeddable":true,"href":"https:\/\/admin.industriall-union.org\/fr\/wp-json\/wp\/v2\/regions?post=142911"},{"taxonomy":"sectors","embeddable":true,"href":"https:\/\/admin.industriall-union.org\/fr\/wp-json\/wp\/v2\/sectors?post=142911"},{"taxonomy":"article_tags","embeddable":true,"href":"https:\/\/admin.industriall-union.org\/fr\/wp-json\/wp\/v2\/article_tags?post=142911"}],"curies":[{"name":"wp","href":"https:\/\/api.w.org\/{rel}","templated":true}]}}