{"id":142907,"date":"2024-01-11T13:32:13","date_gmt":"2024-01-11T13:32:13","guid":{"rendered":"https:\/\/admin.industriall-union.org\/l-ue-doit-cesser-de-soutenir-les-politiques-made-in-myanmar-et-tsa\/"},"modified":"2025-01-27T17:41:16","modified_gmt":"2025-01-27T17:41:16","slug":"l-ue-doit-cesser-de-soutenir-les-politiques-made-in-myanmar-et-tsa","status":"publish","type":"article","link":"https:\/\/admin.industriall-union.org\/fr\/l-ue-doit-cesser-de-soutenir-les-politiques-made-in-myanmar-et-tsa\/","title":{"rendered":"L\u2019UE doit cesser de soutenir les politiques MADE in Myanmar et TSA"},"content":{"rendered":"<p>L&rsquo;UE a d\u00e9clar\u00e9 qu&rsquo;elle soutenait pleinement les travaux de la commission d&rsquo;enqu\u00eate de l&rsquo;OIT sur la libert\u00e9 syndicale au Myanmar. Elle a appel\u00e9 le Conseil administratif d&rsquo;\u00c9tat (SAC) de la junte militaire \u00e0 coop\u00e9rer pleinement avec l&rsquo;enqu\u00eate et \u00e0 veiller \u00e0 ce que les organisations de travailleurs et d&rsquo;employeurs puissent exercer leurs droits dans un environnement de libert\u00e9 et de s\u00e9curit\u00e9, \u00e0 l&rsquo;abri de la violence, des arrestations sans fondement et de la d\u00e9tention. Mais avec MADE et TSA, l&rsquo;UE fait le contraire.<\/p><p><a href=\"https:\/\/www.ilo.org\/global\/about-the-ilo\/newsroom\/news\/WCMS_896572\/lang--en\/index.htm\">Le rapport de l&rsquo;OIT, publi\u00e9 l&rsquo;ann\u00e9e derni\u00e8re,<\/a> fait \u00e9tat de violations massives des conventions relatives \u00e0 la libert\u00e9 syndicale et au travail forc\u00e9 et demande instamment aux autorit\u00e9s militaires de mettre fin \u00e0 la violence et \u00e0 la r\u00e9pression \u00e0 l&rsquo;encontre des syndicalistes. Le rapport constate \u00e9galement que le SAC n&rsquo;a pas veill\u00e9 \u00e0 ce que les travailleurs puissent exercer leurs droits en toute libert\u00e9 et en toute s\u00e9curit\u00e9. Les conclusions d\u00e9taillent la violence contre les syndicalistes, l&rsquo;\u00e9mission de mandats d&rsquo;arr\u00eat et l&rsquo;annulation de passeports, le travail forc\u00e9, l&rsquo;utilisation de boucliers humains, le recrutement forc\u00e9 dans l&rsquo;arm\u00e9e et l&rsquo;imposition de la loi martiale.<\/p><p>Dans une lettre adress\u00e9e \u00e0 la Commission europ\u00e9enne, IndustriALL Global Union et industriAll Europe indiquent clairement que dans ce contexte, il est impossible pour MADE in Myanmar d&rsquo;atteindre son objectif d\u00e9clar\u00e9 d&rsquo;am\u00e9lioration des conditions de travail et des droits des travailleurs. Sans libert\u00e9 d&rsquo;association et d&rsquo;expression, la diligence raisonnable en mati\u00e8re de droits de l&rsquo;homme exig\u00e9e par l&rsquo;UE n&rsquo;est pas possible.<\/p><p>Le Secr\u00e9taire g\u00e9n\u00e9ral d&rsquo;IndustriALL, Atle H\u00f8ie, a d\u00e9clar\u00e9&nbsp;:<\/p><blockquote><p>&ldquo;L&rsquo;appui constant \u00e0 ces politiques constitue une bou\u00e9e de sauvetage vitale pour les militaires et leur permet de se maintenir au pouvoir. Plus vite cet appui sera interrompu, plus vite le r\u00e9gime pourra \u00eatre remplac\u00e9 par l&rsquo;organe l\u00e9gitime qu&rsquo;est le Gouvernement d&rsquo;unit\u00e9 nationale.&rdquo;<\/p><\/blockquote><p>Les deux organisations demandent instamment \u00e0 l&rsquo;UE de reconsid\u00e9rer sa politique.<\/p><p>Judith Kirton-Darling, Co-secr\u00e9taire g\u00e9n\u00e9rale par int\u00e9rim d&rsquo;industriAll Europe, a d\u00e9clar\u00e9&nbsp;:<\/p><blockquote><p>&ldquo;Il faut mettre un terme aux initiatives MADE in Myanmar et TSA&nbsp;! Nous demandons \u00e0 l&rsquo;UE d&rsquo;\u0153uvrer \u00e0 la mise en \u0153uvre des recommandations de l&rsquo;OIT dans un Myanmar d\u00e9mocratique, comme le pr\u00e9voit la structure tripartite.&rdquo;<\/p><\/blockquote><p>De plus en plus de marques europ\u00e9ennes sont arriv\u00e9es \u00e0 cette conclusion et se sont engag\u00e9es \u00e0 quitter le Myanmar de mani\u00e8re responsable. En ao\u00fbt dernier, H&amp;M, le deuxi\u00e8me plus grand d\u00e9taillant au monde, a <a href=\"https:\/\/www.industriall-union.org\/industriall-campaign-pushes-hm-withdrawl-from-myanmar\">annonc\u00e9 qu&rsquo;il avait d\u00e9cid\u00e9 de cesser progressivement de s&rsquo;approvisionner au Myanmar<\/a>, en raison de la multiplication des rapports faisant \u00e9tat d&rsquo;abus \u00e0 l&rsquo;\u00e9gard de la main-d&rsquo;\u0153uvre dans les usines de confection du pays. L&rsquo;enseigne qui a annonc\u00e9 le plus r\u00e9cemment son retrait est le d\u00e9taillant allemand Lidl.<\/p>","protected":false},"featured_media":0,"template":"","issues":[422],"companies":[],"regions":[177],"sectors":[],"article_tags":[508],"class_list":["post-142907","article","type-article","status-publish","hentry","issues-human-trade-union-rights","regions-myanmar","article_tags-forced-labour"],"acf":[],"yoast_head":"<!-- This site is optimized with the Yoast SEO Premium plugin v27.1 (Yoast SEO v27.1) - https:\/\/yoast.com\/product\/yoast-seo-premium-wordpress\/ -->\n<title>L\u2019UE doit cesser de soutenir les politiques MADE in Myanmar et TSA - industriall-union<\/title>\n<meta name=\"description\" content=\"L&rsquo;UE a d\u00e9clar\u00e9 qu&rsquo;elle soutenait pleinement les travaux de la commission d&rsquo;enqu\u00eate de l&rsquo;OIT sur la libert\u00e9 syndicale au Myanmar.\" \/>\n<meta name=\"robots\" content=\"index, follow, max-snippet:-1, max-image-preview:large, max-video-preview:-1\" \/>\n<link rel=\"canonical\" href=\"https:\/\/admin.industriall-union.org\/fr\/l-ue-doit-cesser-de-soutenir-les-politiques-made-in-myanmar-et-tsa\/\" \/>\n<meta property=\"og:locale\" content=\"fr_FR\" \/>\n<meta property=\"og:type\" content=\"article\" \/>\n<meta property=\"og:title\" content=\"L\u2019UE doit cesser de soutenir les politiques MADE in Myanmar et TSA\" \/>\n<meta property=\"og:description\" content=\"L&rsquo;UE a d\u00e9clar\u00e9 qu&rsquo;elle soutenait pleinement les travaux de la commission d&rsquo;enqu\u00eate de l&rsquo;OIT sur la libert\u00e9 syndicale au Myanmar.\" \/>\n<meta property=\"og:url\" content=\"https:\/\/admin.industriall-union.org\/fr\/l-ue-doit-cesser-de-soutenir-les-politiques-made-in-myanmar-et-tsa\/\" \/>\n<meta property=\"og:site_name\" content=\"industriall-union\" \/>\n<meta property=\"article:modified_time\" content=\"2025-01-27T17:41:16+00:00\" \/>\n<meta name=\"twitter:card\" content=\"summary_large_image\" \/>\n<meta name=\"twitter:label1\" content=\"Est. reading time\" \/>\n\t<meta name=\"twitter:data1\" content=\"3 minutes\" \/>\n<script type=\"application\/ld+json\" class=\"yoast-schema-graph\">{\"@context\":\"https:\/\/schema.org\",\"@graph\":[{\"@type\":\"WebPage\",\"@id\":\"https:\/\/admin.industriall-union.org\/fr\/l-ue-doit-cesser-de-soutenir-les-politiques-made-in-myanmar-et-tsa\/\",\"url\":\"https:\/\/admin.industriall-union.org\/fr\/l-ue-doit-cesser-de-soutenir-les-politiques-made-in-myanmar-et-tsa\/\",\"name\":\"L\u2019UE doit cesser de soutenir les politiques MADE in Myanmar et TSA - industriall-union\",\"isPartOf\":{\"@id\":\"https:\/\/admin.industriall-union.org\/#website\"},\"datePublished\":\"2024-01-11T13:32:13+00:00\",\"dateModified\":\"2025-01-27T17:41:16+00:00\",\"description\":\"L&rsquo;UE a d\u00e9clar\u00e9 qu&rsquo;elle soutenait pleinement les travaux de la commission d&rsquo;enqu\u00eate de l&rsquo;OIT sur la libert\u00e9 syndicale au Myanmar.\",\"breadcrumb\":{\"@id\":\"https:\/\/admin.industriall-union.org\/fr\/l-ue-doit-cesser-de-soutenir-les-politiques-made-in-myanmar-et-tsa\/#breadcrumb\"},\"inLanguage\":\"fr-FR\",\"potentialAction\":[{\"@type\":\"ReadAction\",\"target\":[\"https:\/\/admin.industriall-union.org\/fr\/l-ue-doit-cesser-de-soutenir-les-politiques-made-in-myanmar-et-tsa\/\"]}]},{\"@type\":\"BreadcrumbList\",\"@id\":\"https:\/\/admin.industriall-union.org\/fr\/l-ue-doit-cesser-de-soutenir-les-politiques-made-in-myanmar-et-tsa\/#breadcrumb\",\"itemListElement\":[{\"@type\":\"ListItem\",\"position\":1,\"name\":\"Home\",\"item\":\"https:\/\/admin.industriall-union.org\/\"},{\"@type\":\"ListItem\",\"position\":2,\"name\":\"Articles\",\"item\":\"https:\/\/admin.industriall-union.org\/article\/\"},{\"@type\":\"ListItem\",\"position\":3,\"name\":\"L\u2019UE doit cesser de soutenir les politiques MADE in Myanmar et TSA\"}]},{\"@type\":\"WebSite\",\"@id\":\"https:\/\/admin.industriall-union.org\/#website\",\"url\":\"https:\/\/admin.industriall-union.org\/\",\"name\":\"industriall-union\",\"description\":\"\",\"potentialAction\":[{\"@type\":\"SearchAction\",\"target\":{\"@type\":\"EntryPoint\",\"urlTemplate\":\"https:\/\/admin.industriall-union.org\/?s={search_term_string}\"},\"query-input\":{\"@type\":\"PropertyValueSpecification\",\"valueRequired\":true,\"valueName\":\"search_term_string\"}}],\"inLanguage\":\"fr-FR\"}]}<\/script>\n<!-- \/ Yoast SEO Premium plugin. -->","yoast_head_json":{"title":"L\u2019UE doit cesser de soutenir les politiques MADE in Myanmar et TSA - industriall-union","description":"L&rsquo;UE a d\u00e9clar\u00e9 qu&rsquo;elle soutenait pleinement les travaux de la commission d&rsquo;enqu\u00eate de l&rsquo;OIT sur la libert\u00e9 syndicale au Myanmar.","robots":{"index":"index","follow":"follow","max-snippet":"max-snippet:-1","max-image-preview":"max-image-preview:large","max-video-preview":"max-video-preview:-1"},"canonical":"https:\/\/admin.industriall-union.org\/fr\/l-ue-doit-cesser-de-soutenir-les-politiques-made-in-myanmar-et-tsa\/","og_locale":"fr_FR","og_type":"article","og_title":"L\u2019UE doit cesser de soutenir les politiques MADE in Myanmar et TSA","og_description":"L&rsquo;UE a d\u00e9clar\u00e9 qu&rsquo;elle soutenait pleinement les travaux de la commission d&rsquo;enqu\u00eate de l&rsquo;OIT sur la libert\u00e9 syndicale au Myanmar.","og_url":"https:\/\/admin.industriall-union.org\/fr\/l-ue-doit-cesser-de-soutenir-les-politiques-made-in-myanmar-et-tsa\/","og_site_name":"industriall-union","article_modified_time":"2025-01-27T17:41:16+00:00","twitter_card":"summary_large_image","twitter_misc":{"Est. reading time":"3 minutes"},"schema":{"@context":"https:\/\/schema.org","@graph":[{"@type":"WebPage","@id":"https:\/\/admin.industriall-union.org\/fr\/l-ue-doit-cesser-de-soutenir-les-politiques-made-in-myanmar-et-tsa\/","url":"https:\/\/admin.industriall-union.org\/fr\/l-ue-doit-cesser-de-soutenir-les-politiques-made-in-myanmar-et-tsa\/","name":"L\u2019UE doit cesser de soutenir les politiques MADE in Myanmar et TSA - industriall-union","isPartOf":{"@id":"https:\/\/admin.industriall-union.org\/#website"},"datePublished":"2024-01-11T13:32:13+00:00","dateModified":"2025-01-27T17:41:16+00:00","description":"L&rsquo;UE a d\u00e9clar\u00e9 qu&rsquo;elle soutenait pleinement les travaux de la commission d&rsquo;enqu\u00eate de l&rsquo;OIT sur la libert\u00e9 syndicale au Myanmar.","breadcrumb":{"@id":"https:\/\/admin.industriall-union.org\/fr\/l-ue-doit-cesser-de-soutenir-les-politiques-made-in-myanmar-et-tsa\/#breadcrumb"},"inLanguage":"fr-FR","potentialAction":[{"@type":"ReadAction","target":["https:\/\/admin.industriall-union.org\/fr\/l-ue-doit-cesser-de-soutenir-les-politiques-made-in-myanmar-et-tsa\/"]}]},{"@type":"BreadcrumbList","@id":"https:\/\/admin.industriall-union.org\/fr\/l-ue-doit-cesser-de-soutenir-les-politiques-made-in-myanmar-et-tsa\/#breadcrumb","itemListElement":[{"@type":"ListItem","position":1,"name":"Home","item":"https:\/\/admin.industriall-union.org\/"},{"@type":"ListItem","position":2,"name":"Articles","item":"https:\/\/admin.industriall-union.org\/article\/"},{"@type":"ListItem","position":3,"name":"L\u2019UE doit cesser de soutenir les politiques MADE in Myanmar et TSA"}]},{"@type":"WebSite","@id":"https:\/\/admin.industriall-union.org\/#website","url":"https:\/\/admin.industriall-union.org\/","name":"industriall-union","description":"","potentialAction":[{"@type":"SearchAction","target":{"@type":"EntryPoint","urlTemplate":"https:\/\/admin.industriall-union.org\/?s={search_term_string}"},"query-input":{"@type":"PropertyValueSpecification","valueRequired":true,"valueName":"search_term_string"}}],"inLanguage":"fr-FR"}]}},"_links":{"self":[{"href":"https:\/\/admin.industriall-union.org\/fr\/wp-json\/wp\/v2\/article\/142907","targetHints":{"allow":["GET"]}}],"collection":[{"href":"https:\/\/admin.industriall-union.org\/fr\/wp-json\/wp\/v2\/article"}],"about":[{"href":"https:\/\/admin.industriall-union.org\/fr\/wp-json\/wp\/v2\/types\/article"}],"wp:attachment":[{"href":"https:\/\/admin.industriall-union.org\/fr\/wp-json\/wp\/v2\/media?parent=142907"}],"wp:term":[{"taxonomy":"issues","embeddable":true,"href":"https:\/\/admin.industriall-union.org\/fr\/wp-json\/wp\/v2\/issues?post=142907"},{"taxonomy":"companies","embeddable":true,"href":"https:\/\/admin.industriall-union.org\/fr\/wp-json\/wp\/v2\/companies?post=142907"},{"taxonomy":"regions","embeddable":true,"href":"https:\/\/admin.industriall-union.org\/fr\/wp-json\/wp\/v2\/regions?post=142907"},{"taxonomy":"sectors","embeddable":true,"href":"https:\/\/admin.industriall-union.org\/fr\/wp-json\/wp\/v2\/sectors?post=142907"},{"taxonomy":"article_tags","embeddable":true,"href":"https:\/\/admin.industriall-union.org\/fr\/wp-json\/wp\/v2\/article_tags?post=142907"}],"curies":[{"name":"wp","href":"https:\/\/api.w.org\/{rel}","templated":true}]}}