{"id":142805,"date":"2024-03-06T14:48:49","date_gmt":"2024-03-06T14:48:49","guid":{"rendered":"https:\/\/admin.industriall-union.org\/la-suisse-accepte-une-initiative-historique-de-solidarite-sociale\/"},"modified":"2025-01-27T17:07:20","modified_gmt":"2025-01-27T17:07:20","slug":"la-suisse-accepte-une-initiative-historique-de-solidarite-sociale","status":"publish","type":"article","link":"https:\/\/admin.industriall-union.org\/fr\/la-suisse-accepte-une-initiative-historique-de-solidarite-sociale\/","title":{"rendered":"La Suisse accepte une initiative historique de solidarit\u00e9 sociale"},"content":{"rendered":"<p>Cet ajustement, qui refl\u00e8te le concept de 13e salaire mensuel pour les travailleurs, vise \u00e0 apporter un coup de pouce n\u00e9cessaire au niveau de vie des retrait\u00e9s actuels et futurs. Il repr\u00e9sente une augmentation de 8,3 % de leur pension mensuelle.<\/p><p>Cette initiative est une victoire importante pour la solidarit\u00e9 sociale en Suisse, car elle garantit une approche plus \u00e9quilibr\u00e9e et plus \u00e9quitable de la pr\u00e9voyance vieillesse. Lors d&rsquo;une votation populaire d\u00e9cisive le 3 mars dernier, les citoyens suisses ont donn\u00e9 la priorit\u00e9 \u00e0 la protection sociale plut\u00f4t qu&rsquo;aux tentatives d&rsquo;assouplissement de l&rsquo;\u00e2ge de la retraite dans le cadre d&rsquo;une initiative distincte, qui a fait l&rsquo;objet d&rsquo;un rejet massif, 75 % des votants s&rsquo;\u00e9tant prononc\u00e9s contre un rel\u00e8vement de l&rsquo;\u00e2ge de la retraite.<\/p><p>UNIA, affili\u00e9 \u00e0 IndustriALL, a mobilis\u00e9 ses membres dans tout le pays autour de cette campagne&nbsp;:<\/p><blockquote><p>&ldquo;Le jeu en valait la chandelle. Ce r\u00e9sultat constitue une avanc\u00e9e sociale majeure pour la Suisse et nous donne confiance dans l&rsquo;avenir de notre r\u00e9gime de pr\u00e9voyance vieillesse. Il contribue \u00e0 notre lutte pour de meilleurs salaires, des primes d&rsquo;assurance maladie abordables et notre combat contre le vol des pensions du deuxi\u00e8me pilier&rdquo;, a d\u00e9clar\u00e9 Vania Alleva, Pr\u00e9sidente d&rsquo;UNIA.<\/p><\/blockquote><p>Ce mandat public met en \u00e9vidence une demande g\u00e9n\u00e9ralis\u00e9e d&rsquo;action imm\u00e9diate pour se pr\u00e9munir contre l&rsquo;\u00e9rosion du pouvoir d&rsquo;achat des retrait\u00e9s et appelle \u00e0 des mesures compensatoires plus larges pour d&rsquo;autres groupes touch\u00e9s par les disparit\u00e9s \u00e9conomiques.<\/p><p>Cette d\u00e9cision, approuv\u00e9e par une majorit\u00e9 gr\u00e2ce \u00e0 un taux de participation plus \u00e9lev\u00e9 que d&rsquo;habitude, envoie un message fort quant \u00e0 la confiance de la population dans un syst\u00e8me de pension solidaire.<\/p><p>Le soutien apport\u00e9 \u00e0 cette initiative visant un 13e versement de rente refl\u00e8te un large consensus sur la n\u00e9cessit\u00e9 d&rsquo;adopter des politiques progressistes qui garantissent la dignit\u00e9 de la retraite sans compromettre le tissu social du pays.<\/p><blockquote><p>&ldquo;Nous sommes solidaires de nos affili\u00e9s suisses et c\u00e9l\u00e9brons ce triomphe comme un t\u00e9moignage du pouvoir de l&rsquo;action collective et de l&rsquo;importance des initiatives syndicales dans la d\u00e9fense des droits et du bien-\u00eatre des travailleurs et des retrait\u00e9s. Cette victoire ne renforce pas seulement la confiance dans le syst\u00e8me de retraite suisse, mais pourrait \u00e9galement servir d&rsquo;exemple pour des efforts de plaidoyer similaires \u00e0 l&rsquo;\u00e9chelle mondiale, r\u00e9it\u00e9rant le besoin d&rsquo;un syst\u00e8me \u00e9conomique juste et \u00e9quitable qui sert r\u00e9ellement les besoins de tous ses citoyens&rdquo;, a d\u00e9clar\u00e9 Atle H\u00f8ie, Secr\u00e9taire g\u00e9n\u00e9ral d&rsquo;IndustriALL.<\/p><\/blockquote>","protected":false},"featured_media":0,"template":"","issues":[372],"companies":[],"regions":[248],"sectors":[],"article_tags":[],"class_list":["post-142805","article","type-article","status-publish","hentry","issues-social-protection","regions-switzerland"],"acf":[],"yoast_head":"<!-- This site is optimized with the Yoast SEO Premium plugin v27.1 (Yoast SEO v27.1) - https:\/\/yoast.com\/product\/yoast-seo-premium-wordpress\/ -->\n<title>La Suisse accepte une initiative historique de solidarit\u00e9 sociale - industriall-union<\/title>\n<meta name=\"description\" content=\"Cet ajustement, qui refl\u00e8te le concept de 13e salaire mensuel pour les travailleurs, vise \u00e0 apporter un coup de pouce n\u00e9cessaire au niveau de vie des\" \/>\n<meta name=\"robots\" content=\"index, follow, max-snippet:-1, max-image-preview:large, max-video-preview:-1\" \/>\n<link rel=\"canonical\" href=\"https:\/\/admin.industriall-union.org\/fr\/la-suisse-accepte-une-initiative-historique-de-solidarite-sociale\/\" \/>\n<meta property=\"og:locale\" content=\"fr_FR\" \/>\n<meta property=\"og:type\" content=\"article\" \/>\n<meta property=\"og:title\" content=\"La Suisse accepte une initiative historique de solidarit\u00e9 sociale\" \/>\n<meta property=\"og:description\" content=\"Cet ajustement, qui refl\u00e8te le concept de 13e salaire mensuel pour les travailleurs, vise \u00e0 apporter un coup de pouce n\u00e9cessaire au niveau de vie des\" \/>\n<meta property=\"og:url\" content=\"https:\/\/admin.industriall-union.org\/fr\/la-suisse-accepte-une-initiative-historique-de-solidarite-sociale\/\" \/>\n<meta property=\"og:site_name\" content=\"industriall-union\" \/>\n<meta property=\"article:modified_time\" content=\"2025-01-27T17:07:20+00:00\" \/>\n<meta name=\"twitter:card\" content=\"summary_large_image\" \/>\n<meta name=\"twitter:label1\" content=\"Est. reading time\" \/>\n\t<meta name=\"twitter:data1\" content=\"2 minutes\" \/>\n<script type=\"application\/ld+json\" class=\"yoast-schema-graph\">{\"@context\":\"https:\/\/schema.org\",\"@graph\":[{\"@type\":\"WebPage\",\"@id\":\"https:\/\/admin.industriall-union.org\/fr\/la-suisse-accepte-une-initiative-historique-de-solidarite-sociale\/\",\"url\":\"https:\/\/admin.industriall-union.org\/fr\/la-suisse-accepte-une-initiative-historique-de-solidarite-sociale\/\",\"name\":\"La Suisse accepte une initiative historique de solidarit\u00e9 sociale - industriall-union\",\"isPartOf\":{\"@id\":\"https:\/\/admin.industriall-union.org\/#website\"},\"datePublished\":\"2024-03-06T14:48:49+00:00\",\"dateModified\":\"2025-01-27T17:07:20+00:00\",\"description\":\"Cet ajustement, qui refl\u00e8te le concept de 13e salaire mensuel pour les travailleurs, vise \u00e0 apporter un coup de pouce n\u00e9cessaire au niveau de vie des\",\"breadcrumb\":{\"@id\":\"https:\/\/admin.industriall-union.org\/fr\/la-suisse-accepte-une-initiative-historique-de-solidarite-sociale\/#breadcrumb\"},\"inLanguage\":\"fr-FR\",\"potentialAction\":[{\"@type\":\"ReadAction\",\"target\":[\"https:\/\/admin.industriall-union.org\/fr\/la-suisse-accepte-une-initiative-historique-de-solidarite-sociale\/\"]}]},{\"@type\":\"BreadcrumbList\",\"@id\":\"https:\/\/admin.industriall-union.org\/fr\/la-suisse-accepte-une-initiative-historique-de-solidarite-sociale\/#breadcrumb\",\"itemListElement\":[{\"@type\":\"ListItem\",\"position\":1,\"name\":\"Home\",\"item\":\"https:\/\/admin.industriall-union.org\/\"},{\"@type\":\"ListItem\",\"position\":2,\"name\":\"Articles\",\"item\":\"https:\/\/admin.industriall-union.org\/article\/\"},{\"@type\":\"ListItem\",\"position\":3,\"name\":\"La Suisse accepte une initiative historique de solidarit\u00e9 sociale\"}]},{\"@type\":\"WebSite\",\"@id\":\"https:\/\/admin.industriall-union.org\/#website\",\"url\":\"https:\/\/admin.industriall-union.org\/\",\"name\":\"industriall-union\",\"description\":\"\",\"potentialAction\":[{\"@type\":\"SearchAction\",\"target\":{\"@type\":\"EntryPoint\",\"urlTemplate\":\"https:\/\/admin.industriall-union.org\/?s={search_term_string}\"},\"query-input\":{\"@type\":\"PropertyValueSpecification\",\"valueRequired\":true,\"valueName\":\"search_term_string\"}}],\"inLanguage\":\"fr-FR\"}]}<\/script>\n<!-- \/ Yoast SEO Premium plugin. -->","yoast_head_json":{"title":"La Suisse accepte une initiative historique de solidarit\u00e9 sociale - industriall-union","description":"Cet ajustement, qui refl\u00e8te le concept de 13e salaire mensuel pour les travailleurs, vise \u00e0 apporter un coup de pouce n\u00e9cessaire au niveau de vie des","robots":{"index":"index","follow":"follow","max-snippet":"max-snippet:-1","max-image-preview":"max-image-preview:large","max-video-preview":"max-video-preview:-1"},"canonical":"https:\/\/admin.industriall-union.org\/fr\/la-suisse-accepte-une-initiative-historique-de-solidarite-sociale\/","og_locale":"fr_FR","og_type":"article","og_title":"La Suisse accepte une initiative historique de solidarit\u00e9 sociale","og_description":"Cet ajustement, qui refl\u00e8te le concept de 13e salaire mensuel pour les travailleurs, vise \u00e0 apporter un coup de pouce n\u00e9cessaire au niveau de vie des","og_url":"https:\/\/admin.industriall-union.org\/fr\/la-suisse-accepte-une-initiative-historique-de-solidarite-sociale\/","og_site_name":"industriall-union","article_modified_time":"2025-01-27T17:07:20+00:00","twitter_card":"summary_large_image","twitter_misc":{"Est. reading time":"2 minutes"},"schema":{"@context":"https:\/\/schema.org","@graph":[{"@type":"WebPage","@id":"https:\/\/admin.industriall-union.org\/fr\/la-suisse-accepte-une-initiative-historique-de-solidarite-sociale\/","url":"https:\/\/admin.industriall-union.org\/fr\/la-suisse-accepte-une-initiative-historique-de-solidarite-sociale\/","name":"La Suisse accepte une initiative historique de solidarit\u00e9 sociale - industriall-union","isPartOf":{"@id":"https:\/\/admin.industriall-union.org\/#website"},"datePublished":"2024-03-06T14:48:49+00:00","dateModified":"2025-01-27T17:07:20+00:00","description":"Cet ajustement, qui refl\u00e8te le concept de 13e salaire mensuel pour les travailleurs, vise \u00e0 apporter un coup de pouce n\u00e9cessaire au niveau de vie des","breadcrumb":{"@id":"https:\/\/admin.industriall-union.org\/fr\/la-suisse-accepte-une-initiative-historique-de-solidarite-sociale\/#breadcrumb"},"inLanguage":"fr-FR","potentialAction":[{"@type":"ReadAction","target":["https:\/\/admin.industriall-union.org\/fr\/la-suisse-accepte-une-initiative-historique-de-solidarite-sociale\/"]}]},{"@type":"BreadcrumbList","@id":"https:\/\/admin.industriall-union.org\/fr\/la-suisse-accepte-une-initiative-historique-de-solidarite-sociale\/#breadcrumb","itemListElement":[{"@type":"ListItem","position":1,"name":"Home","item":"https:\/\/admin.industriall-union.org\/"},{"@type":"ListItem","position":2,"name":"Articles","item":"https:\/\/admin.industriall-union.org\/article\/"},{"@type":"ListItem","position":3,"name":"La Suisse accepte une initiative historique de solidarit\u00e9 sociale"}]},{"@type":"WebSite","@id":"https:\/\/admin.industriall-union.org\/#website","url":"https:\/\/admin.industriall-union.org\/","name":"industriall-union","description":"","potentialAction":[{"@type":"SearchAction","target":{"@type":"EntryPoint","urlTemplate":"https:\/\/admin.industriall-union.org\/?s={search_term_string}"},"query-input":{"@type":"PropertyValueSpecification","valueRequired":true,"valueName":"search_term_string"}}],"inLanguage":"fr-FR"}]}},"_links":{"self":[{"href":"https:\/\/admin.industriall-union.org\/fr\/wp-json\/wp\/v2\/article\/142805","targetHints":{"allow":["GET"]}}],"collection":[{"href":"https:\/\/admin.industriall-union.org\/fr\/wp-json\/wp\/v2\/article"}],"about":[{"href":"https:\/\/admin.industriall-union.org\/fr\/wp-json\/wp\/v2\/types\/article"}],"wp:attachment":[{"href":"https:\/\/admin.industriall-union.org\/fr\/wp-json\/wp\/v2\/media?parent=142805"}],"wp:term":[{"taxonomy":"issues","embeddable":true,"href":"https:\/\/admin.industriall-union.org\/fr\/wp-json\/wp\/v2\/issues?post=142805"},{"taxonomy":"companies","embeddable":true,"href":"https:\/\/admin.industriall-union.org\/fr\/wp-json\/wp\/v2\/companies?post=142805"},{"taxonomy":"regions","embeddable":true,"href":"https:\/\/admin.industriall-union.org\/fr\/wp-json\/wp\/v2\/regions?post=142805"},{"taxonomy":"sectors","embeddable":true,"href":"https:\/\/admin.industriall-union.org\/fr\/wp-json\/wp\/v2\/sectors?post=142805"},{"taxonomy":"article_tags","embeddable":true,"href":"https:\/\/admin.industriall-union.org\/fr\/wp-json\/wp\/v2\/article_tags?post=142805"}],"curies":[{"name":"wp","href":"https:\/\/api.w.org\/{rel}","templated":true}]}}