{"id":142733,"date":"2024-04-04T13:08:37","date_gmt":"2024-04-04T13:08:37","guid":{"rendered":"https:\/\/admin.industriall-union.org\/la-conference-du-syndicat-nigerian-du-textile-se-concentre-sur-la-relance-du-secteur\/"},"modified":"2025-01-27T17:02:31","modified_gmt":"2025-01-27T17:02:31","slug":"la-conference-du-syndicat-nigerian-du-textile-se-concentre-sur-la-relance-du-secteur","status":"publish","type":"article","link":"https:\/\/admin.industriall-union.org\/fr\/la-conference-du-syndicat-nigerian-du-textile-se-concentre-sur-la-relance-du-secteur\/","title":{"rendered":"La conf\u00e9rence du syndicat nig\u00e9rian du textile se concentre sur la relance du secteur"},"content":{"rendered":"<p>Plus de 200 d\u00e9l\u00e9gu\u00e9s du Forum des syndicats du secteur priv\u00e9, du Congr\u00e8s du Travail du Nigeria, de l&rsquo;Association des employeurs du textile, de l&rsquo;habillement et de la couture du Nigeria et des affili\u00e9s d&rsquo;IndustriALL du Nigeria, du Kenya, du Ghana, d&rsquo;Afrique du Sud, de Zambie et du Zimbabwe ont particip\u00e9 \u00e0 la conf\u00e9rence.<\/p><p>Elle s&rsquo;est d\u00e9roul\u00e9e dans un contexte de d\u00e9clin du secteur du textile et de l&rsquo;habillement. Selon le NUTGTWN, qui compte plus de 18.000 membres, dont des tailleurs ind\u00e9pendants, ce d\u00e9clin a \u00e9t\u00e9 aggrav\u00e9 par la contrefa\u00e7on de produits locaux nig\u00e9rians, la contrebande et des importations de textiles bon march\u00e9.<\/p><p>Ces produits bon march\u00e9 ont inond\u00e9 le march\u00e9 et rendus les produits fabriqu\u00e9s localement comparativement plus chers. Selon le syndicat, ce d\u00e9clin a \u00e9galement contribu\u00e9 \u00e0 l&rsquo;augmentation des in\u00e9galit\u00e9s, de la pauvret\u00e9 et de la criminalit\u00e9. Toutefois, le syndicat a identifi\u00e9 l&rsquo;industrialisation ainsi qu&rsquo;une \u00e9volution de l&rsquo;industrie du textile et de l&rsquo;habillement au Nigeria comme \u00e9tant quelques-unes des solutions.<\/p><p>La conf\u00e9rence s&rsquo;est \u00e9galement pench\u00e9e sur la relance d&rsquo;une industrie du coton, du textile et de l&rsquo;habillement \u00e0 forte intensit\u00e9 de main-d&rsquo;\u0153uvre et sur la protection des emplois actuels. Des discussions ont \u00e9galement eu lieu sur les attentes du syndicat quant \u00e0 l&rsquo;avenir du travail dans ce secteur.<\/p><p>Le NUTGTWN a indiqu\u00e9 que la mise en \u0153uvre efficace de politiques nationales, notamment celle relative au coton, au textile et \u00e0 l&rsquo;habillement ou le d\u00e9cret 003, qui appuie l&rsquo;approvisionnement local de la part du gouvernement f\u00e9d\u00e9ral du Nigeria, ainsi que l&rsquo;initiative &ldquo;Made-in-Nigeria&rdquo;, \u00e9taient importantes pour stimuler les industries nationales, cr\u00e9er des emplois et r\u00e9duire la d\u00e9pendance \u00e0 l&rsquo;\u00e9gard des importations.<\/p><blockquote><p>&ldquo;La cl\u00e9 d&rsquo;une v\u00e9ritable transformation et d&rsquo;une reprise \u00e9conomique r\u00e9side dans l&rsquo;industrie manufacturi\u00e8re. L&rsquo;industrie textile a le potentiel de cr\u00e9er plus de deux millions d&rsquo;emplois et de combler l&rsquo;\u00e9norme foss\u00e9 du ch\u00f4mage dans le pays&rdquo;,<\/p><\/blockquote><p>a d\u00e9clar\u00e9 John Adaji, ancien Pr\u00e9sident du NUTGTWN et copr\u00e9sident de la r\u00e9gion Afrique subsaharienne d&rsquo;IndustriALL.<\/p><p>Les participants ont fait valoir que l&rsquo;application de ces politiques permettrait \u00e9galement \u00e0 l&rsquo;\u00e9conomie d&rsquo;optimiser des ressources en r\u00e9duisant la facture des importations de textiles et de v\u00eatements. Les discussions ont soulign\u00e9 que le commerce intra-africain par le biais de la zone de libre-\u00e9change continentale africaine \u00e9tait essentiel et que les accords commerciaux, notamment la Loi am\u00e9ricaine sur la croissance et les possibilit\u00e9s \u00e9conomiques en Afrique, \u00e9taient essentiels \u00e0 la relance de l&rsquo;industrie du textile et de l&rsquo;habillement au Nigeria.<\/p><p>Le syndicat a identifi\u00e9 les facteurs cl\u00e9s suivants qui fa\u00e7onneront l&rsquo;avenir du travail dans l&rsquo;industrie du textile et de l&rsquo;habillement&nbsp;: la mondialisation, la num\u00e9risation, les technologies de l&rsquo;information et de la communication, les changements d\u00e9mographiques, en particulier s&rsquo;agissant de la population jeune, et le changement climatique.<\/p><p>La Secr\u00e9taire r\u00e9gionale d&rsquo;IndustriALL pour l&rsquo;Afrique subsaharienne, Paule France Ndessomin, a d\u00e9clar\u00e9&nbsp;:<\/p><blockquote><p>&ldquo;Nous saluons les strat\u00e9gies du NUTGTWN visant \u00e0 syndiquer les tailleurs ind\u00e9pendants dans le secteur informel. Face \u00e0 l&rsquo;ampleur de l&rsquo;\u00e9conomie informelle, les syndicats doivent explorer les moyens d&rsquo;incorporer ces travailleurs et travailleuses conform\u00e9ment \u00e0 la recommandation 204 de l&rsquo;Organisation internationale du travail (Transition de l&rsquo;\u00e9conomie informelle vers l&rsquo;\u00e9conomie formelle). Le syndicat doit \u00e9galement syndiquer les travailleurs et travailleuses qui occupent des emplois atypiques afin de renforcer le pouvoir syndical et de prot\u00e9ger leurs droits au travail.&rdquo;<\/p><\/blockquote>","protected":false},"featured_media":0,"template":"","issues":[396,390],"companies":[],"regions":[343],"sectors":[464],"article_tags":[],"class_list":["post-142733","article","type-article","status-publish","hentry","issues-building-strong-unions","issues-future-of-work","regions-nigeria","sectors-textile-leather-garment-shoes-and-textile-services"],"acf":[],"yoast_head":"<!-- This site is optimized with the Yoast SEO Premium plugin v27.1 (Yoast SEO v27.1) - https:\/\/yoast.com\/product\/yoast-seo-premium-wordpress\/ -->\n<title>La conf\u00e9rence du syndicat nig\u00e9rian du textile se concentre sur la relance du secteur - industriall-union<\/title>\n<meta name=\"description\" content=\"Plus de 200 d\u00e9l\u00e9gu\u00e9s du Forum des syndicats du secteur priv\u00e9, du Congr\u00e8s du Travail du Nigeria, de l&rsquo;Association des employeurs du textile, de\" \/>\n<meta name=\"robots\" content=\"index, follow, max-snippet:-1, max-image-preview:large, max-video-preview:-1\" \/>\n<link rel=\"canonical\" href=\"https:\/\/admin.industriall-union.org\/fr\/la-conference-du-syndicat-nigerian-du-textile-se-concentre-sur-la-relance-du-secteur\/\" \/>\n<meta property=\"og:locale\" content=\"fr_FR\" \/>\n<meta property=\"og:type\" content=\"article\" \/>\n<meta property=\"og:title\" content=\"La conf\u00e9rence du syndicat nig\u00e9rian du textile se concentre sur la relance du secteur\" \/>\n<meta property=\"og:description\" content=\"Plus de 200 d\u00e9l\u00e9gu\u00e9s du Forum des syndicats du secteur priv\u00e9, du Congr\u00e8s du Travail du Nigeria, de l&rsquo;Association des employeurs du textile, de\" \/>\n<meta property=\"og:url\" content=\"https:\/\/admin.industriall-union.org\/fr\/la-conference-du-syndicat-nigerian-du-textile-se-concentre-sur-la-relance-du-secteur\/\" \/>\n<meta property=\"og:site_name\" content=\"industriall-union\" \/>\n<meta property=\"article:modified_time\" content=\"2025-01-27T17:02:31+00:00\" \/>\n<meta name=\"twitter:card\" content=\"summary_large_image\" \/>\n<meta name=\"twitter:label1\" content=\"Est. reading time\" \/>\n\t<meta name=\"twitter:data1\" content=\"3 minutes\" \/>\n<script type=\"application\/ld+json\" class=\"yoast-schema-graph\">{\"@context\":\"https:\/\/schema.org\",\"@graph\":[{\"@type\":\"WebPage\",\"@id\":\"https:\/\/admin.industriall-union.org\/fr\/la-conference-du-syndicat-nigerian-du-textile-se-concentre-sur-la-relance-du-secteur\/\",\"url\":\"https:\/\/admin.industriall-union.org\/fr\/la-conference-du-syndicat-nigerian-du-textile-se-concentre-sur-la-relance-du-secteur\/\",\"name\":\"La conf\u00e9rence du syndicat nig\u00e9rian du textile se concentre sur la relance du secteur - industriall-union\",\"isPartOf\":{\"@id\":\"https:\/\/admin.industriall-union.org\/#website\"},\"datePublished\":\"2024-04-04T13:08:37+00:00\",\"dateModified\":\"2025-01-27T17:02:31+00:00\",\"description\":\"Plus de 200 d\u00e9l\u00e9gu\u00e9s du Forum des syndicats du secteur priv\u00e9, du Congr\u00e8s du Travail du Nigeria, de l&rsquo;Association des employeurs du textile, de\",\"breadcrumb\":{\"@id\":\"https:\/\/admin.industriall-union.org\/fr\/la-conference-du-syndicat-nigerian-du-textile-se-concentre-sur-la-relance-du-secteur\/#breadcrumb\"},\"inLanguage\":\"fr-FR\",\"potentialAction\":[{\"@type\":\"ReadAction\",\"target\":[\"https:\/\/admin.industriall-union.org\/fr\/la-conference-du-syndicat-nigerian-du-textile-se-concentre-sur-la-relance-du-secteur\/\"]}]},{\"@type\":\"BreadcrumbList\",\"@id\":\"https:\/\/admin.industriall-union.org\/fr\/la-conference-du-syndicat-nigerian-du-textile-se-concentre-sur-la-relance-du-secteur\/#breadcrumb\",\"itemListElement\":[{\"@type\":\"ListItem\",\"position\":1,\"name\":\"Home\",\"item\":\"https:\/\/admin.industriall-union.org\/\"},{\"@type\":\"ListItem\",\"position\":2,\"name\":\"Articles\",\"item\":\"https:\/\/admin.industriall-union.org\/article\/\"},{\"@type\":\"ListItem\",\"position\":3,\"name\":\"La conf\u00e9rence du syndicat nig\u00e9rian du textile se concentre sur la relance du secteur\"}]},{\"@type\":\"WebSite\",\"@id\":\"https:\/\/admin.industriall-union.org\/#website\",\"url\":\"https:\/\/admin.industriall-union.org\/\",\"name\":\"industriall-union\",\"description\":\"\",\"potentialAction\":[{\"@type\":\"SearchAction\",\"target\":{\"@type\":\"EntryPoint\",\"urlTemplate\":\"https:\/\/admin.industriall-union.org\/?s={search_term_string}\"},\"query-input\":{\"@type\":\"PropertyValueSpecification\",\"valueRequired\":true,\"valueName\":\"search_term_string\"}}],\"inLanguage\":\"fr-FR\"}]}<\/script>\n<!-- \/ Yoast SEO Premium plugin. -->","yoast_head_json":{"title":"La conf\u00e9rence du syndicat nig\u00e9rian du textile se concentre sur la relance du secteur - industriall-union","description":"Plus de 200 d\u00e9l\u00e9gu\u00e9s du Forum des syndicats du secteur priv\u00e9, du Congr\u00e8s du Travail du Nigeria, de l&rsquo;Association des employeurs du textile, de","robots":{"index":"index","follow":"follow","max-snippet":"max-snippet:-1","max-image-preview":"max-image-preview:large","max-video-preview":"max-video-preview:-1"},"canonical":"https:\/\/admin.industriall-union.org\/fr\/la-conference-du-syndicat-nigerian-du-textile-se-concentre-sur-la-relance-du-secteur\/","og_locale":"fr_FR","og_type":"article","og_title":"La conf\u00e9rence du syndicat nig\u00e9rian du textile se concentre sur la relance du secteur","og_description":"Plus de 200 d\u00e9l\u00e9gu\u00e9s du Forum des syndicats du secteur priv\u00e9, du Congr\u00e8s du Travail du Nigeria, de l&rsquo;Association des employeurs du textile, de","og_url":"https:\/\/admin.industriall-union.org\/fr\/la-conference-du-syndicat-nigerian-du-textile-se-concentre-sur-la-relance-du-secteur\/","og_site_name":"industriall-union","article_modified_time":"2025-01-27T17:02:31+00:00","twitter_card":"summary_large_image","twitter_misc":{"Est. reading time":"3 minutes"},"schema":{"@context":"https:\/\/schema.org","@graph":[{"@type":"WebPage","@id":"https:\/\/admin.industriall-union.org\/fr\/la-conference-du-syndicat-nigerian-du-textile-se-concentre-sur-la-relance-du-secteur\/","url":"https:\/\/admin.industriall-union.org\/fr\/la-conference-du-syndicat-nigerian-du-textile-se-concentre-sur-la-relance-du-secteur\/","name":"La conf\u00e9rence du syndicat nig\u00e9rian du textile se concentre sur la relance du secteur - industriall-union","isPartOf":{"@id":"https:\/\/admin.industriall-union.org\/#website"},"datePublished":"2024-04-04T13:08:37+00:00","dateModified":"2025-01-27T17:02:31+00:00","description":"Plus de 200 d\u00e9l\u00e9gu\u00e9s du Forum des syndicats du secteur priv\u00e9, du Congr\u00e8s du Travail du Nigeria, de l&rsquo;Association des employeurs du textile, de","breadcrumb":{"@id":"https:\/\/admin.industriall-union.org\/fr\/la-conference-du-syndicat-nigerian-du-textile-se-concentre-sur-la-relance-du-secteur\/#breadcrumb"},"inLanguage":"fr-FR","potentialAction":[{"@type":"ReadAction","target":["https:\/\/admin.industriall-union.org\/fr\/la-conference-du-syndicat-nigerian-du-textile-se-concentre-sur-la-relance-du-secteur\/"]}]},{"@type":"BreadcrumbList","@id":"https:\/\/admin.industriall-union.org\/fr\/la-conference-du-syndicat-nigerian-du-textile-se-concentre-sur-la-relance-du-secteur\/#breadcrumb","itemListElement":[{"@type":"ListItem","position":1,"name":"Home","item":"https:\/\/admin.industriall-union.org\/"},{"@type":"ListItem","position":2,"name":"Articles","item":"https:\/\/admin.industriall-union.org\/article\/"},{"@type":"ListItem","position":3,"name":"La conf\u00e9rence du syndicat nig\u00e9rian du textile se concentre sur la relance du secteur"}]},{"@type":"WebSite","@id":"https:\/\/admin.industriall-union.org\/#website","url":"https:\/\/admin.industriall-union.org\/","name":"industriall-union","description":"","potentialAction":[{"@type":"SearchAction","target":{"@type":"EntryPoint","urlTemplate":"https:\/\/admin.industriall-union.org\/?s={search_term_string}"},"query-input":{"@type":"PropertyValueSpecification","valueRequired":true,"valueName":"search_term_string"}}],"inLanguage":"fr-FR"}]}},"_links":{"self":[{"href":"https:\/\/admin.industriall-union.org\/fr\/wp-json\/wp\/v2\/article\/142733","targetHints":{"allow":["GET"]}}],"collection":[{"href":"https:\/\/admin.industriall-union.org\/fr\/wp-json\/wp\/v2\/article"}],"about":[{"href":"https:\/\/admin.industriall-union.org\/fr\/wp-json\/wp\/v2\/types\/article"}],"wp:attachment":[{"href":"https:\/\/admin.industriall-union.org\/fr\/wp-json\/wp\/v2\/media?parent=142733"}],"wp:term":[{"taxonomy":"issues","embeddable":true,"href":"https:\/\/admin.industriall-union.org\/fr\/wp-json\/wp\/v2\/issues?post=142733"},{"taxonomy":"companies","embeddable":true,"href":"https:\/\/admin.industriall-union.org\/fr\/wp-json\/wp\/v2\/companies?post=142733"},{"taxonomy":"regions","embeddable":true,"href":"https:\/\/admin.industriall-union.org\/fr\/wp-json\/wp\/v2\/regions?post=142733"},{"taxonomy":"sectors","embeddable":true,"href":"https:\/\/admin.industriall-union.org\/fr\/wp-json\/wp\/v2\/sectors?post=142733"},{"taxonomy":"article_tags","embeddable":true,"href":"https:\/\/admin.industriall-union.org\/fr\/wp-json\/wp\/v2\/article_tags?post=142733"}],"curies":[{"name":"wp","href":"https:\/\/api.w.org\/{rel}","templated":true}]}}