{"id":142730,"date":"2024-04-08T16:21:39","date_gmt":"2024-04-08T16:21:39","guid":{"rendered":"https:\/\/admin.industriall-union.org\/le-19-avril-journee-d-039-action-en-solidarite-aves-les-syndicalistes-bielorusses\/"},"modified":"2025-01-27T17:02:05","modified_gmt":"2025-01-27T17:02:05","slug":"le-19-avril-journee-d-039-action-en-solidarite-aves-les-syndicalistes-bielorusses","status":"publish","type":"article","link":"https:\/\/admin.industriall-union.org\/fr\/le-19-avril-journee-d-039-action-en-solidarite-aves-les-syndicalistes-bielorusses\/","title":{"rendered":"Le 19 avril, journ\u00e9e d&#039;action en solidarit\u00e9 aves les syndicalistes bi\u00e9lorusses"},"content":{"rendered":"<p>Le 18 juillet 2022, la Cour supr\u00eame a d\u00e9cid\u00e9 de <a href=\"https:\/\/www.industriall-union.org\/belarusian-trade-unions-remain-liquidated-one-year-later\">liquider et dissoudre<\/a> le Congr\u00e8s bi\u00e9lorusse des syndicats d\u00e9mocratiques (BKDP) et ses quatre membres, dont trois sont affili\u00e9s \u00e0 IndustriALL : le Syndicat ind\u00e9pendant bi\u00e9lorusse (BITU ou BNP), le Syndicat des travailleurs de la radio et de l&#039;\u00e9lectronique (REP), le Syndicat libre de Bi\u00e9lorussie (SPB) et le Syndicat libre des travailleurs de la m\u00e9tallurgie (SPM).&nbsp;<\/p><p>La condamnation de dirigeants syndicaux pour avoir exerc\u00e9 leur droit l\u00e9gitime \u00e0 la libert\u00e9 syndicale constitue une violation des principes de la libert\u00e9 d&#039;association. Les droits syndicaux perdent tout leur sens faute d&#039;un respect total des libert\u00e9s civiles inscrites dans la D\u00e9claration universelle des droits de l&#039;homme et dans le Pacte international relatif aux droits civils et politiques, notamment en ce qui concerne le droit \u00e0 la libert\u00e9 et \u00e0 la s\u00e9curit\u00e9 de l&#039;individu, le droit de ne pas \u00eatre arr\u00eat\u00e9 ou d\u00e9tenu arbitrairement, la libert\u00e9 d&#039;opinion et d&#039;expression, la libert\u00e9 de r\u00e9union, le droit \u00e0 un proc\u00e8s \u00e9quitable et le droit \u00e0 la protection de la propri\u00e9t\u00e9 syndicale.<\/p><p>Le secr\u00e9taire g\u00e9n\u00e9ral d&#039;IndustriALL, Atle H\u00f8ie, a d\u00e9clar\u00e9 :<\/p><blockquote><p>&quot;Nous exigeons des autorit\u00e9s bi\u00e9lorusses qu&#039;elles lib\u00e8rent imm\u00e9diatement et sans condition les syndicalistes arr\u00eat\u00e9s, tous les d\u00e9fenseurs des droits de l&#039;homme et les prisonniers politiques, et qu&#039;elles cessent de r\u00e9primer les syndicats ind\u00e9pendants et les personnes qui r\u00e9clament le respect de leurs droits fondamentaux, y compris en abandonnant toutes les charges li\u00e9es \u00e0 la participation \u00e0 des manifestations pacifiques et \u00e0 des actions industrielles.&quot;<\/p><\/blockquote><p>IndustriALL continuera \u00e0 soutenir publiquement le mouvement pour des syndicats ind\u00e9pendants et la d\u00e9mocratie en Bi\u00e9lorussie et utilisera sa voix mondiale pour condamner la lourde oppression \u00e0 laquelle ils sont confront\u00e9s.&nbsp;<\/p><p>Rejoignez la campagne en entreprenant certaines des actions suivantes :<\/p><ul><li>Envoyer des <a href=\"https:\/\/www.industriall-union.org\/day-of-action-on-19-april-in-solidarity-with-belarusian-unionists\">lettres<\/a> \u00e0 la R\u00e9publique de Bi\u00e9lorussie et mener des actions dans les ambassades pour demander l&#039;acc\u00e8s aux dirigeants syndicaux et leur lib\u00e9ration, y compris <a href=\"https:\/\/www.industriall-union.org\/belarus-must-release-imprisoned-union-leaders-and-activists\">Aliaksandr Yarashuk<\/a>, pr\u00e9sident du BKDP, vice-pr\u00e9sident de la CSI et membre du Conseil d&#039;administration de l&#039;OIT.<\/li><\/ul><ul><li>Enregistrer un message de solidarit\u00e9 avec la participation de dirigeants d&#039;organisations affirmant que le syndicalisme n&#039;est pas de l&#039;extr\u00e9misme, appelant \u00e0 la libert\u00e9 d&#039;association et \u00e0 la d\u00e9mocratie et \u00e0 la lib\u00e9ration des syndicalistes emprisonn\u00e9s en Bi\u00e9lorussie.&nbsp; Veuillez partager votre message \u00e0 travers vos canaux de communication et taguer IndustriALL afin que nous puissions le partager \u00e0 nouveau.<\/li><\/ul><ul><li>Envoyer des lettres \u00e0 vos gouvernements nationaux pour demander la mise en \u0153uvre de&nbsp;<a href=\"https:\/\/www.ilo.org\/wcmsp5\/groups\/public\/---ed_norm\/---relconf\/documents\/meetingdocument\/wcms_886022.pdf\" target=\"_blank\">la r\u00e9solution de l&#039;OIT adopt\u00e9e par la Conf\u00e9rence internationale du travail en juin 2023<\/a>, en tenant compte des domaines culturels, \u00e9conomiques, commerciaux, scientifiques et autres de la coop\u00e9ration internationale avec la Bi\u00e9lorussie, en demandant des informations sur les actions d\u00e9j\u00e0 entreprises \u00e0 cet \u00e9gard, y compris les questions concernant le non-refoulement et les engagements avec d&#039;autres organismes internationaux et de l&#039;ONU, et en exigeant des efforts diplomatiques pour obtenir l&#039;acc\u00e8s aux syndicalistes emprisonn\u00e9s et leur lib\u00e9ration.<\/li><\/ul><ul><li>Organiser des r\u00e9unions sur le devoir de diligence en mati\u00e8re de droits de l&#039;homme avec les employeurs et les gouvernements sur la Bi\u00e9lorussie et analyser les cha\u00eenes d&#039;approvisionnement et les services financiers et autres services commerciaux dans lesquels les entreprises bi\u00e9lorusses sont impliqu\u00e9es et prendre des mesures pour exercer un effet de levier afin de rem\u00e9dier aux violations.<\/li><\/ul><ul><li>Demander aux repr\u00e9sentants nationaux &#8211; partenaires tripartites, mais aussi repr\u00e9sentants des \u00c9tats dans diff\u00e9rentes agences des Nations unies &#8211; de participer \u00e0 la r\u00e9union th\u00e9matique de haut niveau sur la Bi\u00e9lorussie qui se tiendra avant la Conf\u00e9rence internationale du travail (CIT), comme l&#039;a d\u00e9cid\u00e9 le conseil d&#039;administration de l&#039;OIT, en exhortant la Bi\u00e9lorussie \u00e0 respecter les recommandations des organes de contr\u00f4le de l&#039;OIT et \u00e0 veiller \u00e0 ce que les syndicats soient d\u00e9tenus et contr\u00f4l\u00e9s par les travailleurs eux-m\u00eames, et non par le gouvernement.<\/li><\/ul><p>Rejoignez la <a href=\"https:\/\/www.ituc-csi.org\/IMG\/pdf\/circular_e_2024-11_-_day_of_action_belarus.pdf\">r\u00e9union en ligne organis\u00e9e par la CSI et la CES<\/a>, le 19 avril de 9h30 \u00e0 11h00 CEST, dans le cadre de la Journ\u00e9e d&#039;action pour les droits syndicaux et la d\u00e9mocratie en Bi\u00e9lorussie. Elle se d\u00e9roulera en anglais et en russe et vous pouvez vous <a href=\"https:\/\/ituc-csi-org.zoom.us\/meeting\/register\/tZMvd-CurDotE9FW6vLlw5UWpE0nOnDdRF6D?_x_zm_rtaid=A19LlAY_QkGobgh9M3zKQg.1712592752339.d3c4f45e070c726999a8f00387dcd32c&amp;_x_zm_rhtaid=933#\/registration\">inscrire ici<\/a>.&nbsp;<\/p>","protected":false},"featured_media":0,"template":"","issues":[364,424],"companies":[],"regions":[207],"sectors":[],"article_tags":[],"class_list":["post-142730","article","type-article","status-publish","hentry","issues-gobal-solidarity","issues-violation","regions-belarus"],"acf":[],"yoast_head":"<!-- This site is optimized with the Yoast SEO Premium plugin v27.1 (Yoast SEO v27.1) - https:\/\/yoast.com\/product\/yoast-seo-premium-wordpress\/ -->\n<title>Le 19 avril, journ\u00e9e d&#039;action en solidarit\u00e9 aves les syndicalistes bi\u00e9lorusses - industriall-union<\/title>\n<meta name=\"description\" content=\"Le 18 juillet 2022, la Cour supr\u00eame a d\u00e9cid\u00e9 de liquider et dissoudre le Congr\u00e8s bi\u00e9lorusse des syndicats d\u00e9mocratiques (BKDP) et ses quatre membres, dont\" \/>\n<meta name=\"robots\" content=\"index, follow, max-snippet:-1, max-image-preview:large, max-video-preview:-1\" \/>\n<link rel=\"canonical\" href=\"https:\/\/admin.industriall-union.org\/fr\/le-19-avril-journee-d-039-action-en-solidarite-aves-les-syndicalistes-bielorusses\/\" \/>\n<meta property=\"og:locale\" content=\"fr_FR\" \/>\n<meta property=\"og:type\" content=\"article\" \/>\n<meta property=\"og:title\" content=\"Le 19 avril, journ\u00e9e d&#039;action en solidarit\u00e9 aves les syndicalistes bi\u00e9lorusses\" \/>\n<meta property=\"og:description\" content=\"Le 18 juillet 2022, la Cour supr\u00eame a d\u00e9cid\u00e9 de liquider et dissoudre le Congr\u00e8s bi\u00e9lorusse des syndicats d\u00e9mocratiques (BKDP) et ses quatre membres, dont\" \/>\n<meta property=\"og:url\" content=\"https:\/\/admin.industriall-union.org\/fr\/le-19-avril-journee-d-039-action-en-solidarite-aves-les-syndicalistes-bielorusses\/\" \/>\n<meta property=\"og:site_name\" content=\"industriall-union\" \/>\n<meta property=\"article:modified_time\" content=\"2025-01-27T17:02:05+00:00\" \/>\n<meta name=\"twitter:card\" content=\"summary_large_image\" \/>\n<meta name=\"twitter:label1\" content=\"Est. reading time\" \/>\n\t<meta name=\"twitter:data1\" content=\"4 minutes\" \/>\n<script type=\"application\/ld+json\" class=\"yoast-schema-graph\">{\"@context\":\"https:\/\/schema.org\",\"@graph\":[{\"@type\":\"WebPage\",\"@id\":\"https:\/\/admin.industriall-union.org\/fr\/le-19-avril-journee-d-039-action-en-solidarite-aves-les-syndicalistes-bielorusses\/\",\"url\":\"https:\/\/admin.industriall-union.org\/fr\/le-19-avril-journee-d-039-action-en-solidarite-aves-les-syndicalistes-bielorusses\/\",\"name\":\"Le 19 avril, journ\u00e9e d&#039;action en solidarit\u00e9 aves les syndicalistes bi\u00e9lorusses - industriall-union\",\"isPartOf\":{\"@id\":\"https:\/\/admin.industriall-union.org\/#website\"},\"datePublished\":\"2024-04-08T16:21:39+00:00\",\"dateModified\":\"2025-01-27T17:02:05+00:00\",\"description\":\"Le 18 juillet 2022, la Cour supr\u00eame a d\u00e9cid\u00e9 de liquider et dissoudre le Congr\u00e8s bi\u00e9lorusse des syndicats d\u00e9mocratiques (BKDP) et ses quatre membres, dont\",\"breadcrumb\":{\"@id\":\"https:\/\/admin.industriall-union.org\/fr\/le-19-avril-journee-d-039-action-en-solidarite-aves-les-syndicalistes-bielorusses\/#breadcrumb\"},\"inLanguage\":\"fr-FR\",\"potentialAction\":[{\"@type\":\"ReadAction\",\"target\":[\"https:\/\/admin.industriall-union.org\/fr\/le-19-avril-journee-d-039-action-en-solidarite-aves-les-syndicalistes-bielorusses\/\"]}]},{\"@type\":\"BreadcrumbList\",\"@id\":\"https:\/\/admin.industriall-union.org\/fr\/le-19-avril-journee-d-039-action-en-solidarite-aves-les-syndicalistes-bielorusses\/#breadcrumb\",\"itemListElement\":[{\"@type\":\"ListItem\",\"position\":1,\"name\":\"Home\",\"item\":\"https:\/\/admin.industriall-union.org\/\"},{\"@type\":\"ListItem\",\"position\":2,\"name\":\"Articles\",\"item\":\"https:\/\/admin.industriall-union.org\/article\/\"},{\"@type\":\"ListItem\",\"position\":3,\"name\":\"Le 19 avril, journ\u00e9e d&#039;action en solidarit\u00e9 aves les syndicalistes bi\u00e9lorusses\"}]},{\"@type\":\"WebSite\",\"@id\":\"https:\/\/admin.industriall-union.org\/#website\",\"url\":\"https:\/\/admin.industriall-union.org\/\",\"name\":\"industriall-union\",\"description\":\"\",\"potentialAction\":[{\"@type\":\"SearchAction\",\"target\":{\"@type\":\"EntryPoint\",\"urlTemplate\":\"https:\/\/admin.industriall-union.org\/?s={search_term_string}\"},\"query-input\":{\"@type\":\"PropertyValueSpecification\",\"valueRequired\":true,\"valueName\":\"search_term_string\"}}],\"inLanguage\":\"fr-FR\"}]}<\/script>\n<!-- \/ Yoast SEO Premium plugin. -->","yoast_head_json":{"title":"Le 19 avril, journ\u00e9e d&#039;action en solidarit\u00e9 aves les syndicalistes bi\u00e9lorusses - industriall-union","description":"Le 18 juillet 2022, la Cour supr\u00eame a d\u00e9cid\u00e9 de liquider et dissoudre le Congr\u00e8s bi\u00e9lorusse des syndicats d\u00e9mocratiques (BKDP) et ses quatre membres, dont","robots":{"index":"index","follow":"follow","max-snippet":"max-snippet:-1","max-image-preview":"max-image-preview:large","max-video-preview":"max-video-preview:-1"},"canonical":"https:\/\/admin.industriall-union.org\/fr\/le-19-avril-journee-d-039-action-en-solidarite-aves-les-syndicalistes-bielorusses\/","og_locale":"fr_FR","og_type":"article","og_title":"Le 19 avril, journ\u00e9e d&#039;action en solidarit\u00e9 aves les syndicalistes bi\u00e9lorusses","og_description":"Le 18 juillet 2022, la Cour supr\u00eame a d\u00e9cid\u00e9 de liquider et dissoudre le Congr\u00e8s bi\u00e9lorusse des syndicats d\u00e9mocratiques (BKDP) et ses quatre membres, dont","og_url":"https:\/\/admin.industriall-union.org\/fr\/le-19-avril-journee-d-039-action-en-solidarite-aves-les-syndicalistes-bielorusses\/","og_site_name":"industriall-union","article_modified_time":"2025-01-27T17:02:05+00:00","twitter_card":"summary_large_image","twitter_misc":{"Est. reading time":"4 minutes"},"schema":{"@context":"https:\/\/schema.org","@graph":[{"@type":"WebPage","@id":"https:\/\/admin.industriall-union.org\/fr\/le-19-avril-journee-d-039-action-en-solidarite-aves-les-syndicalistes-bielorusses\/","url":"https:\/\/admin.industriall-union.org\/fr\/le-19-avril-journee-d-039-action-en-solidarite-aves-les-syndicalistes-bielorusses\/","name":"Le 19 avril, journ\u00e9e d&#039;action en solidarit\u00e9 aves les syndicalistes bi\u00e9lorusses - industriall-union","isPartOf":{"@id":"https:\/\/admin.industriall-union.org\/#website"},"datePublished":"2024-04-08T16:21:39+00:00","dateModified":"2025-01-27T17:02:05+00:00","description":"Le 18 juillet 2022, la Cour supr\u00eame a d\u00e9cid\u00e9 de liquider et dissoudre le Congr\u00e8s bi\u00e9lorusse des syndicats d\u00e9mocratiques (BKDP) et ses quatre membres, dont","breadcrumb":{"@id":"https:\/\/admin.industriall-union.org\/fr\/le-19-avril-journee-d-039-action-en-solidarite-aves-les-syndicalistes-bielorusses\/#breadcrumb"},"inLanguage":"fr-FR","potentialAction":[{"@type":"ReadAction","target":["https:\/\/admin.industriall-union.org\/fr\/le-19-avril-journee-d-039-action-en-solidarite-aves-les-syndicalistes-bielorusses\/"]}]},{"@type":"BreadcrumbList","@id":"https:\/\/admin.industriall-union.org\/fr\/le-19-avril-journee-d-039-action-en-solidarite-aves-les-syndicalistes-bielorusses\/#breadcrumb","itemListElement":[{"@type":"ListItem","position":1,"name":"Home","item":"https:\/\/admin.industriall-union.org\/"},{"@type":"ListItem","position":2,"name":"Articles","item":"https:\/\/admin.industriall-union.org\/article\/"},{"@type":"ListItem","position":3,"name":"Le 19 avril, journ\u00e9e d&#039;action en solidarit\u00e9 aves les syndicalistes bi\u00e9lorusses"}]},{"@type":"WebSite","@id":"https:\/\/admin.industriall-union.org\/#website","url":"https:\/\/admin.industriall-union.org\/","name":"industriall-union","description":"","potentialAction":[{"@type":"SearchAction","target":{"@type":"EntryPoint","urlTemplate":"https:\/\/admin.industriall-union.org\/?s={search_term_string}"},"query-input":{"@type":"PropertyValueSpecification","valueRequired":true,"valueName":"search_term_string"}}],"inLanguage":"fr-FR"}]}},"_links":{"self":[{"href":"https:\/\/admin.industriall-union.org\/fr\/wp-json\/wp\/v2\/article\/142730","targetHints":{"allow":["GET"]}}],"collection":[{"href":"https:\/\/admin.industriall-union.org\/fr\/wp-json\/wp\/v2\/article"}],"about":[{"href":"https:\/\/admin.industriall-union.org\/fr\/wp-json\/wp\/v2\/types\/article"}],"wp:attachment":[{"href":"https:\/\/admin.industriall-union.org\/fr\/wp-json\/wp\/v2\/media?parent=142730"}],"wp:term":[{"taxonomy":"issues","embeddable":true,"href":"https:\/\/admin.industriall-union.org\/fr\/wp-json\/wp\/v2\/issues?post=142730"},{"taxonomy":"companies","embeddable":true,"href":"https:\/\/admin.industriall-union.org\/fr\/wp-json\/wp\/v2\/companies?post=142730"},{"taxonomy":"regions","embeddable":true,"href":"https:\/\/admin.industriall-union.org\/fr\/wp-json\/wp\/v2\/regions?post=142730"},{"taxonomy":"sectors","embeddable":true,"href":"https:\/\/admin.industriall-union.org\/fr\/wp-json\/wp\/v2\/sectors?post=142730"},{"taxonomy":"article_tags","embeddable":true,"href":"https:\/\/admin.industriall-union.org\/fr\/wp-json\/wp\/v2\/article_tags?post=142730"}],"curies":[{"name":"wp","href":"https:\/\/api.w.org\/{rel}","templated":true}]}}