{"id":466625,"date":"2025-08-13T13:34:17","date_gmt":"2025-08-13T13:34:17","guid":{"rendered":"https:\/\/admin.industriall-union.org\/los-jovenes-de-africa-subsahariana-exigen-tener-voz-en-la-configuracion-del-futuro-del-trabajo\/"},"modified":"2025-08-13T13:34:17","modified_gmt":"2025-08-13T13:34:17","slug":"los-jovenes-de-africa-subsahariana-exigen-tener-voz-en-la-configuracion-del-futuro-del-trabajo","status":"publish","type":"article","link":"https:\/\/admin.industriall-union.org\/es\/los-jovenes-de-africa-subsahariana-exigen-tener-voz-en-la-configuracion-del-futuro-del-trabajo\/","title":{"rendered":"Los j\u00f3venes de \u00c1frica Subsahariana exigen tener voz en la configuraci\u00f3n del futuro del trabajo"},"content":{"rendered":"<p>El Comit\u00e9 de la Juventud de \u00c1frica Subsahariana, la primera estructura regional de j\u00f3venes creada en el seno de IndustriALL, re\u00fane a doce representantes de toda la regi\u00f3n.&nbsp;&nbsp;<\/p><blockquote><p>&ldquo;Desde su creaci\u00f3n, ha sido un motor en el trabajo con los j\u00f3venes, garantizando que sus voces sean escuchadas en las estrategias sindicales y los debates mundiales&rdquo;,<\/p><\/blockquote><p>expres\u00f3 Sarah Flores, encargada de la juventud de IndustriALL.<\/p><p>El D\u00eda Internacional de la Juventud de este a\u00f1o coincidi\u00f3 con los preparativos de la reuni\u00f3n regional del comit\u00e9, que se celebrar\u00e1 en Ghana el 1 de septiembre, bajo el lema &ldquo;Adoptar la tecnolog\u00eda y la innovaci\u00f3n en el trabajo&rdquo;. Esta tem\u00e1tica refleja los a\u00f1os de compromiso de los j\u00f3venes sindicalistas con el impacto de las nuevas tecnolog\u00edas, desde la Industria 4.0 y el trabajo en plataformas hasta la inteligencia artificial y el futuro del trabajo.<\/p><p>Desde la pandemia, IndustriALL ha facilitado debates en la mayor\u00eda de las regiones sobre las oportunidades y los retos que plantea el cambio tecnol\u00f3gico. Las y los trabajadores j\u00f3venes han exigido constantemente un lugar en la mesa, conscientes de que estos cambios determinar\u00e1n su vida laboral durante las pr\u00f3ximas d\u00e9cadas.&nbsp;<\/p><p>Un resultado concreto de esta demanda es la inclusi\u00f3n de dos representantes juveniles en el grupo de trabajo de expertos de IndustriALL sobre la Industria 4.0, entre ellos Dorca Norupiri, del sindicato zimbabuense del sector minero ZDAMWU, afiliado a IndustriALL, que representa a la regi\u00f3n de \u00c1frica Subsahariana.&nbsp;<\/p><p>La <a href=\"\/wp-content\/uploads\/documents\/ssar_youth_commitee_draft_iyd_statenent.pdf\">declaraci\u00f3n&nbsp;<\/a>del comit\u00e9 con motivo del D\u00eda Internacional de la Juventud destaca los problemas urgentes a los que se enfrentan los trabajadores y trabajadoras j\u00f3venes en \u00c1frica Subsahariana:<\/p><ul><li>El elevado desempleo juvenil, con muchos j\u00f3venes atrapados en trabajos informales e inseguros, sin derechos ni protecci\u00f3n social.<\/li><li>La falta de trabajo decente, con un acceso limitado a salarios justos, seguridad en el empleo y condiciones seguras.<\/li><li>La p\u00e9rdida de puestos de trabajo por causas clim\u00e1ticas en sectores como la agricultura, la miner\u00eda y la energ\u00eda.<\/li><li>La exclusi\u00f3n de los procesos de toma de decisiones en los sindicatos y las instituciones laborales.<\/li><li>Las brechas de g\u00e9nero que dificultan la participaci\u00f3n equitativa en los puestos de liderazgo.<\/li><\/ul><blockquote><p>&ldquo;A pesar de estos desaf\u00edos, los j\u00f3venes sindicalistas de la regi\u00f3n se est\u00e1n organizando, innovando e impulsando el cambio. Est\u00e1n abogando por lugares de trabajo m\u00e1s seguros, acceso digital, justicia en materia de g\u00e9nero, pol\u00edticas que respondan al cambio clim\u00e1tico y un liderazgo inclusivo. A trav\u00e9s de campa\u00f1as para promover las competencias digitales y la participaci\u00f3n activa en la toma de decisiones sindicales, est\u00e1n redefiniendo lo que significa ser trabajador en el siglo XXI&rdquo;,&nbsp;<\/p><\/blockquote><p>afirm\u00f3 Paule Ndessomin, secretaria regional de IndustriALL para \u00c1frica Subsahariana.<\/p><p>Mientras el Comit\u00e9 de la Juventud de \u00c1frica Subsahariana se prepara para reunirse en Ghana, su mensaje es claro: invertir en los j\u00f3venes es esencial para construir sindicatos fuertes y sostenibles, capaces de defender los derechos de los trabajadores, hacer frente al capital global e impulsar pol\u00edticas industriales sostenibles.<\/p>","protected":false},"featured_media":0,"template":"","issues":[366],"companies":[],"regions":[],"sectors":[],"article_tags":[],"class_list":["post-466625","article","type-article","status-publish","hentry","issues-industria-40"],"acf":[],"yoast_head":"<!-- This site is optimized with the Yoast SEO Premium plugin v27.1 (Yoast SEO v27.1) - https:\/\/yoast.com\/product\/yoast-seo-premium-wordpress\/ -->\n<title>Los j\u00f3venes de \u00c1frica Subsahariana exigen tener voz en la configuraci\u00f3n del futuro del trabajo - industriall-union<\/title>\n<meta name=\"description\" content=\"El Comit\u00e9 de la Juventud de \u00c1frica Subsahariana, la primera estructura regional de j\u00f3venes creada en el seno de IndustriALL, re\u00fane a doce representantes\" \/>\n<meta name=\"robots\" content=\"index, follow, max-snippet:-1, max-image-preview:large, max-video-preview:-1\" \/>\n<link rel=\"canonical\" href=\"https:\/\/admin.industriall-union.org\/es\/los-jovenes-de-africa-subsahariana-exigen-tener-voz-en-la-configuracion-del-futuro-del-trabajo\/\" \/>\n<meta property=\"og:locale\" content=\"es_ES\" \/>\n<meta property=\"og:type\" content=\"article\" \/>\n<meta property=\"og:title\" content=\"Los j\u00f3venes de \u00c1frica Subsahariana exigen tener voz en la configuraci\u00f3n del futuro del trabajo\" \/>\n<meta property=\"og:description\" content=\"El Comit\u00e9 de la Juventud de \u00c1frica Subsahariana, la primera estructura regional de j\u00f3venes creada en el seno de IndustriALL, re\u00fane a doce representantes\" \/>\n<meta property=\"og:url\" content=\"https:\/\/admin.industriall-union.org\/es\/los-jovenes-de-africa-subsahariana-exigen-tener-voz-en-la-configuracion-del-futuro-del-trabajo\/\" \/>\n<meta property=\"og:site_name\" content=\"industriall-union\" \/>\n<meta name=\"twitter:card\" content=\"summary_large_image\" \/>\n<meta name=\"twitter:label1\" content=\"Est. reading time\" \/>\n\t<meta name=\"twitter:data1\" content=\"3 minutes\" \/>\n<script type=\"application\/ld+json\" class=\"yoast-schema-graph\">{\"@context\":\"https:\/\/schema.org\",\"@graph\":[{\"@type\":\"WebPage\",\"@id\":\"https:\/\/admin.industriall-union.org\/es\/los-jovenes-de-africa-subsahariana-exigen-tener-voz-en-la-configuracion-del-futuro-del-trabajo\/\",\"url\":\"https:\/\/admin.industriall-union.org\/es\/los-jovenes-de-africa-subsahariana-exigen-tener-voz-en-la-configuracion-del-futuro-del-trabajo\/\",\"name\":\"Los j\u00f3venes de \u00c1frica Subsahariana exigen tener voz en la configuraci\u00f3n del futuro del trabajo - industriall-union\",\"isPartOf\":{\"@id\":\"https:\/\/admin.industriall-union.org\/#website\"},\"datePublished\":\"2025-08-13T13:34:17+00:00\",\"description\":\"El Comit\u00e9 de la Juventud de \u00c1frica Subsahariana, la primera estructura regional de j\u00f3venes creada en el seno de IndustriALL, re\u00fane a doce representantes\",\"breadcrumb\":{\"@id\":\"https:\/\/admin.industriall-union.org\/es\/los-jovenes-de-africa-subsahariana-exigen-tener-voz-en-la-configuracion-del-futuro-del-trabajo\/#breadcrumb\"},\"inLanguage\":\"es-ES\",\"potentialAction\":[{\"@type\":\"ReadAction\",\"target\":[\"https:\/\/admin.industriall-union.org\/es\/los-jovenes-de-africa-subsahariana-exigen-tener-voz-en-la-configuracion-del-futuro-del-trabajo\/\"]}]},{\"@type\":\"BreadcrumbList\",\"@id\":\"https:\/\/admin.industriall-union.org\/es\/los-jovenes-de-africa-subsahariana-exigen-tener-voz-en-la-configuracion-del-futuro-del-trabajo\/#breadcrumb\",\"itemListElement\":[{\"@type\":\"ListItem\",\"position\":1,\"name\":\"Home\",\"item\":\"https:\/\/admin.industriall-union.org\/\"},{\"@type\":\"ListItem\",\"position\":2,\"name\":\"Articles\",\"item\":\"https:\/\/admin.industriall-union.org\/article\/\"},{\"@type\":\"ListItem\",\"position\":3,\"name\":\"Los j\u00f3venes de \u00c1frica Subsahariana exigen tener voz en la configuraci\u00f3n del futuro del trabajo\"}]},{\"@type\":\"WebSite\",\"@id\":\"https:\/\/admin.industriall-union.org\/#website\",\"url\":\"https:\/\/admin.industriall-union.org\/\",\"name\":\"industriall-union\",\"description\":\"\",\"potentialAction\":[{\"@type\":\"SearchAction\",\"target\":{\"@type\":\"EntryPoint\",\"urlTemplate\":\"https:\/\/admin.industriall-union.org\/?s={search_term_string}\"},\"query-input\":{\"@type\":\"PropertyValueSpecification\",\"valueRequired\":true,\"valueName\":\"search_term_string\"}}],\"inLanguage\":\"es-ES\"}]}<\/script>\n<!-- \/ Yoast SEO Premium plugin. -->","yoast_head_json":{"title":"Los j\u00f3venes de \u00c1frica Subsahariana exigen tener voz en la configuraci\u00f3n del futuro del trabajo - industriall-union","description":"El Comit\u00e9 de la Juventud de \u00c1frica Subsahariana, la primera estructura regional de j\u00f3venes creada en el seno de IndustriALL, re\u00fane a doce representantes","robots":{"index":"index","follow":"follow","max-snippet":"max-snippet:-1","max-image-preview":"max-image-preview:large","max-video-preview":"max-video-preview:-1"},"canonical":"https:\/\/admin.industriall-union.org\/es\/los-jovenes-de-africa-subsahariana-exigen-tener-voz-en-la-configuracion-del-futuro-del-trabajo\/","og_locale":"es_ES","og_type":"article","og_title":"Los j\u00f3venes de \u00c1frica Subsahariana exigen tener voz en la configuraci\u00f3n del futuro del trabajo","og_description":"El Comit\u00e9 de la Juventud de \u00c1frica Subsahariana, la primera estructura regional de j\u00f3venes creada en el seno de IndustriALL, re\u00fane a doce representantes","og_url":"https:\/\/admin.industriall-union.org\/es\/los-jovenes-de-africa-subsahariana-exigen-tener-voz-en-la-configuracion-del-futuro-del-trabajo\/","og_site_name":"industriall-union","twitter_card":"summary_large_image","twitter_misc":{"Est. reading time":"3 minutes"},"schema":{"@context":"https:\/\/schema.org","@graph":[{"@type":"WebPage","@id":"https:\/\/admin.industriall-union.org\/es\/los-jovenes-de-africa-subsahariana-exigen-tener-voz-en-la-configuracion-del-futuro-del-trabajo\/","url":"https:\/\/admin.industriall-union.org\/es\/los-jovenes-de-africa-subsahariana-exigen-tener-voz-en-la-configuracion-del-futuro-del-trabajo\/","name":"Los j\u00f3venes de \u00c1frica Subsahariana exigen tener voz en la configuraci\u00f3n del futuro del trabajo - industriall-union","isPartOf":{"@id":"https:\/\/admin.industriall-union.org\/#website"},"datePublished":"2025-08-13T13:34:17+00:00","description":"El Comit\u00e9 de la Juventud de \u00c1frica Subsahariana, la primera estructura regional de j\u00f3venes creada en el seno de IndustriALL, re\u00fane a doce representantes","breadcrumb":{"@id":"https:\/\/admin.industriall-union.org\/es\/los-jovenes-de-africa-subsahariana-exigen-tener-voz-en-la-configuracion-del-futuro-del-trabajo\/#breadcrumb"},"inLanguage":"es-ES","potentialAction":[{"@type":"ReadAction","target":["https:\/\/admin.industriall-union.org\/es\/los-jovenes-de-africa-subsahariana-exigen-tener-voz-en-la-configuracion-del-futuro-del-trabajo\/"]}]},{"@type":"BreadcrumbList","@id":"https:\/\/admin.industriall-union.org\/es\/los-jovenes-de-africa-subsahariana-exigen-tener-voz-en-la-configuracion-del-futuro-del-trabajo\/#breadcrumb","itemListElement":[{"@type":"ListItem","position":1,"name":"Home","item":"https:\/\/admin.industriall-union.org\/"},{"@type":"ListItem","position":2,"name":"Articles","item":"https:\/\/admin.industriall-union.org\/article\/"},{"@type":"ListItem","position":3,"name":"Los j\u00f3venes de \u00c1frica Subsahariana exigen tener voz en la configuraci\u00f3n del futuro del trabajo"}]},{"@type":"WebSite","@id":"https:\/\/admin.industriall-union.org\/#website","url":"https:\/\/admin.industriall-union.org\/","name":"industriall-union","description":"","potentialAction":[{"@type":"SearchAction","target":{"@type":"EntryPoint","urlTemplate":"https:\/\/admin.industriall-union.org\/?s={search_term_string}"},"query-input":{"@type":"PropertyValueSpecification","valueRequired":true,"valueName":"search_term_string"}}],"inLanguage":"es-ES"}]}},"_links":{"self":[{"href":"https:\/\/admin.industriall-union.org\/es\/wp-json\/wp\/v2\/article\/466625","targetHints":{"allow":["GET"]}}],"collection":[{"href":"https:\/\/admin.industriall-union.org\/es\/wp-json\/wp\/v2\/article"}],"about":[{"href":"https:\/\/admin.industriall-union.org\/es\/wp-json\/wp\/v2\/types\/article"}],"wp:attachment":[{"href":"https:\/\/admin.industriall-union.org\/es\/wp-json\/wp\/v2\/media?parent=466625"}],"wp:term":[{"taxonomy":"issues","embeddable":true,"href":"https:\/\/admin.industriall-union.org\/es\/wp-json\/wp\/v2\/issues?post=466625"},{"taxonomy":"companies","embeddable":true,"href":"https:\/\/admin.industriall-union.org\/es\/wp-json\/wp\/v2\/companies?post=466625"},{"taxonomy":"regions","embeddable":true,"href":"https:\/\/admin.industriall-union.org\/es\/wp-json\/wp\/v2\/regions?post=466625"},{"taxonomy":"sectors","embeddable":true,"href":"https:\/\/admin.industriall-union.org\/es\/wp-json\/wp\/v2\/sectors?post=466625"},{"taxonomy":"article_tags","embeddable":true,"href":"https:\/\/admin.industriall-union.org\/es\/wp-json\/wp\/v2\/article_tags?post=466625"}],"curies":[{"name":"wp","href":"https:\/\/api.w.org\/{rel}","templated":true}]}}